{"id":18589,"date":"2023-11-25T21:19:26","date_gmt":"2023-11-25T21:19:26","guid":{"rendered":"https:\/\/viapais.com.ar\/entretenimiento\/el-dificil-momento-que-vivio-violeta-urtizberea-en-la-calle-volvi-a-nacer\/"},"modified":"2023-11-25T21:19:26","modified_gmt":"2023-11-25T21:19:26","slug":"el-dificil-momento-que-vivio-violeta-urtizberea-en-la-calle-volvi-a-nacer","status":"publish","type":"post","link":"https:\/\/latecordoba.com\/index.php\/2023\/11\/25\/el-dificil-momento-que-vivio-violeta-urtizberea-en-la-calle-volvi-a-nacer\/","title":{"rendered":"El dif\u00edcil momento que vivi\u00f3 Violeta Urtizberea en la calle: \u201cVolv\u00ed a nacer\u201d"},"content":{"rendered":"<br \/>\n<section readability=\"41.956834532374\">\n<p><a href=\"https:\/\/viapais.com.ar\/argentina\/236962-el-destape-hot-de-violeta-urtizberea\/\" target=\"_blank\" rel=\"noopener\">Violeta Urtizberea<\/a> fue protagonista de un momento muy desafortunado en la v\u00eda p\u00fablica que podr\u00eda haber terminado en tragedia. <i><b>La actriz se mostr\u00f3 muy conmovida y en shock por la situaci\u00f3n que le toc\u00f3 atravesar y decidi\u00f3 contarle en redes para alertar a sus seguidores.<\/b><\/i><\/p>\n<article class=\"article card \">\n<div class=\"article-inner \">\n<div class=\"article-image \"><a href=\"https:\/\/viapais.com.ar\/rumbos\/1408857-agustina-cherri-marcela-kloosterboer-y-violeta-urtizberea-juntaron-a-sus-bebes-en-una-tierna-foto\/\" title><\/p>\n<figure><picture><img alt=\"Agustina Cherri, Marcela Kloosterboer y Violeta Urtizberea juntaron a sus beb\u00e9s en una tierna foto\" class=\" block \" src=\"http:\/\/latecordoba.com\/wp-content\/uploads\/2023\/11\/el-dificil-momento-que-vivio-violeta-urtizberea-en-la-calle-volvi-a-nacer.jpg\" sizes=\"auto\" loading=\"lazy\" data-src=\"http:\/\/latecordoba.com\/wp-content\/uploads\/2023\/11\/el-dificil-momento-que-vivio-violeta-urtizberea-en-la-calle-volvi-a-nacer.jpg\" width=\"307px\" fetchpriority=\"low\" decoding=\"async\" height=\"173px\"><\/picture><\/figure>\n<p><\/a><\/div>\n<\/div>\n<\/article>\n<figure><picture><img alt=\"El dif\u00edcil momento que vivi\u00f3 Violeta Urtizberea en la calle: \u201cVolv\u00ed a nacer\u201d \" class=\" block \" src=\"http:\/\/latecordoba.com\/wp-content\/uploads\/2023\/11\/el-dificil-momento-que-vivio-violeta-urtizberea-en-la-calle-volvi-a-nacer-1.jpg\" sizes=\"auto\" loading=\"lazy\" data-src=\"http:\/\/latecordoba.com\/wp-content\/uploads\/2023\/11\/el-dificil-momento-que-vivio-violeta-urtizberea-en-la-calle-volvi-a-nacer-1.jpg\" width=\"1023px\" fetchpriority=\"low\" decoding=\"async\" height=\"1277px\"><\/picture><figcaption class>El dif\u00edcil momento que vivi\u00f3 Violeta Urtizberea en la calle: \u201cVolv\u00ed a nacer\u201d<br \/>\n<\/figcaption><\/figure>\n<p>La actriz relat\u00f3 en su Instagram, muy conmovida, lo sucedido:<i><b> \u201cHoy se cay\u00f3 un pedazo de mamposter\u00eda de un balc\u00f3n mientras iba caminando. Me parece que deber\u00edan saberlo. Volv\u00ed a nacer\u201d<\/b><\/i><\/p>\n<figure><picture><img alt=\"El dif\u00edcil momento que vivi\u00f3 Violeta Urtizberea en la calle: \u201cVolv\u00ed a nacer\u201d \" class=\" block \" src=\"http:\/\/latecordoba.com\/wp-content\/uploads\/2023\/11\/el-dificil-momento-que-vivio-violeta-urtizberea-en-la-calle-volvi-a-nacer-2.jpg\" sizes=\"auto\" loading=\"lazy\" data-src=\"http:\/\/latecordoba.com\/wp-content\/uploads\/2023\/11\/el-dificil-momento-que-vivio-violeta-urtizberea-en-la-calle-volvi-a-nacer-2.jpg\" width=\"1023px\" fetchpriority=\"low\" decoding=\"async\" height=\"612px\"><\/picture><figcaption class>El dif\u00edcil momento que vivi\u00f3 Violeta Urtizberea en la calle: \u201cVolv\u00ed a nacer\u201d<br \/>\n<\/figcaption><\/figure>\n<p>Desconcertada y asustada por lo que hab\u00eda vivido, relat\u00f3 el momento en que caminaba por la calle y al pasar por debajo de un balc\u00f3n<i><b> se le cay\u00f3 en la cabeza y hombro un pedazo de mamposter\u00eda, lo cual la lastim\u00f3, la herida fue menor, pero pudo haber terminado en tragedia. <\/b><\/i>Violeta Urtizberea, a\u00fan desorientada por la situaci\u00f3n que le toc\u00f3 vivir, volvi\u00f3 a reflexionar: <i><b>\u201c\u00bfSe podr\u00eda decir que volv\u00ed a nacer?\u201d.<\/b><\/i><\/p>\n<figure><picture><img alt=\"El dif\u00edcil momento que vivi\u00f3 Violeta Urtizberea en la calle: \u201cVolv\u00ed a nacer\u201d \" class=\" block \" src=\"http:\/\/latecordoba.com\/wp-content\/uploads\/2023\/11\/el-dificil-momento-que-vivio-violeta-urtizberea-en-la-calle-volvi-a-nacer-3.jpg\" sizes=\"auto\" loading=\"lazy\" data-src=\"http:\/\/latecordoba.com\/wp-content\/uploads\/2023\/11\/el-dificil-momento-que-vivio-violeta-urtizberea-en-la-calle-volvi-a-nacer-3.jpg\" width=\"1023px\" fetchpriority=\"low\" decoding=\"async\" height=\"575px\"><\/picture><figcaption class>El dif\u00edcil momento que vivi\u00f3 Violeta Urtizberea en la calle: \u201cVolv\u00ed a nacer\u201d<br \/>\n<\/figcaption><\/figure>\n<p>Sus seguidores alertados y muy preocupados por el video que comparti\u00f3 la actriz<i><b> le dejaron cientos de mensajes, algunos indicaron que familiares o ellos sufrieron situaciones similares.<\/b><\/i><\/p>\n<figure><picture><img alt=\"Violeta expres\u00f3 que ya realiz\u00f3 la denuncia correspondiente. (Foto: captura de pantalla)\" class=\" block \" src=\"http:\/\/latecordoba.com\/wp-content\/uploads\/2023\/11\/el-dificil-momento-que-vivio-violeta-urtizberea-en-la-calle-volvi-a-nacer-4.jpg\" sizes=\"auto\" loading=\"lazy\" data-src=\"http:\/\/latecordoba.com\/wp-content\/uploads\/2023\/11\/el-dificil-momento-que-vivio-violeta-urtizberea-en-la-calle-volvi-a-nacer-4.jpg\" width=\"1023px\" fetchpriority=\"low\" decoding=\"async\" height=\"1831px\"><\/picture><figcaption class>Violeta expres\u00f3 que ya realiz\u00f3 la denuncia correspondiente. (Foto: captura de pantalla)<\/figcaption><\/figure>\n<p>Por otro lado, <i><b>la actriz aclar\u00f3 que hizo la denuncia correspondiente y que en la vereda de ese balc\u00f3n colocaron conos para alertar sobre los peligros de pasar por all\u00ed.<\/b><\/i><\/p>\n<h2 class>Violeta Urtizberea y su curioso v\u00ednculo con Fern\u00e1n Mir\u00e1s<\/h2>\n<p>La actriz brind\u00f3 una entrevista <i><b>al programa radial Ag\u00e1rrate Catalina y sorprendi\u00f3 con una peculiar historia.<\/b><\/i><\/p>\n<figure><picture><img alt=\"Violeta Urtizberea y su curioso v\u00ednculo con Fern\u00e1n Mir\u00e1s\" class=\" block \" src=\"http:\/\/latecordoba.com\/wp-content\/uploads\/2023\/11\/el-dificil-momento-que-vivio-violeta-urtizberea-en-la-calle-volvi-a-nacer-5.jpg\" sizes=\"auto\" loading=\"lazy\" data-src=\"http:\/\/latecordoba.com\/wp-content\/uploads\/2023\/11\/el-dificil-momento-que-vivio-violeta-urtizberea-en-la-calle-volvi-a-nacer-5.jpg\" width=\"1023px\" fetchpriority=\"low\" decoding=\"async\" height=\"574px\"><\/picture><figcaption class>Violeta Urtizberea y su curioso v\u00ednculo con Fern\u00e1n Mir\u00e1s<\/figcaption><\/figure>\n<p><i><b>Violeta Urtizberea cont\u00f3 que Fern\u00e1n Mir\u00e1s fue su padrastro cuando \u00e9l ten\u00eda 18 a\u00f1os: \u201cMi vieja ten\u00eda 28 y Fern\u00e1n 18. Era s\u00faper chico. <\/b><\/i>Ahora es asistente social, pero en ese momento mi mam\u00e1 trabajaba como actriz y lo conoci\u00f3 actuando. Siempre cuenta que lo vio y dijo \u2018\u00a1Qu\u00e9 lindo ese chico!\u2019. Y una amiga le advirti\u00f3 que ten\u00eda 18, pero ella le respondi\u00f3 que no le importaba\u201d.<\/p>\n<article class=\"article card \">\n<div class=\"article-inner \">\n<div class=\"article-image \"><a href=\"https:\/\/viapais.com.ar\/argentina\/1334340-violeta-urtizberea-mostro-en-instagram-el-cordon-umbilical-de-su-hija\/\" title><\/p>\n<figure><picture><img alt=\"Violeta Urtizberea mostr\u00f3 en Instagram el cord\u00f3n umbilical de su hija\" class=\" block \" src=\"http:\/\/latecordoba.com\/wp-content\/uploads\/2023\/11\/el-dificil-momento-que-vivio-violeta-urtizberea-en-la-calle-volvi-a-nacer-6.jpg\" sizes=\"auto\" loading=\"lazy\" data-src=\"http:\/\/latecordoba.com\/wp-content\/uploads\/2023\/11\/el-dificil-momento-que-vivio-violeta-urtizberea-en-la-calle-volvi-a-nacer-6.jpg\" width=\"307px\" fetchpriority=\"low\" decoding=\"async\" height=\"173px\"><\/picture><\/figure>\n<p><\/a><\/div>\n<\/div>\n<\/article>\n<figure><picture><img alt=\"Violeta Urtizberea y su curioso v\u00ednculo con Fern\u00e1n Mir\u00e1s\" class=\" block \" src=\"http:\/\/latecordoba.com\/wp-content\/uploads\/2023\/11\/el-dificil-momento-que-vivio-violeta-urtizberea-en-la-calle-volvi-a-nacer-7.jpg\" sizes=\"auto\" loading=\"lazy\" data-src=\"http:\/\/latecordoba.com\/wp-content\/uploads\/2023\/11\/el-dificil-momento-que-vivio-violeta-urtizberea-en-la-calle-volvi-a-nacer-7.jpg\" width=\"1023px\" fetchpriority=\"low\" decoding=\"async\" height=\"575px\"><\/picture><figcaption class>Violeta Urtizberea y su curioso v\u00ednculo con Fern\u00e1n Mir\u00e1s<\/figcaption><\/figure>\n<p>La actriz relat\u00f3 que en ese momento ella ten\u00eda 3 a\u00f1os y la relaci\u00f3n dur\u00f3 hasta que ella cumpli\u00f3 los 8 a\u00f1os: <i><b>\u201cFueron cinco a\u00f1os bisagra y \u00e9l fue la persona con la que m\u00e1s jugu\u00e9 en mi vida\u201d y aclar\u00f3: \u201cDespu\u00e9s de que ellos se separaron, lo segu\u00ed viendo toda la vida, no es que cort\u00e9 el v\u00ednculo. Era familia para m\u00ed\u201d.<\/b><\/i><\/p>\n<\/section>\n<div class=\"noreadme-audima\">\n<h2>Temas Relacionados<\/h2>\n<\/div>\n","protected":false},"excerpt":{"rendered":"<p>Violeta Urtizberea fue protagonista de un momento muy desafortunado en la v\u00eda p\u00fablica que podr\u00eda haber terminado en tragedia. La actriz se mostr\u00f3 muy conmovida y en shock por la situaci\u00f3n que le toc\u00f3 atravesar y decidi\u00f3 contarle en redes para alertar a sus seguidores. El dif\u00edcil momento que vivi\u00f3 Violeta Urtizberea en la calle: [&hellip;]<\/p>\n","protected":false},"author":1,"featured_media":18590,"comment_status":"closed","ping_status":"closed","sticky":false,"template":"","format":"standard","meta":[],"categories":[15],"tags":[],"_links":{"self":[{"href":"https:\/\/latecordoba.com\/index.php\/wp-json\/wp\/v2\/posts\/18589"}],"collection":[{"href":"https:\/\/latecordoba.com\/index.php\/wp-json\/wp\/v2\/posts"}],"about":[{"href":"https:\/\/latecordoba.com\/index.php\/wp-json\/wp\/v2\/types\/post"}],"author":[{"embeddable":true,"href":"https:\/\/latecordoba.com\/index.php\/wp-json\/wp\/v2\/users\/1"}],"replies":[{"embeddable":true,"href":"https:\/\/latecordoba.com\/index.php\/wp-json\/wp\/v2\/comments?post=18589"}],"version-history":[{"count":0,"href":"https:\/\/latecordoba.com\/index.php\/wp-json\/wp\/v2\/posts\/18589\/revisions"}],"wp:featuredmedia":[{"embeddable":true,"href":"https:\/\/latecordoba.com\/index.php\/wp-json\/wp\/v2\/media\/18590"}],"wp:attachment":[{"href":"https:\/\/latecordoba.com\/index.php\/wp-json\/wp\/v2\/media?parent=18589"}],"wp:term":[{"taxonomy":"category","embeddable":true,"href":"https:\/\/latecordoba.com\/index.php\/wp-json\/wp\/v2\/categories?post=18589"},{"taxonomy":"post_tag","embeddable":true,"href":"https:\/\/latecordoba.com\/index.php\/wp-json\/wp\/v2\/tags?post=18589"}],"curies":[{"name":"wp","href":"https:\/\/api.w.org\/{rel}","templated":true}]}}