{"id":18587,"date":"2023-11-25T21:18:50","date_gmt":"2023-11-25T21:18:50","guid":{"rendered":"https:\/\/elnoticierodigital.com.ar\/?p=1766467"},"modified":"2023-11-25T21:18:50","modified_gmt":"2023-11-25T21:18:50","slug":"dalma-maradona-y-el-recuerdo-a-su-papa-a-3-anos-de-su-muerte-que-emociono-a-todos","status":"publish","type":"post","link":"https:\/\/latecordoba.com\/index.php\/2023\/11\/25\/dalma-maradona-y-el-recuerdo-a-su-papa-a-3-anos-de-su-muerte-que-emociono-a-todos\/","title":{"rendered":"Dalma Maradona y el recuerdo a su pap\u00e1 a 3 a\u00f1os de su muerte que emocion\u00f3 a todos"},"content":{"rendered":"\n<div class=\"td-post-sharing-top\">\n<div id=\"td_social_sharing_article_top\" class=\"td-post-sharing td-ps-bg td-ps-notext td-post-sharing-style1 \">\n<div class=\"td-post-sharing-visible\"><a class=\"td-social-sharing-button td-social-sharing-button-js td-social-network td-social-facebook\" href=\"https:\/\/www.facebook.com\/sharer.php?u=https%3A%2F%2Felnoticierodigital.com.ar%2F2023%2F11%2F25%2Fdalma-maradona-y-el-recuerdo-a-su-papa-a-3-anos-de-su-muerte-que-emociono-a-todos%2F\" title=\"Facebook\"> <\/p>\n<p>Facebook<\/p>\n<p> <\/a><a class=\"td-social-sharing-button td-social-sharing-button-js td-social-network td-social-twitter\" href=\"https:\/\/twitter.com\/intent\/tweet?text=Dalma+Maradona+y+el+recuerdo+a+su+pap%C3%A1+a+3+a%C3%B1os+de+su+muerte+que+emocion%C3%B3+a+todos&amp;url=https%3A%2F%2Felnoticierodigital.com.ar%2F2023%2F11%2F25%2Fdalma-maradona-y-el-recuerdo-a-su-papa-a-3-anos-de-su-muerte-que-emociono-a-todos%2F&amp;via=El+Noticiero+Digital\" title=\"Twitter\"> <\/p>\n<p>Twitter<\/p>\n<p> <\/a><\/div>\n<\/div>\n<\/div>\n<div class=\"td-post-content tagdiv-type\" readability=\"45.706764705882\"> <!-- image --><\/p>\n<div class=\"td-post-featured-image\"><a href=\"https:\/\/i0.wp.com\/elnoticierodigital.com.ar\/wp-content\/uploads\/2023\/11\/1766467.jpg?fit=1256%2C620&amp;ssl=1\" data-caption><img decoding=\"async\" loading=\"lazy\" width=\"696\" height=\"344\" class=\"entry-thumb td-modal-image\" src=\"http:\/\/latecordoba.com\/wp-content\/uploads\/2023\/11\/dalma-maradona-y-el-recuerdo-a-su-papa-a-3-anos-de-su-muerte-que-emociono-a-todos.jpg\" srcset=\"http:\/\/latecordoba.com\/wp-content\/uploads\/2023\/11\/dalma-maradona-y-el-recuerdo-a-su-papa-a-3-anos-de-su-muerte-que-emociono-a-todos-2.jpg 1256w, http:\/\/latecordoba.com\/wp-content\/uploads\/2023\/11\/dalma-maradona-y-el-recuerdo-a-su-papa-a-3-anos-de-su-muerte-que-emociono-a-todos-3.jpg 300w, http:\/\/latecordoba.com\/wp-content\/uploads\/2023\/11\/dalma-maradona-y-el-recuerdo-a-su-papa-a-3-anos-de-su-muerte-que-emociono-a-todos-4.jpg 1024w, http:\/\/latecordoba.com\/wp-content\/uploads\/2023\/11\/dalma-maradona-y-el-recuerdo-a-su-papa-a-3-anos-de-su-muerte-que-emociono-a-todos-5.jpg 768w, http:\/\/latecordoba.com\/wp-content\/uploads\/2023\/11\/dalma-maradona-y-el-recuerdo-a-su-papa-a-3-anos-de-su-muerte-que-emociono-a-todos-6.jpg 150w, http:\/\/latecordoba.com\/wp-content\/uploads\/2023\/11\/dalma-maradona-y-el-recuerdo-a-su-papa-a-3-anos-de-su-muerte-que-emociono-a-todos.jpg 696w, https:\/\/i0.wp.com\/elnoticierodigital.com.ar\/wp-content\/uploads\/2023\/11\/1766467.jpg?resize=1068%2C527&amp;ssl=1 1068w\" sizes=\"(max-width: 696px) 100vw, 696px\" alt title=\"1766467\"><\/a><\/div>\n<p> <!-- content --><\/p>\n<article readability=\"29\">Dalma Maradona siempre que pueda recuerda a su padre con mucho amor y admiraci\u00f3n. La famosa actriz tiene un \u00eddolo en esta vida y es nada m\u00e1s ni nada menos que Diego Armando Maradona, el hero de mucho, pero para ella tambi\u00e9n es el hombre que le dio la vida.<\/p>\n<p>La hermana de Gianinna en sus redes sociales constantemente habla con sus seguidores y le cuenta emocionada momentos que vivi\u00f3 con su padre o se muestra orgullosa al ver que la gente lo ama m\u00e1s que nunca y que su recuerdo sigue vivo en cualquier rinc\u00f3n del mundo.<\/p>\n<p>Hace poco, Dalma estren\u00f3 su documental \u201cLa Hija de Dios\u201d en el que cuenta su historia con Diego Maradona porque tal como lo dijo ella, \u201ces la \u00fanica que conoce la verdad detr\u00e1s de su relaci\u00f3n el Diez\u201d. En la producci\u00f3n se la vio muy emocionada.<\/p>\n<p>Cada recuerdo, cada persona que tuvo que ver con su padre emocion\u00f3 hasta las l\u00e1grimas a Dalma que recorri\u00f3 los rincones m\u00e1s importantes del mundo en los que tuvo Diego Maradona y en donde hizo historia. A tres de su muerte, la joven lo record\u00f3 con mucho amor.<\/p>\n<p>EL MENSAJE CON EL QUE DALMA MARADONA RECORD\u00d3 A SU PAP\u00c1<\/p>\n<p>Mediante su cuenta de Instagram, Dalma comparti\u00f3 postales familiares, su outfit inspirado en su padre y unas emotivas palabras para Diego Armando Maradona: \u201c\u00a1Dicen que uno vuelve a los lugares donde fue feliz y estoy segura que eso fuimos para vos! \u00a1M\u00e1s all\u00e1 de todo!\u201d.<\/p>\n<p>\u201c\u00a1Te extra\u00f1o todos los d\u00edas de mi vida! As\u00ed todo el d\u00eda. \u00a1Y te juro que vas a tener la justicia que te merec\u00e9s! Te amo\u201d, escribi\u00f3 en las postales que comparti\u00f3 hace tan solo horas mediante sus redes sociales donde se mostr\u00f3 emocionada por la partida de su padre.<\/p>\n<\/article>\n<p>Fuente: <a href=\"https:\/\/www.paparazzi.com.ar\/teve\/dalma-maradona-y-el-recuerdo-a-su-papa-a-3-anos-de-su-muerte-que-emociono-a-todos\/\">https:\/\/www.paparazzi.com.ar\/<\/a><\/p>\n<\/p><\/div>\n<footer> <!-- post pagination --> <!-- review --> <\/p>\n<div class=\"td-post-sharing-bottom\">\n<div id=\"td_social_sharing_article_bottom\" class=\"td-post-sharing td-ps-bg td-ps-notext td-post-sharing-style1 \">\n<div class=\"td-post-sharing-visible\"><a class=\"td-social-sharing-button td-social-sharing-button-js td-social-network td-social-facebook\" href=\"https:\/\/www.facebook.com\/sharer.php?u=https%3A%2F%2Felnoticierodigital.com.ar%2F2023%2F11%2F25%2Fdalma-maradona-y-el-recuerdo-a-su-papa-a-3-anos-de-su-muerte-que-emociono-a-todos%2F\" title=\"Facebook\"> <\/p>\n<p>Facebook<\/p>\n<p> <\/a><a class=\"td-social-sharing-button td-social-sharing-button-js td-social-network td-social-twitter\" href=\"https:\/\/twitter.com\/intent\/tweet?text=Dalma+Maradona+y+el+recuerdo+a+su+pap%C3%A1+a+3+a%C3%B1os+de+su+muerte+que+emocion%C3%B3+a+todos&amp;url=https%3A%2F%2Felnoticierodigital.com.ar%2F2023%2F11%2F25%2Fdalma-maradona-y-el-recuerdo-a-su-papa-a-3-anos-de-su-muerte-que-emociono-a-todos%2F&amp;via=El+Noticiero+Digital\" title=\"Twitter\"> <\/p>\n<p>Twitter<\/p>\n<p> <\/a><\/div>\n<\/div>\n<\/div>\n<p> <!-- next prev --><\/p>\n<div class=\"td-block-row td-post-next-prev\">\n<div class=\"td-block-span6 td-post-prev-post\">\n<div class=\"td-post-next-prev-content\"><span>Art\u00edculo anterior<\/span><a href=\"https:\/\/elnoticierodigital.com.ar\/2023\/11\/25\/la-otra-fiestita-privada-que-compartieron-los-jugadores-de-la-seleccion-argentina-fotos-y-videos-ineditos\/\">La otra fiestita privada que compartieron los jugadores de la Selecci\u00f3n Argentina: fotos y videos in\u00e9ditos<\/a><\/div>\n<\/div>\n<\/div>\n<p> <!-- author box --><\/p>\n<div class=\"author-box-wrap\"><a href=\"https:\/\/elnoticierodigital.com.ar\/author\/webcrawler\/\" aria-label=\"author-photo\"><img loading=\"lazy\" alt src=\"http:\/\/latecordoba.com\/wp-content\/uploads\/2023\/11\/dalma-maradona-y-el-recuerdo-a-su-papa-a-3-anos-de-su-muerte-que-emociono-a-todos-1.jpg\" srcset=\"https:\/\/secure.gravatar.com\/avatar\/22a7d4689581c8ace4eaa406cb3a4ef1?s=192&amp;d=blank&amp;r=g 2x\" class=\"avatar avatar-96 photo\" height=\"96\" width=\"96\" decoding=\"async\"><\/a><\/div>\n<p> <!-- meta --><span class=\"td-page-meta\" itemprop=\"author\" itemscope itemtype=\"https:\/\/schema.org\/Person\"><meta itemprop=\"name\" content=\"Sala de Noticias\"><meta itemprop=\"url\" content=\"https:\/\/elnoticierodigital.com.ar\/author\/webcrawler\/\"><\/span><meta itemprop=\"datePublished\" content=\"2023-11-25T18:18:50-03:00\"><meta itemprop=\"dateModified\" content=\"2023-11-25T18:18:58-03:00\"><meta itemscope itemprop=\"mainEntityOfPage\" itemtype=\"https:\/\/schema.org\/WebPage\" itemid=\"https:\/\/elnoticierodigital.com.ar\/2023\/11\/25\/dalma-maradona-y-el-recuerdo-a-su-papa-a-3-anos-de-su-muerte-que-emociono-a-todos\/\"><span class=\"td-page-meta\" itemprop=\"publisher\" itemscope itemtype=\"https:\/\/schema.org\/Organization\"><span class=\"td-page-meta\" itemprop=\"logo\" itemscope itemtype=\"https:\/\/schema.org\/ImageObject\"><meta itemprop=\"url\" content=\"https:\/\/elnoticierodigital.com.ar\/wp-content\/uploads\/2021\/04\/El_Noticiero_Digital_logo_retina-300x300.png\"><\/span><meta itemprop=\"name\" content=\"El Noticiero Digital\"><\/span><meta itemprop=\"headline \" content=\"Dalma Maradona y el recuerdo a su pap\u00e1 a 3 a\u00f1os de su muerte que emocion\u00f3 a todos\"><span class=\"td-page-meta\" itemprop=\"image\" itemscope itemtype=\"https:\/\/schema.org\/ImageObject\"><meta itemprop=\"url\" content=\"https:\/\/i0.wp.com\/elnoticierodigital.com.ar\/wp-content\/uploads\/2023\/11\/1766467.jpg?fit=1256%2C620&amp;ssl=1\"><meta itemprop=\"width\" content=\"1256\"><meta itemprop=\"height\" content=\"620\"><\/span> <\/footer>\n","protected":false},"excerpt":{"rendered":"<p> Dalma Maradona siempre que pueda recuerda a su padre con mucho amor y admiraci\u00f3n. La famosa actriz tiene un \u00eddolo en esta vida y es nada m\u00e1s ni nada menos que Diego Armando Maradona, el hero de mucho, pero para ella tambi\u00e9n es el hombre que le dio la vida. La hermana de Gianinna en [&#8230;]  <\/p>\n","protected":false},"author":1,"featured_media":18588,"comment_status":"closed","ping_status":"closed","sticky":false,"template":"","format":"standard","meta":[],"categories":[14],"tags":[],"_links":{"self":[{"href":"https:\/\/latecordoba.com\/index.php\/wp-json\/wp\/v2\/posts\/18587"}],"collection":[{"href":"https:\/\/latecordoba.com\/index.php\/wp-json\/wp\/v2\/posts"}],"about":[{"href":"https:\/\/latecordoba.com\/index.php\/wp-json\/wp\/v2\/types\/post"}],"author":[{"embeddable":true,"href":"https:\/\/latecordoba.com\/index.php\/wp-json\/wp\/v2\/users\/1"}],"replies":[{"embeddable":true,"href":"https:\/\/latecordoba.com\/index.php\/wp-json\/wp\/v2\/comments?post=18587"}],"version-history":[{"count":0,"href":"https:\/\/latecordoba.com\/index.php\/wp-json\/wp\/v2\/posts\/18587\/revisions"}],"wp:featuredmedia":[{"embeddable":true,"href":"https:\/\/latecordoba.com\/index.php\/wp-json\/wp\/v2\/media\/18588"}],"wp:attachment":[{"href":"https:\/\/latecordoba.com\/index.php\/wp-json\/wp\/v2\/media?parent=18587"}],"wp:term":[{"taxonomy":"category","embeddable":true,"href":"https:\/\/latecordoba.com\/index.php\/wp-json\/wp\/v2\/categories?post=18587"},{"taxonomy":"post_tag","embeddable":true,"href":"https:\/\/latecordoba.com\/index.php\/wp-json\/wp\/v2\/tags?post=18587"}],"curies":[{"name":"wp","href":"https:\/\/api.w.org\/{rel}","templated":true}]}}