{"id":18585,"date":"2023-11-23T22:18:43","date_gmt":"2023-11-23T22:18:43","guid":{"rendered":"http:\/\/www.radiourbanasf.com.ar\/?p=18289"},"modified":"2023-11-23T22:18:43","modified_gmt":"2023-11-23T22:18:43","slug":"guasones-llega-al-gran-rex-en-formato-acustico","status":"publish","type":"post","link":"https:\/\/latecordoba.com\/index.php\/2023\/11\/23\/guasones-llega-al-gran-rex-en-formato-acustico\/","title":{"rendered":"Guasones llega al Gran Rex en formato ac\u00fastico"},"content":{"rendered":"\n<div><img decoding=\"async\" src=\"http:\/\/latecordoba.com\/wp-content\/uploads\/2023\/11\/guasones-llega-al-gran-rex-en-formato-acustico.jpg\" class=\"ff-og-image-inserted\"><\/div>\n<p>La banda de la Ciudad de La Plata dar\u00e1 dos shows en el teatro de la Avenida Corrientes.<\/p>\n<div readability=\"46\">\n<p>Con&nbsp;30 a\u00f1os de trayectoria, la banda de la Ciudad de La Plata vuelve a versionar las canciones de sus \u00faltimos tres \u00e1lbumes (\u201cLocales Calientes\u201d, \u201cHasta el Final\u201d y \u201cEl Hurac\u00e1n\u201d), en formato ac\u00fastico.<\/p>\n<p>Y aunque guardan los nombres bajo candado de siete llaves, se sabe que lo har\u00e1n junto a&nbsp;<strong>invitados muy especiales.<\/strong><\/p>\n<p>A partir de las 20.30, entonces,&nbsp;<strong>Guasones se subir\u00e1 al escenario<\/strong>&nbsp;para empezar a despedir un a\u00f1o que los tuvo girando y totalmente consolidados.<\/p>\n<p>\u00bfTe lo vas a perder?<\/p>\n<\/div>\n","protected":false},"excerpt":{"rendered":"\n<div style=\"float:right;margin:0 0 20px 20px;\"><img decoding=\"async\" width=\"150\" height=\"150\" src=\"http:\/\/latecordoba.com\/wp-content\/uploads\/2023\/11\/guasones-llega-al-gran-rex-en-formato-acustico-1.jpg\" class=\"attachment-thumbnail size-thumbnail wp-post-image\" alt=\"\" loading=\"lazy\" \/><\/div>\n<p>La banda de la Ciudad de La Plata dar\u00e1 dos shows en el teatro de la Avenida Corrientes. Enorme. As\u00ed es la expectativa de Guasones\u00a0por sus presentaciones\u00a0en el Teatro Gran Rex. S\u00ed, en plural, ya que ser\u00e1n dos shows: el\u00a017 y 18 de noviembre. Con\u00a030 a\u00f1os de trayectoria, la banda de la Ciudad de La &#8230;  <\/p>\n","protected":false},"author":1,"featured_media":18586,"comment_status":"closed","ping_status":"closed","sticky":false,"template":"","format":"standard","meta":[],"categories":[20],"tags":[],"_links":{"self":[{"href":"https:\/\/latecordoba.com\/index.php\/wp-json\/wp\/v2\/posts\/18585"}],"collection":[{"href":"https:\/\/latecordoba.com\/index.php\/wp-json\/wp\/v2\/posts"}],"about":[{"href":"https:\/\/latecordoba.com\/index.php\/wp-json\/wp\/v2\/types\/post"}],"author":[{"embeddable":true,"href":"https:\/\/latecordoba.com\/index.php\/wp-json\/wp\/v2\/users\/1"}],"replies":[{"embeddable":true,"href":"https:\/\/latecordoba.com\/index.php\/wp-json\/wp\/v2\/comments?post=18585"}],"version-history":[{"count":0,"href":"https:\/\/latecordoba.com\/index.php\/wp-json\/wp\/v2\/posts\/18585\/revisions"}],"wp:featuredmedia":[{"embeddable":true,"href":"https:\/\/latecordoba.com\/index.php\/wp-json\/wp\/v2\/media\/18586"}],"wp:attachment":[{"href":"https:\/\/latecordoba.com\/index.php\/wp-json\/wp\/v2\/media?parent=18585"}],"wp:term":[{"taxonomy":"category","embeddable":true,"href":"https:\/\/latecordoba.com\/index.php\/wp-json\/wp\/v2\/categories?post=18585"},{"taxonomy":"post_tag","embeddable":true,"href":"https:\/\/latecordoba.com\/index.php\/wp-json\/wp\/v2\/tags?post=18585"}],"curies":[{"name":"wp","href":"https:\/\/api.w.org\/{rel}","templated":true}]}}