{"id":18583,"date":"2023-11-23T22:11:18","date_gmt":"2023-11-23T22:11:18","guid":{"rendered":"https:\/\/radioritmo.com.ar\/?p=15131"},"modified":"2023-11-23T22:11:18","modified_gmt":"2023-11-23T22:11:18","slug":"nuevo-tema-de-la-konga-junto-a-eddy-herrera","status":"publish","type":"post","link":"https:\/\/latecordoba.com\/index.php\/2023\/11\/23\/nuevo-tema-de-la-konga-junto-a-eddy-herrera\/","title":{"rendered":"Nuevo tema de La K\u00b4onga junto a Eddy Herrera"},"content":{"rendered":"\n<div><img decoding=\"async\" src=\"http:\/\/latecordoba.com\/wp-content\/uploads\/2023\/11\/nuevo-tema-de-la-konga-junto-a-eddy-herrera.jpg\" class=\"ff-og-image-inserted\"><\/div>\n<h2>\u201cT\u00fa eres ajena\u201d se llama la nueva canci\u00f3n que viene acompa\u00f1ada por un videoclip<\/h2>\n<p>El conjunto cuartetero present\u00f3 su nuevo material con su colega dominicano Eddy Herrera. Un videoclip de lujo desde las playas de Miami.<\/p>\n<p><strong>La Konga&nbsp;<\/strong>cort\u00f3 la semana con un estreno de lujo de la mano de&nbsp;<strong>Eddy Herrera<\/strong>. La banda de Villa Dolores present\u00f3&nbsp;<em><strong>T\u00fa eres ajena&nbsp;<\/strong><\/em>con un videoclip de alta calidad audiovisual grabado desde las paradis\u00edacas playas de Miami.<\/p>\n<p>El tema tiene como autor al m\u00fasico dominicano, aun as\u00ed no es la primera vez que se reversiona en el tunga tunga. En el a\u00f1o 2002&nbsp;<strong>Banda XXI&nbsp;<\/strong>grab\u00f3 y populariz\u00f3 el tema siendo parte de su disco&nbsp;<em><strong>Ven pa\u2019 la rumba<\/strong><\/em>&nbsp;convirti\u00e9ndose en un \u00e9xito indiscutido.<\/p>\n<p>Un a\u00f1o despu\u00e9s,<strong>&nbsp;La Konga<\/strong>&nbsp;tambi\u00e9n incluy\u00f3 la canci\u00f3n a su repertorio en la voz de&nbsp;<strong>Nelson Aguirre<\/strong>. Hoy, 20 a\u00f1os despu\u00e9s,&nbsp;<strong>Eddy&nbsp;<\/strong>y&nbsp;<strong>Pablo Tamagnini<\/strong>&nbsp;apostaron por una nueva interpretaci\u00f3n que promete hacer bailar a propios y ajenos.<\/p>\n<p>Sin lugar a dudas, el tridente conformado por&nbsp;<strong>Diego, Pablo y Nelson<\/strong>&nbsp;es uno de los m\u00e1s convocantes del momento. Adem\u00e1s, sus temas tienen&nbsp;<strong>millones y millones<\/strong>&nbsp;de reproducciones de YouTube y&nbsp;<em><strong>T\u00fa eres ajena<\/strong><\/em>&nbsp;se suma a la larga lista de colaboraciones de lujo que La Konga carga en su espalda.<\/p>\n<p><iframe loading=\"lazy\" title=\"La Konga, Eddy Herrera - T\u00da ERES AJENA (Video Oficial)\" width=\"618\" height=\"348\" src=\"https:\/\/www.youtube.com\/embed\/0l08YFOu2yE?feature=oembed\" frameborder=\"0\" allow=\"accelerometer; autoplay; clipboard-write; encrypted-media; gyroscope; picture-in-picture; web-share\" allowfullscreen>[embedded content]<\/iframe><\/p>\n","protected":false},"excerpt":{"rendered":"<p> &#8220;T\u00fa eres ajena&#8221; se llama la nueva canci\u00f3n que viene acompa\u00f1ada por un videoclip El conjunto cuartetero present\u00f3 su nuevo material con su colega dominicano Eddy Herrera. Un videoclip de lujo desde las playas de Miami. La Konga\u00a0cort\u00f3 la semana con un estreno de lujo de la mano de\u00a0Eddy Herrera. La banda de Villa Dolores &#8230;  <\/p>\n","protected":false},"author":1,"featured_media":18584,"comment_status":"closed","ping_status":"closed","sticky":false,"template":"","format":"standard","meta":[],"categories":[20],"tags":[],"_links":{"self":[{"href":"https:\/\/latecordoba.com\/index.php\/wp-json\/wp\/v2\/posts\/18583"}],"collection":[{"href":"https:\/\/latecordoba.com\/index.php\/wp-json\/wp\/v2\/posts"}],"about":[{"href":"https:\/\/latecordoba.com\/index.php\/wp-json\/wp\/v2\/types\/post"}],"author":[{"embeddable":true,"href":"https:\/\/latecordoba.com\/index.php\/wp-json\/wp\/v2\/users\/1"}],"replies":[{"embeddable":true,"href":"https:\/\/latecordoba.com\/index.php\/wp-json\/wp\/v2\/comments?post=18583"}],"version-history":[{"count":0,"href":"https:\/\/latecordoba.com\/index.php\/wp-json\/wp\/v2\/posts\/18583\/revisions"}],"wp:featuredmedia":[{"embeddable":true,"href":"https:\/\/latecordoba.com\/index.php\/wp-json\/wp\/v2\/media\/18584"}],"wp:attachment":[{"href":"https:\/\/latecordoba.com\/index.php\/wp-json\/wp\/v2\/media?parent=18583"}],"wp:term":[{"taxonomy":"category","embeddable":true,"href":"https:\/\/latecordoba.com\/index.php\/wp-json\/wp\/v2\/categories?post=18583"},{"taxonomy":"post_tag","embeddable":true,"href":"https:\/\/latecordoba.com\/index.php\/wp-json\/wp\/v2\/tags?post=18583"}],"curies":[{"name":"wp","href":"https:\/\/api.w.org\/{rel}","templated":true}]}}