{"id":18578,"date":"2023-11-25T15:12:46","date_gmt":"2023-11-25T15:12:46","guid":{"rendered":"https:\/\/www.puntal.com.ar\/camila-homs\/camila-homs-renuncio-al-bailando-2023-n206011"},"modified":"2023-11-25T15:12:46","modified_gmt":"2023-11-25T15:12:46","slug":"camila-homs-renuncio-al-bailando-2023","status":"publish","type":"post","link":"https:\/\/latecordoba.com\/index.php\/2023\/11\/25\/camila-homs-renuncio-al-bailando-2023\/","title":{"rendered":"Camila Homs renunci\u00f3 al Bailando 2023"},"content":{"rendered":"\n<div><img decoding=\"async\" src=\"http:\/\/latecordoba.com\/wp-content\/uploads\/2023\/11\/camila-homs-renuncio-al-bailando-2023.jpg\" class=\"ff-og-image-inserted\"><\/div>\n<div class=\"cuerpo\" data-twitter-link readability=\"40.598694942904\">\n<p> En este sentido <strong><a href=\"https:\/\/pablolayus.ar\/\">la modelo<\/a><\/strong> decidi\u00f3 abandonar el Bailando 2023, las razones estar\u00edan relacionadas al cruce con Martu Morales, y a una pelea que tuvo con el jurado.<\/p>\n<p>Recordemos que en la noche del jueves la modelo volvi\u00f3 a hablar de su tenso cruce con la influencer y dijo que \u201ccuando se meten en algo tan personal me parece una falta de respeto. Yo no lo hab\u00eda hecho, decir \u2019bailarina\u2018 no es.\u201d. <\/p>\n<p>\u201cElla quiso meterse en algo muy personal y se pas\u00f3\u201d, agreg\u00f3. Ante eso el jurado volvi\u00f3 a preguntar: \u201c\u00bfY por qu\u00e9 pens\u00e1s que te llamaron al Bailando 2023?\u201d. Este comentario habr\u00eda sido el que hizo que ella decidiera abandonar el certamen. <\/p>\n<p>De esta manera durante el enigm\u00e1tico en <strong><a href=\"https:\/\/instagram.com\/elejercitodelam?igshid=M2RkZGJiMzhjOQ==\">LAM<\/a><\/strong>, Yanina Latorre explic\u00f3 que Camila Homs: \u201cArranc\u00f3 con un contrato por dos galas, pero como se sintieron c\u00f3modos, les gust\u00f3, cuando vio que iba, fue\u201d. <\/p>\n<p>Adem\u00e1s la panelista del ciclo de Am\u00e9rica TV, asegur\u00f3: \u201cEsta semana no la pas\u00f3 tan bien, picanteo, no se la banco y se quiere ir\u201d. \u201cEst\u00e1 molesta porque Martu Morales le dijo \u2019sos la ex de\u2018. No es un insulto, no es maltrato. Por m\u00e1s que a ella le duela y le moleste, no es detrimento, no es subestimarla, todos la empezamos a mirar cuando se separ\u00f3\u201d.<\/p>\n<\/div>\n","protected":false},"excerpt":{"rendered":"<p>\nSeg\u00fan trascendi\u00f3, hubo un par de enfrentamientos que decidieron la partida de la ex de Rodrigo De Paul.  <\/p>\n","protected":false},"author":1,"featured_media":18579,"comment_status":"closed","ping_status":"closed","sticky":false,"template":"","format":"standard","meta":[],"categories":[14],"tags":[],"_links":{"self":[{"href":"https:\/\/latecordoba.com\/index.php\/wp-json\/wp\/v2\/posts\/18578"}],"collection":[{"href":"https:\/\/latecordoba.com\/index.php\/wp-json\/wp\/v2\/posts"}],"about":[{"href":"https:\/\/latecordoba.com\/index.php\/wp-json\/wp\/v2\/types\/post"}],"author":[{"embeddable":true,"href":"https:\/\/latecordoba.com\/index.php\/wp-json\/wp\/v2\/users\/1"}],"replies":[{"embeddable":true,"href":"https:\/\/latecordoba.com\/index.php\/wp-json\/wp\/v2\/comments?post=18578"}],"version-history":[{"count":0,"href":"https:\/\/latecordoba.com\/index.php\/wp-json\/wp\/v2\/posts\/18578\/revisions"}],"wp:featuredmedia":[{"embeddable":true,"href":"https:\/\/latecordoba.com\/index.php\/wp-json\/wp\/v2\/media\/18579"}],"wp:attachment":[{"href":"https:\/\/latecordoba.com\/index.php\/wp-json\/wp\/v2\/media?parent=18578"}],"wp:term":[{"taxonomy":"category","embeddable":true,"href":"https:\/\/latecordoba.com\/index.php\/wp-json\/wp\/v2\/categories?post=18578"},{"taxonomy":"post_tag","embeddable":true,"href":"https:\/\/latecordoba.com\/index.php\/wp-json\/wp\/v2\/tags?post=18578"}],"curies":[{"name":"wp","href":"https:\/\/api.w.org\/{rel}","templated":true}]}}