{"id":18574,"date":"2023-11-25T10:39:36","date_gmt":"2023-11-25T10:39:36","guid":{"rendered":"https:\/\/viapais.com.ar\/mendoza\/se-salvaron-de-milagro-trabajaban-en-una-finca-de-tunuyan-y-fueron-alcanzados-por-un-rayo\/"},"modified":"2023-11-25T10:39:36","modified_gmt":"2023-11-25T10:39:36","slug":"se-salvaron-de-milagro-trabajaban-en-una-finca-de-tunuyan-y-fueron-alcanzados-por-un-rayo","status":"publish","type":"post","link":"https:\/\/latecordoba.com\/index.php\/2023\/11\/25\/se-salvaron-de-milagro-trabajaban-en-una-finca-de-tunuyan-y-fueron-alcanzados-por-un-rayo\/","title":{"rendered":"Se salvaron de milagro: trabajaban en una finca de Tunuy\u00e1n y fueron alcanzados por un rayo"},"content":{"rendered":"<br \/>\n<section readability=\"31.218390804598\">\n<p><b>Dos hombres <\/b>que trabajaban en la<b> <\/b><a href=\"https:\/\/viapais.com.ar\/mendoza\/video-viral-marley-fue-atacado-por-animales-en-una-bodega-de-mendoza-y-fue-furor-en-las-redes\/\" target=\"_blank\" rel=\"noopener\"><b>finca <\/b><\/a><b>Don Antonio de Villa Seca, <\/b><a href=\"https:\/\/viapais.com.ar\/mendoza\/un-chico-de-17-murio-en-un-accidente-vial-en-tunuyan-el-conductor-era-su-amigo-y-estaba-alcoholizado\/\" target=\"_blank\" rel=\"noopener\"><b>Tunuy\u00e1n<\/b><\/a><b>, fueron alcanzados por un rayo<\/b> mientras<b> trasladaban bidones de <\/b><a href=\"https:\/\/viapais.com.ar\/mendoza\/describri-los-increibles-pozones-magicos-una-maravilla-natural-con-vertiente-de-agua-en-san-rafael\/\" target=\"_blank\" rel=\"noopener\"><b>agua<\/b><\/a>. Ambos <b>se salvaron de milagro. <\/b><\/p>\n<article class=\"article card \">\n<div class=\"article-inner \">\n<div class=\"article-image \"><a href=\"https:\/\/viapais.com.ar\/mendoza\/indignacion-por-la-muerte-de-un-condor-andino-en-mendoza-tenia-11-perdigones\/\" title=\"Hallaron un c\u00f3ndor andino de gran tama\u00f1o muerto en \u00e1rea protegida, con 11 perdigones.\"><\/p>\n<figure><picture><img alt=\"Hallaron un c\u00f3ndor andino de gran tama\u00f1o muerto en \u00e1rea protegida, con 11 perdigones.\" class=\" block \" src=\"http:\/\/latecordoba.com\/wp-content\/uploads\/2023\/11\/se-salvaron-de-milagro-trabajaban-en-una-finca-de-tunuyan-y-fueron-alcanzados-por-un-rayo.jpg\" sizes=\"auto\" loading=\"lazy\" data-src=\"http:\/\/latecordoba.com\/wp-content\/uploads\/2023\/11\/se-salvaron-de-milagro-trabajaban-en-una-finca-de-tunuyan-y-fueron-alcanzados-por-un-rayo.jpg\" width=\"307px\" fetchpriority=\"low\" decoding=\"async\" height=\"173px\"><\/picture><\/figure>\n<p><\/a><\/div>\n<\/div>\n<\/article>\n<p>Un llamado a la l\u00ednea de <b>emergencia 911 <\/b>dio aviso de la <b>ca\u00edda de un rayo a los obreros de la finca<\/b>, ubicada en calle Benigno Aguirre s\/n, quienes <b>fueron trasladados al Centro de Salud de <\/b><a href=\"https:\/\/viapais.com.ar\/mendoza\/indignacion-por-la-muerte-de-un-condor-andino-en-mendoza-tenia-11-perdigones\/\" target=\"_blank\" rel=\"noopener\"><b>Cord\u00f3n del Plata <\/b><\/a><b>en veh\u00edculo particular.<\/b> <\/p>\n<p><b>Personal policial <\/b>de la jurisdicci\u00f3n que entrevist\u00f3 a la administradora de la propiedad, pudo saber que ambas v\u00edctimas del siniestro <b>son jornaleros de la finca <\/b>y se encontraban<b> cerca de una camioneta Toyota Hilux cargando bidones de agua<\/b>, cuando <b>fueron impactados por un rayo.<\/b> Ambos <b>quedaron desvanecidos en el lugar.<\/b><\/p>\n<p>En el <b>centro de salud de Cord\u00f3n del Plata fueron asistidos<\/b>&nbsp;y <b>diagnosticados <\/b>en primera instancia por<b> \u201cshock el\u00e9ctrico\u201d<\/b>, siendo derivados al <b>Hospital General las Heras de Tupungato.<\/b><\/p>\n<p>En el nosocomio, el<b> hombre de 36 a\u00f1os (P. M. \u00c1) <\/b>fue diagnosticado <b>TEC (traumatismo enc\u00e9falocraneano) con p\u00e9rdida de conocimiento recuperada<\/b>, <b>herida por quemadura en brazo<\/b> izquierdo por fumigaci\u00f3n de rayo, <b>herida cortante de frente costado izquierd<\/b>o se le realiza sutura por lo que fue derivado al Hospital Antonio Scaravelli de Tunuy\u00e1n. <\/p>\n<p>En cuanto al ciudadano<b> de 64 a\u00f1os (M. J. A.),<\/b> no present\u00f3 heridas evidentes.<\/p>\n<article class=\"article card \">\n<div class=\"article-inner \">\n<div class=\"article-image \"><a href=\"https:\/\/viapais.com.ar\/mendoza\/gobernadores-radicales-y-del-pro-se-reunieron-en-mendoza-para-marcarle-la-cancha-a-milei\/\" title=\"Los 10 gobernadores electos del PRO y radicales.\"><\/p>\n<figure><picture><img alt=\"Los 10 gobernadores electos del PRO y radicales.\" class=\" block \" src=\"http:\/\/latecordoba.com\/wp-content\/uploads\/2023\/11\/se-salvaron-de-milagro-trabajaban-en-una-finca-de-tunuyan-y-fueron-alcanzados-por-un-rayo-1.jpg\" sizes=\"auto\" loading=\"lazy\" data-src=\"http:\/\/latecordoba.com\/wp-content\/uploads\/2023\/11\/se-salvaron-de-milagro-trabajaban-en-una-finca-de-tunuyan-y-fueron-alcanzados-por-un-rayo-1.jpg\" width=\"307px\" fetchpriority=\"low\" decoding=\"async\" height=\"173px\"><\/picture><\/figure>\n<p><\/a><\/div>\n<\/div>\n<\/article>\n<p>Trabaj\u00f3 en el lugar, personal de la <b>Polic\u00eda Cient\u00edfica.<\/b><\/p>\n<\/section>\n<div class=\"noreadme-audima\">\n<h2>Temas Relacionados<\/h2>\n<\/div>\n","protected":false},"excerpt":{"rendered":"<p>Dos hombres que trabajaban en la finca Don Antonio de Villa Seca, Tunuy\u00e1n, fueron alcanzados por un rayo mientras trasladaban bidones de agua. Ambos se salvaron de milagro. Un llamado a la l\u00ednea de emergencia 911 dio aviso de la ca\u00edda de un rayo a los obreros de la finca, ubicada en calle Benigno Aguirre [&hellip;]<\/p>\n","protected":false},"author":1,"featured_media":18575,"comment_status":"closed","ping_status":"closed","sticky":false,"template":"","format":"standard","meta":[],"categories":[15],"tags":[],"_links":{"self":[{"href":"https:\/\/latecordoba.com\/index.php\/wp-json\/wp\/v2\/posts\/18574"}],"collection":[{"href":"https:\/\/latecordoba.com\/index.php\/wp-json\/wp\/v2\/posts"}],"about":[{"href":"https:\/\/latecordoba.com\/index.php\/wp-json\/wp\/v2\/types\/post"}],"author":[{"embeddable":true,"href":"https:\/\/latecordoba.com\/index.php\/wp-json\/wp\/v2\/users\/1"}],"replies":[{"embeddable":true,"href":"https:\/\/latecordoba.com\/index.php\/wp-json\/wp\/v2\/comments?post=18574"}],"version-history":[{"count":0,"href":"https:\/\/latecordoba.com\/index.php\/wp-json\/wp\/v2\/posts\/18574\/revisions"}],"wp:featuredmedia":[{"embeddable":true,"href":"https:\/\/latecordoba.com\/index.php\/wp-json\/wp\/v2\/media\/18575"}],"wp:attachment":[{"href":"https:\/\/latecordoba.com\/index.php\/wp-json\/wp\/v2\/media?parent=18574"}],"wp:term":[{"taxonomy":"category","embeddable":true,"href":"https:\/\/latecordoba.com\/index.php\/wp-json\/wp\/v2\/categories?post=18574"},{"taxonomy":"post_tag","embeddable":true,"href":"https:\/\/latecordoba.com\/index.php\/wp-json\/wp\/v2\/tags?post=18574"}],"curies":[{"name":"wp","href":"https:\/\/api.w.org\/{rel}","templated":true}]}}