{"id":18568,"date":"2023-11-24T19:26:08","date_gmt":"2023-11-24T19:26:08","guid":{"rendered":"https:\/\/www.eldiariodeturismo.com.ar\/?p=239464"},"modified":"2023-11-24T19:26:08","modified_gmt":"2023-11-24T19:26:08","slug":"gala-a-pura-danza","status":"publish","type":"post","link":"https:\/\/latecordoba.com\/index.php\/2023\/11\/24\/gala-a-pura-danza\/","title":{"rendered":"Gala A Pura Danza\u00a0"},"content":{"rendered":"\n<p>El Ballet Hispania contin\u00faa las celebraciones por su 40 Aniversario participando en la GALA A PURA DANZA, bajo la Direcci\u00f3n General de Juan Pablo Ledo \u2013 Primer Bailar\u00edn del Teatro Col\u00f3n- que presentar\u00e1 una velada estelar, con todas las m\u00fasicas y ritmos al comp\u00e1s de la COMPA\u00d1\u00cdA FEDERAL DE DANZA ARGENTINA.<\/p>\n<p><img loading=\"lazy\" decoding=\"async\" class=\"aligncenter wp-image-239468 size-full\" src=\"http:\/\/latecordoba.com\/wp-content\/uploads\/2023\/11\/gala-a-pura-danza.jpg\" alt width=\"500\" height=\"625\" srcset=\"http:\/\/latecordoba.com\/wp-content\/uploads\/2023\/11\/gala-a-pura-danza.jpg 500w, https:\/\/www.eldiariodeturismo.com.ar\/wp-content\/uploads\/2023\/11\/GALA-A-PURA-DANZA-flyer-240x300.jpg 240w\" sizes=\"(max-width: 500px) 100vw, 500px\"><\/p>\n<p>El Ballet Hispania se suma a este espect\u00e1culo que contar\u00e1 con el&nbsp;estreno mundial de la pieza En- Verea creada por Juan Pedro Delgado Romero Bailar\u00edn solista de la Compa\u00f1\u00eda Antonio Gades (Espa\u00f1a). El Ballet con 4 d\u00e9cadas de trayectoria de&nbsp;Graciela R\u00edos Saiz &nbsp;y de&nbsp;Natalia R\u00edos Bonansea, se suma con la excelencia que lo caracteriza a esta puesta en escena cuya \u00fanica funci\u00f3n re\u00fane a los m\u00e1s renombrados artistas de la danza.<\/p>\n<p>El programa incluir\u00e1 la adaptaci\u00f3n de un fragmento de Giselle con la puesta y ensayo de la maestra Karina Olmedo, ex primera bailarina del Teatro Col\u00f3n, haciendo el estreno mundial de una pieza neocl\u00e1sica creada por Ledo para piano y viol\u00edn. La participaci\u00f3n del&nbsp;multipremiado Taco, Punta y Traspi\u00e9 Company con Tango Argentino que cuenta con recorridas a nivel internacional.&nbsp;Artistas invitados del Teatro Col\u00f3n, Ballet Folkl\u00f3rico Nacional,&nbsp;Escuela de Canto Coral del Ministerio de Cultura de la Naci\u00f3n bajo la&nbsp;producci\u00f3n general del Grupo Ledo.<\/p>\n<p>El Grupo Ledo promueve federalizar la cultura con el lanzamiento de la CFDA.<\/p>\n<p>En esta oportunidad habr\u00e1 una participaci\u00f3n&nbsp;especial de Omar Urraspuro, bailar\u00edn solista del Teatro Col\u00f3n y por parte del Ballet Hispania estar\u00e1n Natalia Bonansea R\u00edos ,Noelia Deluca, Luciana Di Lorenzo ,MijalCugat,Mar\u00eda Eugenia Seij\u00f3&nbsp; y Paula Su\u00e1rez . Al toque Sergio Barroso, al cante Carlos Soto L\u00f3pez y la percusi\u00f3n de Jos\u00e9 Baz\u00e1n, todos ellos bajo la Direcci\u00f3n de Graciela R\u00edos Saiz.<\/p>\n<p>La velada ser\u00e1 una gala excepcional con artistas y figuras invitadas de renombre, con m\u00e1s de 60 artistas en escena.<\/p>\n<p><img loading=\"lazy\" decoding=\"async\" class=\"aligncenter wp-image-239467 size-full\" src=\"http:\/\/latecordoba.com\/wp-content\/uploads\/2023\/11\/gala-a-pura-danza-1.jpg\" alt width=\"500\" height=\"333\" srcset=\"http:\/\/latecordoba.com\/wp-content\/uploads\/2023\/11\/gala-a-pura-danza-2.jpg 500w, https:\/\/www.eldiariodeturismo.com.ar\/wp-content\/uploads\/2023\/11\/GALA-A-PURA-DANZA-ensayo-300x200.jpg 300w\" sizes=\"(max-width: 500px) 100vw, 500px\"><\/p>\n<p><em>Viernes 1 de diciembre 20.30 hs<\/em><\/p>\n<p><em>Teatro Avenida (Av de Mayo 1222)<\/em><\/p>\n<p><em>Entradas&nbsp;en&nbsp;<\/em><em><a href=\"https:\/\/www.ticketek.com.ar\/gala-pura-danza\/teatro-avenida\" target=\"_blank\" rel=\"noopener\">Ticketek<\/a><\/em><\/p>\n<p>.<\/p>\n","protected":false},"excerpt":{"rendered":"<p> El Ballet Hispania contin\u00faa las celebraciones por su 40 Aniversario participando en la GALA A PURA DANZA, bajo la Direcci\u00f3n  <\/p>\n","protected":false},"author":1,"featured_media":18569,"comment_status":"open","ping_status":"closed","sticky":false,"template":"","format":"standard","meta":[],"categories":[19],"tags":[],"_links":{"self":[{"href":"https:\/\/latecordoba.com\/index.php\/wp-json\/wp\/v2\/posts\/18568"}],"collection":[{"href":"https:\/\/latecordoba.com\/index.php\/wp-json\/wp\/v2\/posts"}],"about":[{"href":"https:\/\/latecordoba.com\/index.php\/wp-json\/wp\/v2\/types\/post"}],"author":[{"embeddable":true,"href":"https:\/\/latecordoba.com\/index.php\/wp-json\/wp\/v2\/users\/1"}],"replies":[{"embeddable":true,"href":"https:\/\/latecordoba.com\/index.php\/wp-json\/wp\/v2\/comments?post=18568"}],"version-history":[{"count":0,"href":"https:\/\/latecordoba.com\/index.php\/wp-json\/wp\/v2\/posts\/18568\/revisions"}],"wp:featuredmedia":[{"embeddable":true,"href":"https:\/\/latecordoba.com\/index.php\/wp-json\/wp\/v2\/media\/18569"}],"wp:attachment":[{"href":"https:\/\/latecordoba.com\/index.php\/wp-json\/wp\/v2\/media?parent=18568"}],"wp:term":[{"taxonomy":"category","embeddable":true,"href":"https:\/\/latecordoba.com\/index.php\/wp-json\/wp\/v2\/categories?post=18568"},{"taxonomy":"post_tag","embeddable":true,"href":"https:\/\/latecordoba.com\/index.php\/wp-json\/wp\/v2\/tags?post=18568"}],"curies":[{"name":"wp","href":"https:\/\/api.w.org\/{rel}","templated":true}]}}