{"id":18566,"date":"2023-11-25T00:10:13","date_gmt":"2023-11-25T00:10:13","guid":{"rendered":"https:\/\/www.diariocronica.com.ar\/noticias\/2023\/11\/24\/89448-fifa-abrio-un-expediente-contra-argentina-y-brasil-tras-los-incidentes-en-el-maracana"},"modified":"2023-11-25T00:10:13","modified_gmt":"2023-11-25T00:10:13","slug":"fifa-abrio-un-expediente-contra-argentina-y-brasil-tras-los-incidentes-en-el-maracana","status":"publish","type":"post","link":"https:\/\/latecordoba.com\/index.php\/2023\/11\/25\/fifa-abrio-un-expediente-contra-argentina-y-brasil-tras-los-incidentes-en-el-maracana\/","title":{"rendered":"FIFA abri\u00f3 un expediente contra Argentina y Brasil tras los incidentes en el Maracan\u00e1"},"content":{"rendered":"\n<div class=\"media_block\"><a href=\"http:\/\/latecordoba.com\/wp-content\/uploads\/2023\/11\/fifa-abrio-un-expediente-contra-argentina-y-brasil-tras-los-incidentes-en-el-maracana.jpg\"><img decoding=\"async\" src=\"http:\/\/latecordoba.com\/wp-content\/uploads\/2023\/11\/fifa-abrio-un-expediente-contra-argentina-y-brasil-tras-los-incidentes-en-el-maracana.jpg\" class=\"media_thumbnail\"><\/a><\/div>\n<div><img decoding=\"async\" src=\"http:\/\/latecordoba.com\/wp-content\/uploads\/2023\/11\/fifa-abrio-un-expediente-contra-argentina-y-brasil-tras-los-incidentes-en-el-maracana.jpg\" class=\"ff-og-image-inserted\"><\/div>\n<p>\nLa m\u00e1xima autoridad evaluar\u00e1 si sancionar\u00e1 con multas econ\u00f3micas o deportivas, en lo que incluir\u00eda disputar encuentros sin p\u00fablico o en estadios neutrales.\n<\/p>\n<div readability=\"40.941176470588\">\n<p><strong>La FIFA abri\u00f3 un expediente contra la Selecci\u00f3n Argentina y a Brasil debido a la violencia hacia los hinchas en el Estadio Maracan\u00e1<\/strong>&nbsp;y que llev\u00f3 que se retrasara el inicio del encuentro por las Eliminatorias Sudamericanas.<\/p>\n<p>En principio,<strong>&nbsp;la Conmebol no se responsabiliz\u00f3 por los hechos y le pas\u00f3 el poder a la FIFA<\/strong>, quien este viernes, abri\u00f3 un proceso disciplinario contra la Asociaci\u00f3n del F\u00fatbol Argentino (AFA) y la Confederaci\u00f3n Brasile\u00f1a de F\u00fatbol (CBF).<\/p>\n<blockquote class=\"twitter-tweet\" readability=\"5.5613496932515\">\n<p lang=\"es\">\u00f0\u009f\u0087\u00a7\u00f0\u009f\u0087\u00b7 0-1 \u00f0\u009f\u0087\u00a6\u00f0\u009f\u0087\u00b7 \/\/ \u00f0\u009f\u0087\u00a7\u00f0\u009f\u0087\u00b7 0-3 \u00f0\u009f\u0087\u00a6\u00f0\u009f\u0087\u00b7<a href=\"https:\/\/twitter.com\/Argentina?ref_src=twsrc%5Etfw\">@Argentina<\/a> se qued\u00f3 con los dos \u00f0\u009d\u0090\u009c\u00f0\u009d\u0090\u00a5\u00f0\u009d\u0090\u009a\u00cc\u0081\u00f0\u009d\u0090\u00ac\u00f0\u009d\u0090\u00a2\u00f0\u009d\u0090\u009c\u00f0\u009d\u0090\u00a8\u00f0\u009d\u0090\u00ac ante Brasil de la semana. \u00f0\u009f\u0094\u00a5 <a href=\"https:\/\/twitter.com\/hashtag\/Somos26?src=hash&amp;ref_src=twsrc%5Etfw\">#Somos26<\/a> | <a href=\"https:\/\/twitter.com\/hashtag\/U17WC?src=hash&amp;ref_src=twsrc%5Etfw\">#U17WC<\/a> <a href=\"https:\/\/t.co\/Qri5X7vaE5\">pic.twitter.com\/Qri5X7vaE5<\/a><\/p>\n<p>\u2014 Copa Mundial FIFA \u00f0\u009f\u008f\u0086 (@fifaworldcup_es) <a href=\"https:\/\/twitter.com\/fifaworldcup_es\/status\/1728059880798408930?ref_src=twsrc%5Etfw\">November 24, 2023<\/a><\/p><\/blockquote>\n<p>En tanto,&nbsp;<strong>Argentina fue acusada de disturbios del p\u00fablico y por el inicio retrasado del encuentro<\/strong>&nbsp;del martes en R\u00edo de Janeiro, incumpliendo los art\u00edculos 14.5 y 17.2 del C\u00f3digo Disciplinario.<\/p>\n<p>Mientras que<strong>&nbsp;Brasil fue sancionado por la infracci\u00f3n al art\u00edculo 17, que se refiere al orden y a la seguridad dentro y fuera<\/strong>&nbsp;de los encuentros deportivos.<\/p>\n<p>Por su parte, el Comit\u00e9 Disciplinario&nbsp;<strong>evaluar\u00e1 qu\u00e9 sanciones les impondr\u00e1<\/strong>&nbsp;a ambas asociaciones. Seg\u00fan trascendi\u00f3, podr\u00edan ser&nbsp;<strong>multas econ\u00f3micas o deportivas<\/strong>, en lo que incluir\u00eda disputar encuentros sin p\u00fablico o en estadios neutrales.<\/p>\n<blockquote class=\"twitter-tweet\" readability=\"4.2913907284768\">\n<p lang=\"es\">EL DIBU DEFENDIENDO A LOS HINCHAS ARGENTINOS EN MEDIO DE LA REPRESI\u00d3N POLICIAL <a href=\"https:\/\/t.co\/iEXBISudaW\">pic.twitter.com\/iEXBISudaW<\/a><\/p>\n<p>\u2014 TyC Sports (@TyCSports) <a href=\"https:\/\/twitter.com\/TyCSports\/status\/1727126820875620854?ref_src=twsrc%5Etfw\">November 22, 2023<\/a><\/p><\/blockquote>\n<p>Los pr\u00f3ximos encuentros de Eliminatorias al Mundial no ser\u00e1n hasta septiembre 2024, donde Brasil recibe a Ecuador y Argentina a Chile. Igualmente, Brasil y Argentina podr\u00edan volverse a enfrentar en la pr\u00f3xima Copa Am\u00e9rica 2024, torneo que se disputar\u00e1 en Estados Unidos entre el 20 de junio y el 14 de julio. (NA)<\/p>\n<\/div>\n","protected":false},"excerpt":{"rendered":"\n<div class=\"media_block\"><a href=\"http:\/\/latecordoba.com\/wp-content\/uploads\/2023\/11\/fifa-abrio-un-expediente-contra-argentina-y-brasil-tras-los-incidentes-en-el-maracana.jpg\"><img decoding=\"async\" src=\"http:\/\/latecordoba.com\/wp-content\/uploads\/2023\/11\/fifa-abrio-un-expediente-contra-argentina-y-brasil-tras-los-incidentes-en-el-maracana.jpg\" class=\"media_thumbnail\"><\/a><\/div>\n<p>La m\u00e1xima autoridad evaluar\u00e1 si sancionar\u00e1 con multas econ\u00f3micas o deportivas, en lo que incluir\u00eda disputar encuentros sin p\u00fablico o en estadios neutrales. <\/p>\n","protected":false},"author":1,"featured_media":18567,"comment_status":"closed","ping_status":"closed","sticky":false,"template":"","format":"standard","meta":[],"categories":[17],"tags":[],"_links":{"self":[{"href":"https:\/\/latecordoba.com\/index.php\/wp-json\/wp\/v2\/posts\/18566"}],"collection":[{"href":"https:\/\/latecordoba.com\/index.php\/wp-json\/wp\/v2\/posts"}],"about":[{"href":"https:\/\/latecordoba.com\/index.php\/wp-json\/wp\/v2\/types\/post"}],"author":[{"embeddable":true,"href":"https:\/\/latecordoba.com\/index.php\/wp-json\/wp\/v2\/users\/1"}],"replies":[{"embeddable":true,"href":"https:\/\/latecordoba.com\/index.php\/wp-json\/wp\/v2\/comments?post=18566"}],"version-history":[{"count":0,"href":"https:\/\/latecordoba.com\/index.php\/wp-json\/wp\/v2\/posts\/18566\/revisions"}],"wp:featuredmedia":[{"embeddable":true,"href":"https:\/\/latecordoba.com\/index.php\/wp-json\/wp\/v2\/media\/18567"}],"wp:attachment":[{"href":"https:\/\/latecordoba.com\/index.php\/wp-json\/wp\/v2\/media?parent=18566"}],"wp:term":[{"taxonomy":"category","embeddable":true,"href":"https:\/\/latecordoba.com\/index.php\/wp-json\/wp\/v2\/categories?post=18566"},{"taxonomy":"post_tag","embeddable":true,"href":"https:\/\/latecordoba.com\/index.php\/wp-json\/wp\/v2\/tags?post=18566"}],"curies":[{"name":"wp","href":"https:\/\/api.w.org\/{rel}","templated":true}]}}