{"id":18562,"date":"2023-11-24T14:52:00","date_gmt":"2023-11-24T14:52:00","guid":{"rendered":"https:\/\/www.iprofesional.com\/management\/393277-que-piensan-los-empleados-sobre-la-ia-en-el-trabajo"},"modified":"2023-11-24T14:52:00","modified_gmt":"2023-11-24T14:52:00","slug":"que-piensan-los-empleados-sobre-la-inteligencia-artificial-en-el-trabajo","status":"publish","type":"post","link":"https:\/\/latecordoba.com\/index.php\/2023\/11\/24\/que-piensan-los-empleados-sobre-la-inteligencia-artificial-en-el-trabajo\/","title":{"rendered":"\u00bfQu\u00e9 piensan los empleados sobre la Inteligencia Artificial en el trabajo?"},"content":{"rendered":"\n<div class=\"media_block\"><img decoding=\"async\" src=\"http:\/\/latecordoba.com\/wp-content\/uploads\/2023\/11\/que-piensan-los-empleados-sobre-la-inteligencia-artificial-en-el-trabajo.jpg\"><\/div>\n<p>El Grupo Adecco, l\u00edder mundial en consultor\u00eda integral de recursos humanos, present\u00f3 la investigaci\u00f3n &#8220;Navegando la <strong><a href=\"https:\/\/www.iprofesional.com\/management\/393019-la-cantidad-de-empresas-con-gerentes-de-ia-se-triplico-en-5-anos\" target=\"_blank\" rel=\"noopener noreferrer\">Revoluci\u00f3n de la IA<\/a> y la Transformaci\u00f3n del Futuro del Trabajo<\/strong>&#8220;, realizada a nivel global durante julio y agosto de 2023. Los resultados surgen a partir de la participaci\u00f3n de 30.000 trabajadores de 23 pa\u00edses.\n<\/p>\n<p>El foco del estudio es el impacto de la <strong>inteligencia artificial (IA) y de la inteligencia artificial generativa (IAGen) en el trabajo<\/strong>.\n<\/p>\n<p>La distinci\u00f3n principal entre esas dos tecnolog\u00edas se encuentra en sus capacidades y aplicaciones. Los sistemas de IA tradicionales reconocen patrones, analizan datos y hacen predicciones en base a eso, pero la IAGen est\u00e1 un paso m\u00e1s adelante: crea nuevos datos a partir de los patrones que reconoce.\n<\/p>\n<h2>\u00bfQu\u00e9 piensan los empleados de la IA?<\/h2>\n<p>Aunque la fase actual de la IAGen est\u00e1 marcada por un gran optimismo, las organizaciones deber\u00e1n tener m\u00e1s planificaci\u00f3n para tratar el tema, apunt\u00f3 Adecco.\n<\/p>\n<p>Tanto los trabajadores como las empresas necesitan obtener un conocimiento con mayor profundidad acerca del tema, su potencial y su rol en el d\u00eda a d\u00eda laboral. Esto demanda tres cosas:\n<\/p>\n<ul>\n<li>gesti\u00f3n eficaz de cambios,<\/li>\n<li>mapeo de nuevos roles y<\/li>\n<li>agilidad en la incorporaci\u00f3n de habilidades.<\/li>\n<\/ul>\n<p><span>Solo el 7% de las personas encuestadas piensa que la IAGen les har\u00e1 perder sus trabajos<\/span>. En tanto que&nbsp;2 de cada 3 trabajadores relevados en esta encuesta cree que el impacto de la IA en sus empleos ser\u00e1 positivo.\n<\/p>\n<p>La mayor\u00eda de las personas ve a la IAGen como una tecnolog\u00eda que puede <strong>alivianar su carga laboral administrativa o repetitiva,<\/strong> d\u00e1ndoles tiempo para focalizarse en tareas m\u00e1s estrat\u00e9gicas (59%) y ahorrar tiempo en el trabajo (60%).\n<\/p>\n<div class=\"imagen\" readability=\"7\"><img decoding=\"async\" loading=\"lazy\" class=\"lazyload\" src=\"http:\/\/latecordoba.com\/wp-content\/uploads\/2023\/11\/que-piensan-los-empleados-sobre-la-inteligencia-artificial-en-el-trabajo-1.jpg\" alt=\"La gran mayor\u00eda de los trabajadores tiene una perspectiva optimista sobre la IA en el trabajo\" width=\"880\" height=\"494\"><\/p>\n<p>La gran mayor\u00eda de los trabajadores tiene una perspectiva optimista sobre la IA en el trabajo<\/p>\n<\/div>\n<p>Sin embargo, m\u00e1s all\u00e1 de lo que se pueda ganar en eficiencia, hay un 54% de los trabajadores que lo ve como un <strong>punto de entrada hacia nuevas oportunidades laborales<\/strong>, considerando que les abre puertas a trabajos a los que antes no pod\u00edan acceder.\n<\/p>\n<p>Aun cuando el sentimiento general est\u00e1 marcado por el optimismo, hay un 24% de los trabajadores que manifiesta no estar seguro de c\u00f3mo la IA impactar\u00e1 en su trabajo. Esto es as\u00ed especialmente para quienes tienen salarios m\u00e1s bajos (31% vs 17% con salarios altos) y quienes no trabajan en oficinas.\n<\/p>\n<p>Los empleados recurren a sus l\u00edderes cuando necesitan ser guiados acerca de un tema y la IA no es la excepci\u00f3n. <span>Sin embargo, 1 de cada 5 ejecutivos tambi\u00e9n siente incertidumbre acerca del impacto de la IA, lo que puede exacerbar el problema cuando su equipo busque ayuda<\/span>.\n<\/p>\n<p>En conclusi\u00f3n, se necesita educaci\u00f3n acerca del tema para entender de forma integral el impacto de la IA en el largo y mediano plazo. Para proteger la empleabilidad de los trabajadores, es clave ayudarlos a entender el impacto de esta tecnolog\u00eda en los roles individuales y proveer orientaci\u00f3n y planes de transici\u00f3n.\n<\/p>\n<h2>IA: reducir la brecha de acceso<\/h2>\n<p>El uso de la IAGen ya est\u00e1 difundido, pero su incorporaci\u00f3n y acceso en el trabajo no son equitativos. Para encarar esta brecha, se debe asegurar la inclusi\u00f3n en el acceso a esta herramienta.\n<\/p>\n<ul>\n<li>El 46% de los trabajadores recibe orientaci\u00f3n por parte de sus empleadores acerca del uso de la IA en el trabajo.<\/li>\n<li>El 76% de los trabajadores con t\u00edtulos universitarios utiliza IAGen en el trabajo, mientras que, en el caso de aquellos con solo el secundario completo, se reduce a un 51%.<\/li>\n<li>El 70% de los trabajadores usa IAGen en el trabajo, con herramientas como ChatGPT o Google Bard.<\/li>\n<li>El 11% no sabe c\u00f3mo usar IAGen ni qu\u00e9 es.<\/li>\n<\/ul>\n<div class=\"imagen\" readability=\"7\"><img decoding=\"async\" loading=\"lazy\" class=\"lazyload\" src=\"http:\/\/latecordoba.com\/wp-content\/uploads\/2023\/11\/que-piensan-los-empleados-sobre-la-inteligencia-artificial-en-el-trabajo-2.jpg\" alt=\"Riesgo de que se profundicen las barreras de acceso a la IA\" width=\"880\" height=\"495\"><\/p>\n<p>Riesgo de que se profundicen las barreras de acceso a la IA<\/p>\n<\/div>\n<p><strong>\u00bfPor qu\u00e9 usan IAGen?<\/strong>\n<\/p>\n<ul>\n<li>&#8220;Permite encontrar informaci\u00f3n con mucha rapidez&#8221;<\/li>\n<li>&#8220;Ahorra tiempo en tareas b\u00e1sicas o de rutina&#8221;<\/li>\n<li>&#8220;Permite resumir informaci\u00f3n con agilidad&#8221;<\/li>\n<\/ul>\n<p>\u00bfPor qu\u00e9 no se usa la IAGen? Algunos motivos son:\n<\/p>\n<ul>\n<li>No conf\u00edo en esa tecnolog\u00eda (35%)<\/li>\n<li>No s\u00e9 qu\u00e9 es \/ c\u00f3mo usarla (14%)<\/li>\n<li>No hay orientaci\u00f3n acerca de c\u00f3mo usarla (8%)<\/li>\n<li>No puedo acceder a la tecnolog\u00eda (7%)<\/li>\n<\/ul>\n<p>Existe un <strong>riesgo de que sea m\u00e1s pronunciada la brecha<\/strong> entre los trabajadores que tienen acceso a herramientas y tecnolog\u00edas avanzadas y las usan, y aquellos que no. Sin un acceso equitativo, capacitaciones y apoyo por parte de los empleadores, muchos se quedar\u00e1n atr\u00e1s. Ser\u00e1 clave que desde las empresas puedan tener esto en consideraci\u00f3n como una oportunidad de responsabilidad social para asegurar capacitaciones y mejora de habilidades, asegur Adecco.\n<\/p>\n<p>A nivel global, un 58% de los trabajadores considera que la IA mejorar\u00e1 sus opciones de carrera profesional, mientras que un 57% quiere capacitaci\u00f3n en IA por parte de sus empleadores. Esto es motivo suficiente para aprovechar su motivaci\u00f3n e iniciativa, hacerlos parte de la transformaci\u00f3n digital de la organizaci\u00f3n y as\u00ed capitalizar las habilidades para el desarrollo de la compa\u00f1\u00eda mediante la formaci\u00f3n.\n<\/p>\n<p>En tiempos en que la tecnolog\u00eda reemplaza habilidades t\u00e9cnicas, hay un crecimiento exponencial de la importancia de las habilidades blandas. El liderazgo, las habilidades humanas, la empat\u00eda y la inteligencia emocional se mantendr\u00e1n relevantes distante la transici\u00f3n a la IA. Para capitalizar el ritmo cambiante del trabajo, las organizaciones deber\u00edan focalizarse en ofrecer coaching, entrenamientos y desarrollo del liderazgo.\n<\/p>\n<p>\u00bfCu\u00e1l ser\u00e1 el rol de los humanos en el futuro? De acuerdo con los trabajadores, los <strong>atributos humanos como inteligencia emocional y empat\u00eda<\/strong> no pueden ser reemplazados por la IA. El 61% coincide en que &#8220;la IA es simplemente una herramienta m\u00e1s y el contacto humano influye m\u00e1s en el trabajo.&#8221;<\/p>\n","protected":false},"excerpt":{"rendered":"\n<div class=\"media_block\"><img decoding=\"async\" src=\"http:\/\/latecordoba.com\/wp-content\/uploads\/2023\/11\/que-piensan-los-empleados-sobre-la-inteligencia-artificial-en-el-trabajo.jpg\"><\/div>\n<p> Existe un riesgo de que se ampl\u00ede la brecha entre quienes acceden a la tecnolog\u00eda de IA y quienes no. C\u00f3mo pueden las empresas evitarlo <iframe width=\"0\" height=\"0\" border=\"0\"> <script> (function(i,s,o,g,r,a,m){i['GoogleAnalyticsObject']=r;i[r]=i[r]||function(){ (i[r].q=i[r].q||[]).push(arguments)},i[r].l=1*new Date();a=s.createElement(o), m=s.getElementsByTagName(o)[0];a.async=1;a.src=g;m.parentNode.insertBefore(a,m) })(window,document,'script','https:\/\/www.google-analytics.com\/analytics.js','ga'); ga('create', 'GTM-5LW5KQD', 'auto'); ga('require', 'displayfeatures'); ga('set', 'campaignSource', 'RSS Client for iProfesional'); ga('set', 'campaignMedium', 'RSS Client for iProfesional'); ga('set', {\"dataSource\": \"rss.atom.iprofesional.com\"}); ga('set', {\"referrer\": \"rss.atom.iprofesional.com\"}); ga('set', 'title', 'RSS Client for iProfesional'); ga('send', 'pageview'); <\/script> <!-- Begin comScore Tag --> <script> var _comscore = _comscore || []; _comscore.push({ c1: \"2\", c2: \"16597048\" }); (function() { var s = document.createElement(\"script\"), el = document.getElementsByTagName(\"script\")[0]; s.async = true; s.src = \"https:\/\/sb.scorecardresearch.com\/cs\/16597048\/beacon.js\"; el.parentNode.insertBefore(s, el); })(); <\/script> <noscript> <img decoding=\"async\" src=\"http:\/\/latecordoba.com\/wp-content\/uploads\/2023\/11\/que-piensan-los-empleados-sobre-la-inteligencia-artificial-en-el-trabajo.gif\"> <\/noscript> <!-- End comScore Tag --> <\/iframe> <iframe border=\"0px\" style=\"display: none\" width=0 height=0 src=\"https:\/\/www.iprofesional.com\/ga4.html?gtag_id=G-N13KWJP8BK&amp;title=\u00bfQu\u00e9 piensan los empleados sobre la Inteligencia Artificial en el trabajo?&amp;location=https:\/\/www.iprofesional.com\/management\/393277-que-piensan-los-empleados-sobre-la-ia-en-el-trabajo&amp;referrer=rss.atom.iprofesional.com&amp;ci=RSS Client for iProfesional&amp;cs=RSS Client for iProfesional&amp;cm=RSS&amp;cn=RSS Client for iProfesional&amp;cc=RSS Client for iProfesional\"><\/iframe>  <\/p>\n","protected":false},"author":1,"featured_media":18563,"comment_status":"open","ping_status":"closed","sticky":false,"template":"","format":"standard","meta":[],"categories":[13],"tags":[],"_links":{"self":[{"href":"https:\/\/latecordoba.com\/index.php\/wp-json\/wp\/v2\/posts\/18562"}],"collection":[{"href":"https:\/\/latecordoba.com\/index.php\/wp-json\/wp\/v2\/posts"}],"about":[{"href":"https:\/\/latecordoba.com\/index.php\/wp-json\/wp\/v2\/types\/post"}],"author":[{"embeddable":true,"href":"https:\/\/latecordoba.com\/index.php\/wp-json\/wp\/v2\/users\/1"}],"replies":[{"embeddable":true,"href":"https:\/\/latecordoba.com\/index.php\/wp-json\/wp\/v2\/comments?post=18562"}],"version-history":[{"count":0,"href":"https:\/\/latecordoba.com\/index.php\/wp-json\/wp\/v2\/posts\/18562\/revisions"}],"wp:featuredmedia":[{"embeddable":true,"href":"https:\/\/latecordoba.com\/index.php\/wp-json\/wp\/v2\/media\/18563"}],"wp:attachment":[{"href":"https:\/\/latecordoba.com\/index.php\/wp-json\/wp\/v2\/media?parent=18562"}],"wp:term":[{"taxonomy":"category","embeddable":true,"href":"https:\/\/latecordoba.com\/index.php\/wp-json\/wp\/v2\/categories?post=18562"},{"taxonomy":"post_tag","embeddable":true,"href":"https:\/\/latecordoba.com\/index.php\/wp-json\/wp\/v2\/tags?post=18562"}],"curies":[{"name":"wp","href":"https:\/\/api.w.org\/{rel}","templated":true}]}}