{"id":18556,"date":"2023-11-24T22:14:43","date_gmt":"2023-11-24T22:14:43","guid":{"rendered":"https:\/\/viapais.com.ar\/tucuman\/el-martes-jaldo-participara-en-una-reunion-con-los-gobernadores-justicialistas-en-buenos-aires\/"},"modified":"2023-11-24T22:14:43","modified_gmt":"2023-11-24T22:14:43","slug":"el-martes-jaldo-participara-en-una-reunion-con-los-gobernadores-justicialistas-en-buenos-aires","status":"publish","type":"post","link":"https:\/\/latecordoba.com\/index.php\/2023\/11\/24\/el-martes-jaldo-participara-en-una-reunion-con-los-gobernadores-justicialistas-en-buenos-aires\/","title":{"rendered":"El martes, Jaldo participar\u00e1 en una reuni\u00f3n con los gobernadores justicialistas en Buenos Aires"},"content":{"rendered":"\n<div><img decoding=\"async\" src=\"http:\/\/latecordoba.com\/wp-content\/uploads\/2023\/11\/el-martes-jaldo-participara-en-una-reunion-con-los-gobernadores-justicialistas-en-buenos-aires.jpg\" class=\"ff-og-image-inserted\"><\/div>\n<section readability=\"25\">\n<p>El gobernador,&nbsp;<b>Osvaldo Jaldo<\/b>, adelant\u00f3 que el martes al mediod\u00eda se reunir\u00e1 en CABA con sus pares del Partido Justicialista para reclamar por los fondos de los impuestos coparticipables de Ganancias e IVA.<\/p>\n<p>\u201cSeguiremos insistiendo en los planteos de recuperar los recursos coparticipables que la Naci\u00f3n cedi\u00f3, como es el impuesto a las Ganancias y el IVA. Bajo ning\u00fan punto de vista vamos a resignar esos recursos que no son nuestros, son de cada uno de los tucumanos\u201d, asever\u00f3 Jaldo.<\/p>\n<p>En esa l\u00ednea, remarc\u00f3 que los reclamos se har\u00e1n \u201cprimero por la v\u00eda del di\u00e1logo; segundo, por la v\u00eda administrativa y luego, por la parte pol\u00edtica con este gobierno hasta el \u00faltimo d\u00eda de mi mandato y seguir\u00e1n en el pr\u00f3ximo gobierno\u201d.<\/p>\n<p><b>\u201cSon recursos que por ley nos corresponden a los tucumanos\u201d, sostuvo y detall\u00f3 que la quita de esos recursos implica casi \u201c$80.000 millones, una planilla y media de sueldos\u201d.<\/b><\/p>\n<\/section>\n<div class=\"noreadme-audima\">\n<h2>Temas Relacionados<\/h2>\n<\/div>\n","protected":false},"excerpt":{"rendered":"<p>El gobernador,&nbsp;Osvaldo Jaldo, adelant\u00f3 que el martes al mediod\u00eda se reunir\u00e1 en CABA con sus pares del Partido Justicialista para reclamar por los fondos de los impuestos coparticipables de Ganancias e IVA. \u201cSeguiremos insistiendo en los planteos de recuperar los recursos coparticipables que la Naci\u00f3n cedi\u00f3, como es el impuesto a las Ganancias y el [&hellip;]<\/p>\n","protected":false},"author":1,"featured_media":18557,"comment_status":"closed","ping_status":"closed","sticky":false,"template":"","format":"standard","meta":[],"categories":[15],"tags":[],"_links":{"self":[{"href":"https:\/\/latecordoba.com\/index.php\/wp-json\/wp\/v2\/posts\/18556"}],"collection":[{"href":"https:\/\/latecordoba.com\/index.php\/wp-json\/wp\/v2\/posts"}],"about":[{"href":"https:\/\/latecordoba.com\/index.php\/wp-json\/wp\/v2\/types\/post"}],"author":[{"embeddable":true,"href":"https:\/\/latecordoba.com\/index.php\/wp-json\/wp\/v2\/users\/1"}],"replies":[{"embeddable":true,"href":"https:\/\/latecordoba.com\/index.php\/wp-json\/wp\/v2\/comments?post=18556"}],"version-history":[{"count":0,"href":"https:\/\/latecordoba.com\/index.php\/wp-json\/wp\/v2\/posts\/18556\/revisions"}],"wp:featuredmedia":[{"embeddable":true,"href":"https:\/\/latecordoba.com\/index.php\/wp-json\/wp\/v2\/media\/18557"}],"wp:attachment":[{"href":"https:\/\/latecordoba.com\/index.php\/wp-json\/wp\/v2\/media?parent=18556"}],"wp:term":[{"taxonomy":"category","embeddable":true,"href":"https:\/\/latecordoba.com\/index.php\/wp-json\/wp\/v2\/categories?post=18556"},{"taxonomy":"post_tag","embeddable":true,"href":"https:\/\/latecordoba.com\/index.php\/wp-json\/wp\/v2\/tags?post=18556"}],"curies":[{"name":"wp","href":"https:\/\/api.w.org\/{rel}","templated":true}]}}