{"id":18554,"date":"2023-11-23T22:21:02","date_gmt":"2023-11-23T22:21:02","guid":{"rendered":"http:\/\/www.radiourbanasf.com.ar\/?p=18291"},"modified":"2023-11-23T22:21:02","modified_gmt":"2023-11-23T22:21:02","slug":"la-renga-en-ushuaia","status":"publish","type":"post","link":"https:\/\/latecordoba.com\/index.php\/2023\/11\/23\/la-renga-en-ushuaia\/","title":{"rendered":"La Renga en Ushuaia"},"content":{"rendered":"\n<div><img decoding=\"async\" src=\"http:\/\/latecordoba.com\/wp-content\/uploads\/2023\/11\/la-renga-en-ushuaia.png\" class=\"ff-og-image-inserted\"><\/div>\n<p><!-- .share-post --> <!-- WhatsApp Share Button for WordPress: http:\/\/peadig.com\/wordpress-plugins\/whatsapp-share-button\/ --><\/p>\n<h2>Ya se acerca una de las fechas m\u00e1s importantes de la banda de rock nacional y desde las autoridades de la provincia de Tierra del Fuego destacaron que nunca hubo un movimiento de gente tan grande en la ciudad de Ushuaia.<\/h2>\n<p>La banda argentina de rock <a href=\"https:\/\/www.cmtv.com.ar\/biografia\/show.php?bnid=164&amp;banda=La_Renga\"><b>La Renga<\/b><\/a> estar\u00e1 tocando este fin de semana por primera vez en la ciudad de Ushuaia, Tierra del Fuego tal como adelantamos d\u00edas atr\u00e1s, en donde llevar\u00e1 su show \u201c<i><b>La Renga Desde El Fin Del Mundo<\/b><\/i>\u201d.<\/p>\n<p>El encuentro ser\u00e1 en el Hangar del Viejo Aeropuerto a las 21 horas y se esperan m\u00e1s de 17 mil personas que llegan desde todas partes del pa\u00eds.<\/p>\n<p>La presidenta de la c\u00e1mara de comercio Claudia Fern\u00e1ndez dijo:&nbsp;<i>\u201cEs la primera vez que vamos a tener este movimiento tan importante en la ciudad\u201d<\/i>&nbsp;y destaco que va a ser muy positivo para la ciudad aunque habr\u00e1 que fortalecer las medidas de seguridad para que sea un fin de semana tranquilo.<\/p>\n<p>As\u00ed mismo recordamos que se llevar\u00e1 a cabo una transmisi\u00f3n en vivo por streaming via Star+, dicho contenido estar\u00e1 disponible para verlo por el On Demand de la plataforma de entretenimiento.<\/p>\n<p><!-- WhatsApp Share Button for WordPress: http:\/\/peadig.com\/wordpress-plugins\/whatsapp-share-button\/ -->  <\/p>\n","protected":false},"excerpt":{"rendered":"\n<div style=\"float:right;margin:0 0 20px 20px;\"><img decoding=\"async\" width=\"150\" height=\"150\" src=\"http:\/\/latecordoba.com\/wp-content\/uploads\/2023\/11\/la-renga-en-ushuaia-1.png\" class=\"attachment-thumbnail size-thumbnail wp-post-image\" alt=\"\" loading=\"lazy\" \/><\/div>\n<p>Ya se acerca una de las fechas m\u00e1s importantes de la banda de rock nacional y desde las autoridades de la provincia de Tierra del Fuego destacaron que nunca hubo un movimiento de gente tan grande en la ciudad de Ushuaia. La banda argentina de rock La Renga estar\u00e1 tocando este fin de semana por &#8230;  <\/p>\n","protected":false},"author":1,"featured_media":18555,"comment_status":"closed","ping_status":"closed","sticky":false,"template":"","format":"standard","meta":[],"categories":[20],"tags":[],"_links":{"self":[{"href":"https:\/\/latecordoba.com\/index.php\/wp-json\/wp\/v2\/posts\/18554"}],"collection":[{"href":"https:\/\/latecordoba.com\/index.php\/wp-json\/wp\/v2\/posts"}],"about":[{"href":"https:\/\/latecordoba.com\/index.php\/wp-json\/wp\/v2\/types\/post"}],"author":[{"embeddable":true,"href":"https:\/\/latecordoba.com\/index.php\/wp-json\/wp\/v2\/users\/1"}],"replies":[{"embeddable":true,"href":"https:\/\/latecordoba.com\/index.php\/wp-json\/wp\/v2\/comments?post=18554"}],"version-history":[{"count":0,"href":"https:\/\/latecordoba.com\/index.php\/wp-json\/wp\/v2\/posts\/18554\/revisions"}],"wp:featuredmedia":[{"embeddable":true,"href":"https:\/\/latecordoba.com\/index.php\/wp-json\/wp\/v2\/media\/18555"}],"wp:attachment":[{"href":"https:\/\/latecordoba.com\/index.php\/wp-json\/wp\/v2\/media?parent=18554"}],"wp:term":[{"taxonomy":"category","embeddable":true,"href":"https:\/\/latecordoba.com\/index.php\/wp-json\/wp\/v2\/categories?post=18554"},{"taxonomy":"post_tag","embeddable":true,"href":"https:\/\/latecordoba.com\/index.php\/wp-json\/wp\/v2\/tags?post=18554"}],"curies":[{"name":"wp","href":"https:\/\/api.w.org\/{rel}","templated":true}]}}