{"id":18552,"date":"2023-11-23T22:14:03","date_gmt":"2023-11-23T22:14:03","guid":{"rendered":"https:\/\/radioritmo.com.ar\/?p=15134"},"modified":"2023-11-23T22:14:03","modified_gmt":"2023-11-23T22:14:03","slug":"el-mensaje-de-la-mona-jimenez-tras-el-triunfo-de-javier-milei","status":"publish","type":"post","link":"https:\/\/latecordoba.com\/index.php\/2023\/11\/23\/el-mensaje-de-la-mona-jimenez-tras-el-triunfo-de-javier-milei\/","title":{"rendered":"El mensaje de La Mona Jim\u00e9nez tras el triunfo de Javier Milei"},"content":{"rendered":"\n<div><img decoding=\"async\" src=\"http:\/\/latecordoba.com\/wp-content\/uploads\/2023\/11\/el-mensaje-de-la-mona-jimenez-tras-el-triunfo-de-javier-milei.jpg\" class=\"ff-og-image-inserted\"><\/div>\n<p>El rey del cuarteto se expres\u00f3 luego del balotaje. Su deseo para los argentinos.<\/p>\n<p>La elecci\u00f3n de&nbsp;<strong>Javier Milei<\/strong>&nbsp;como&nbsp;<strong><a href=\"https:\/\/eldoce.tv\/opinion\/por-que-milei-habia-ganado-antes-ganar-balotaje-elecciones_158571\" target=\"_blank\" rel=\"noopener noreferrer\">futuro presidente del&nbsp;<\/a><\/strong><a href=\"https:\/\/eldoce.tv\/opinion\/por-que-milei-habia-ganado-antes-ganar-balotaje-elecciones_158571\" target=\"_blank\" rel=\"noopener noreferrer\"><strong>pa\u00eds&nbsp;<\/strong><\/a>fue el tema que estuvo en boca de todos desde el balotaje del domingo pasado. Esa misma noche,&nbsp;<strong>La Mona grab\u00f3 un video deseando lo mejor para los argentinos<\/strong>. Luego, el cordob\u00e9s m\u00e1s famoso sigui\u00f3 la noche<a href=\"https:\/\/eldoce.tv\/cuarteteando\/codoba-cuarteto-modo-bailarin-la-mona-alegro-cumple-nati-jimenez_158502\" target=\"_blank\" rel=\"noopener noreferrer\">&nbsp;e hizo de las suyas<\/a>&nbsp;en el cumplea\u00f1os de su hija Nati Jim\u00e9nez.<\/p>\n<p>Despu\u00e9s de varias semanas de ardua campa\u00f1a electoral por parte de ambas fuerzas pol\u00edticas, el pueblo se decidi\u00f3 por el candidato libertario.\u201dBasta, por favor.&nbsp;<strong>Ya termin\u00f3 todo, hoy comienza una nueva etapa de la Argentina, y que Dios los ayude a todos<\/strong>. Salud\u201d, dijo La Mona.<\/p>\n<p>En los d\u00edas previos al balotaje, Lorena Jim\u00e9nez, la hija del Mandam\u00e1s, se hab\u00eda pronunciado en contra de Milei.&nbsp;<a href=\"https:\/\/eldoce.tv\/cuarteteando\/cordoba-cuarteto-lore-jimenez-cruzo-milei-cuarteto-importa-bledo_157853\" target=\"_blank\" rel=\"noopener noreferrer\"><strong>La cuartetera apunt\u00f3 fuertemente<\/strong><\/a>&nbsp;contra el presidente electo y escribi\u00f3:&nbsp;<strong>\u201cNac\u00ed cuartetera, de clase media y peronista y con dos padres crecidos en casas peroratas\u201d.&nbsp;<\/strong><\/p>\n","protected":false},"excerpt":{"rendered":"<p> El rey del cuarteto se expres\u00f3 luego del balotaje. Su deseo para los argentinos. La elecci\u00f3n de\u00a0Javier Milei\u00a0como\u00a0futuro presidente del\u00a0pa\u00eds\u00a0fue el tema que estuvo en boca de todos desde el balotaje del domingo pasado. Esa misma noche,\u00a0La Mona grab\u00f3 un video deseando lo mejor para los argentinos. Luego, el cordob\u00e9s m\u00e1s famoso sigui\u00f3 la noche\u00a0e &#8230;  <\/p>\n","protected":false},"author":1,"featured_media":18553,"comment_status":"closed","ping_status":"closed","sticky":false,"template":"","format":"standard","meta":[],"categories":[20],"tags":[],"_links":{"self":[{"href":"https:\/\/latecordoba.com\/index.php\/wp-json\/wp\/v2\/posts\/18552"}],"collection":[{"href":"https:\/\/latecordoba.com\/index.php\/wp-json\/wp\/v2\/posts"}],"about":[{"href":"https:\/\/latecordoba.com\/index.php\/wp-json\/wp\/v2\/types\/post"}],"author":[{"embeddable":true,"href":"https:\/\/latecordoba.com\/index.php\/wp-json\/wp\/v2\/users\/1"}],"replies":[{"embeddable":true,"href":"https:\/\/latecordoba.com\/index.php\/wp-json\/wp\/v2\/comments?post=18552"}],"version-history":[{"count":0,"href":"https:\/\/latecordoba.com\/index.php\/wp-json\/wp\/v2\/posts\/18552\/revisions"}],"wp:featuredmedia":[{"embeddable":true,"href":"https:\/\/latecordoba.com\/index.php\/wp-json\/wp\/v2\/media\/18553"}],"wp:attachment":[{"href":"https:\/\/latecordoba.com\/index.php\/wp-json\/wp\/v2\/media?parent=18552"}],"wp:term":[{"taxonomy":"category","embeddable":true,"href":"https:\/\/latecordoba.com\/index.php\/wp-json\/wp\/v2\/categories?post=18552"},{"taxonomy":"post_tag","embeddable":true,"href":"https:\/\/latecordoba.com\/index.php\/wp-json\/wp\/v2\/tags?post=18552"}],"curies":[{"name":"wp","href":"https:\/\/api.w.org\/{rel}","templated":true}]}}