{"id":18545,"date":"2023-11-24T14:20:20","date_gmt":"2023-11-24T14:20:20","guid":{"rendered":"http:\/\/12b1321bb3dcb63d33df0c11c058c609"},"modified":"2023-11-24T14:20:20","modified_gmt":"2023-11-24T14:20:20","slug":"schiaretti-le-saca-otro-ministro-a-llaryora-para-mandarselo-a-milei","status":"publish","type":"post","link":"https:\/\/latecordoba.com\/index.php\/2023\/11\/24\/schiaretti-le-saca-otro-ministro-a-llaryora-para-mandarselo-a-milei\/","title":{"rendered":"Schiaretti le saca otro ministro a Llaryora para mand\u00e1rselo a Milei"},"content":{"rendered":"\n<div class=\"media_block\"><img decoding=\"async\" src=\"http:\/\/latecordoba.com\/wp-content\/uploads\/2023\/11\/schiaretti-le-saca-otro-ministro-a-llaryora-para-mandarselo-a-milei.jpg\"><\/div>\n<p>&nbsp;A horas de la concretarse la incorporaci\u00f3n de Franco Mogetta, el actual titular de la secretar\u00eda de Transporte en C\u00f3rdoba para ocupar el mismo cargo en Naci\u00f3n y de confirmar a Osvaldo Giordano en Anses, el cordobesismo est\u00e1 a punto de sumar el tercer hombre al gabinete de Javier Milei. Se trata de Fabi\u00e1n L\u00f3pez, actual ministro de Servicios P\u00fablicos de Schiaretti y uno de los que hab\u00eda asegurado su continuidad con el gobernador electo Mart\u00edn Llaryora.<\/p>\n<p>L\u00f3pez es un t\u00e9cnico que encabez\u00f3 esa cartera en las dos \u00faltimas gestiones de Schiaretti en C\u00f3rdoba. En la anterior, cuando le toc\u00f3 convivir con el macrismo gobernando a nivel nacional, su ministerio se denominaba Agua, Ambiente y Servicios P\u00fablicos y tuvo a su cargo, entre otras cuestiones, el proyecto de los gasoductos troncales. Obra emblema durante esa gesti\u00f3n de Schiaretti y que tambi\u00e9n incluy\u00f3 cortocircuitos con la oposici\u00f3n por la participaci\u00f3n de la brasile\u00f1a Oderbrecht en parte del proyecto.<\/p>\n<p>L\u00f3pez estuvo en el arranque de la semana en Buenos Aires y ahora, despu\u00e9s de la Cumbre de Econom\u00eda Circular de la que particip\u00f3, retorn\u00f3 para seguir conversaciones en despachos porte\u00f1os. Su lugar ser\u00eda en el \u00e1rea de Energ\u00eda y as\u00ed Milei cerrar\u00eda un frente completo de los tres grandes reclamos del schiarettismo a la Naci\u00f3n durante el kirchnerismo: Caja de Jubilaciones y subsidios a transporte y energ\u00eda.<\/p>\n<p>En el primer caso, la cara de esa tensi\u00f3n en cada una de las negociaciones fue Giordano; en transporte, Mogetta; y desde Twitter -hoy \u2018X&#8217;-, L\u00f3pez se cruz\u00f3 con varios funcionarios del actual gobierno de Alberto Fern\u00e1ndez durante estos cuatro a\u00f1os por los subsidios energ\u00e9ticos.<\/p>\n<p>Adem\u00e1s de ser muy cr\u00edtico con el kirchnerismo por la pol\u00edtica de biocombustibles y las diferencias entre los cordobeses con los funcionarios nacionales por el corte.<\/p>\n<p><a href=\"https:\/\/www.lapoliticaonline.com\/tools\/redirect.php?t=3&amp;i=275045&amp;s=1d6048804bf9bee643c3d802224decd8\" target=\"_blank\" class=\"link-type-content content-type-noticia-ar\" rel=\"noopener\">Por presi\u00f3n de Pettovello, Milei baj\u00f3 a P\u00edparo de la Anses y va un hombre de Schiaretti<\/a><\/p>\n<p>De los tres, Mogetta ya se mueve como nuevo integrante dentro del ministerio que encabezar\u00e1 el mile\u00edsta Guillermo Ferraro. Con Giordano hubo conversaciones desde el esquema libertario con el actual ministro de Finanzas de Schiaretti que se encuentra de vacaciones en el exterior y la confirmaci\u00f3n de su desembarco en Anses se conoci\u00f3 antes de este mediod\u00eda.<\/p>\n<figure class=\"vsmimage\" contenteditable=\"false\"><img decoding=\"async\" loading=\"lazy\" alt=\"Fabi\u00e1n L\u00f3pez\" data-vsmid=\"209179\" data-owidth=\"1280\" data-oheight=\"853\" src=\"data:image\/png;base64,iVBORw0KGgoAAAANSUhEUgAAAx4AAAIOAQMAAAAMVUlSAAAAA1BMVEUAAACnej3aAAAAAXRSTlMAQObYZgAAAElJREFUeJztwQEBAAAAgiD\/r25IQAEAAAAAAAAAAAAAAAAAAAAAAAAAAAAAAAAAAAAAAAAAAAAAAAAAAAAAAAAAAAAAAAAAAPBjz4YAAXoxaWgAAAAASUVORK5CYII=\" vsmidos=\"1\" vsmsrc=\"\/files\/image\/209\/209179\/6560b3f5c41c7_798_526!.jpg?s=b85643ece44ac37a167b9a04d0ba5114&amp;d=1700836772\" width=\"798\" height=\"526\"><\/figure>\n<p>En tanto, con L\u00f3pez tambi\u00e9n hablaron y el propio ministro tuvo un encuentro clave en las \u00faltimas horas que ayudan a entender por d\u00f3nde pasar\u00e1 su futuro inmediato. Esta semana tuvo casi una hora de conversaci\u00f3n con Hugo Testa, un hist\u00f3rico del delasotismo que hab\u00eda sonado como su sucesor en Servicios P\u00fablicos durante la gesti\u00f3n de Llaryora.<\/p>\n<p>Algo que se enfri\u00f3 anoche en una cena en la que el propio L\u00f3pez sonde\u00f3 dentro de su equipo qui\u00e9nes lo acompa\u00f1ar\u00edan a Buenos Aires.<\/p>\n<p>Parte de la conversaci\u00f3n con Testa pas\u00f3 por la reciente promesa del gobernador electo y del actual Schiaretti con la construcci\u00f3n del acueducto troncal que se construir\u00e1 entre las gestiones de Llaryora y el santafesino Maximiliano Pullaro para traer agua desde el Paran\u00e1 a territorio cordob\u00e9s. Obra que cuenta con fondos de Medio Oriente, hacia donde realizaron el \u00faltimo viaje juntos Schiaretti y Llaryora. <\/p>\n<p>En todos los casos, en los principales despachos schiarettistas se atajan diciendo que &#8220;son acuerdos personales&#8221;. Y que ninguno consult\u00f3 al propio Schiaretti. Sin embargo, en el entorno de los futuros mile\u00edstas, coincidieron a LPO con una frase que asevera el di\u00e1logo directo entre el l\u00edder libertario y el socio fundador del cordobesismo: &#8220;Llam\u00f3 el \u20181&#8242; para darle una mano a la gente de Naci\u00f3n. Son tipos con los que se puede consensuar&#8221;, dijeron los cordobeses contactados.&nbsp;<\/p>\n","protected":false},"excerpt":{"rendered":"\n<div class=\"media_block\"><img decoding=\"async\" src=\"http:\/\/latecordoba.com\/wp-content\/uploads\/2023\/11\/schiaretti-le-saca-otro-ministro-a-llaryora-para-mandarselo-a-milei.jpg\"><\/div>\n<p>Con la confirmaci\u00f3n de Mogetta en Transporte y Giordano en Anses, el gobernador habilita el desembarco de Fabi\u00e1n L\u00f3pez, actual titular de la cartera de Servicios P\u00fablicos en C\u00f3rdoba. Ir\u00eda a Energ\u00eda.  <\/p>\n","protected":false},"author":1,"featured_media":18546,"comment_status":"closed","ping_status":"closed","sticky":false,"template":"","format":"standard","meta":[],"categories":[18],"tags":[],"_links":{"self":[{"href":"https:\/\/latecordoba.com\/index.php\/wp-json\/wp\/v2\/posts\/18545"}],"collection":[{"href":"https:\/\/latecordoba.com\/index.php\/wp-json\/wp\/v2\/posts"}],"about":[{"href":"https:\/\/latecordoba.com\/index.php\/wp-json\/wp\/v2\/types\/post"}],"author":[{"embeddable":true,"href":"https:\/\/latecordoba.com\/index.php\/wp-json\/wp\/v2\/users\/1"}],"replies":[{"embeddable":true,"href":"https:\/\/latecordoba.com\/index.php\/wp-json\/wp\/v2\/comments?post=18545"}],"version-history":[{"count":0,"href":"https:\/\/latecordoba.com\/index.php\/wp-json\/wp\/v2\/posts\/18545\/revisions"}],"wp:featuredmedia":[{"embeddable":true,"href":"https:\/\/latecordoba.com\/index.php\/wp-json\/wp\/v2\/media\/18546"}],"wp:attachment":[{"href":"https:\/\/latecordoba.com\/index.php\/wp-json\/wp\/v2\/media?parent=18545"}],"wp:term":[{"taxonomy":"category","embeddable":true,"href":"https:\/\/latecordoba.com\/index.php\/wp-json\/wp\/v2\/categories?post=18545"},{"taxonomy":"post_tag","embeddable":true,"href":"https:\/\/latecordoba.com\/index.php\/wp-json\/wp\/v2\/tags?post=18545"}],"curies":[{"name":"wp","href":"https:\/\/api.w.org\/{rel}","templated":true}]}}