{"id":18543,"date":"2023-11-24T11:55:18","date_gmt":"2023-11-24T11:55:18","guid":{"rendered":"https:\/\/viapais.com.ar\/politica\/renuncio-uno-de-los-principales-asesores-de-javier-milei\/"},"modified":"2023-11-24T11:55:18","modified_gmt":"2023-11-24T11:55:18","slug":"renuncio-uno-de-los-principales-asesores-de-javier-milei","status":"publish","type":"post","link":"https:\/\/latecordoba.com\/index.php\/2023\/11\/24\/renuncio-uno-de-los-principales-asesores-de-javier-milei\/","title":{"rendered":"Renunci\u00f3 uno de los principales asesores de Javier Milei"},"content":{"rendered":"\n<div><img decoding=\"async\" src=\"http:\/\/latecordoba.com\/wp-content\/uploads\/2023\/11\/renuncio-uno-de-los-principales-asesores-de-javier-milei.jpg\" class=\"ff-og-image-inserted\"><\/div>\n<section readability=\"9\">\n<p>El reconocido economista Carlos Rodr\u00edguez, quien se desempe\u00f1aba como asesor del presidente electo, Javier Milei, comunic\u00f3 a trav\u00e9s de su cuenta de X (ex Twitter) que renunciaba a \u201ctoda relaci\u00f3n formal, real o presunta, de asesoramiento en materia econ\u00f3mica en La Libertad Avanza\u201d.<\/p>\n<p>*Noticia en desarrollo*<\/p>\n<\/section>\n<div class=\"noreadme-audima\">\n<h2>Temas Relacionados<\/h2>\n<\/div>\n","protected":false},"excerpt":{"rendered":"<p>El reconocido economista Carlos Rodr\u00edguez, quien se desempe\u00f1aba como asesor del presidente electo, Javier Milei, comunic\u00f3 a trav\u00e9s de su cuenta de X (ex Twitter) que renunciaba a \u201ctoda relaci\u00f3n formal, real o presunta, de asesoramiento en materia econ\u00f3mica en La Libertad Avanza\u201d. *Noticia en desarrollo* Temas Relacionados<\/p>\n","protected":false},"author":1,"featured_media":18544,"comment_status":"closed","ping_status":"closed","sticky":false,"template":"","format":"standard","meta":[],"categories":[15],"tags":[],"_links":{"self":[{"href":"https:\/\/latecordoba.com\/index.php\/wp-json\/wp\/v2\/posts\/18543"}],"collection":[{"href":"https:\/\/latecordoba.com\/index.php\/wp-json\/wp\/v2\/posts"}],"about":[{"href":"https:\/\/latecordoba.com\/index.php\/wp-json\/wp\/v2\/types\/post"}],"author":[{"embeddable":true,"href":"https:\/\/latecordoba.com\/index.php\/wp-json\/wp\/v2\/users\/1"}],"replies":[{"embeddable":true,"href":"https:\/\/latecordoba.com\/index.php\/wp-json\/wp\/v2\/comments?post=18543"}],"version-history":[{"count":0,"href":"https:\/\/latecordoba.com\/index.php\/wp-json\/wp\/v2\/posts\/18543\/revisions"}],"wp:featuredmedia":[{"embeddable":true,"href":"https:\/\/latecordoba.com\/index.php\/wp-json\/wp\/v2\/media\/18544"}],"wp:attachment":[{"href":"https:\/\/latecordoba.com\/index.php\/wp-json\/wp\/v2\/media?parent=18543"}],"wp:term":[{"taxonomy":"category","embeddable":true,"href":"https:\/\/latecordoba.com\/index.php\/wp-json\/wp\/v2\/categories?post=18543"},{"taxonomy":"post_tag","embeddable":true,"href":"https:\/\/latecordoba.com\/index.php\/wp-json\/wp\/v2\/tags?post=18543"}],"curies":[{"name":"wp","href":"https:\/\/api.w.org\/{rel}","templated":true}]}}