{"id":18528,"date":"2023-11-23T23:50:00","date_gmt":"2023-11-23T23:50:00","guid":{"rendered":"https:\/\/www.iprofesional.com\/economia\/393218-tres-fondos-comunes-de-inversion-se-pelean-por-contratar-a-massa"},"modified":"2023-11-23T23:50:00","modified_gmt":"2023-11-23T23:50:00","slug":"tres-fondos-comunes-de-inversion-se-pelean-por-contratar-a-massa-cuales-son","status":"publish","type":"post","link":"https:\/\/latecordoba.com\/index.php\/2023\/11\/23\/tres-fondos-comunes-de-inversion-se-pelean-por-contratar-a-massa-cuales-son\/","title":{"rendered":"Tres fondos comunes de inversi\u00f3n se pelean por contratar a Massa: cu\u00e1les son"},"content":{"rendered":"\n<div class=\"media_block\"><img decoding=\"async\" src=\"http:\/\/latecordoba.com\/wp-content\/uploads\/2023\/11\/tres-fondos-comunes-de-inversion-se-pelean-por-contratar-a-massa-cuales-son.jpg\"><\/div>\n<div id>\n<p> El ex candidato presidencial ser\u00eda tentado para un nuevo proyecto y podr\u00eda aceptar la propuesta, aunque hay tambi\u00e9n tendr\u00eda otras dos ofertas <\/p>\n<p>Por <strong>iProfesional<\/strong><\/p>\n<p><strong>23\/11\/2023<\/strong> &#8211; 20:50hs<\/p>\n<div class=\"image-container img-wide padding-b\"> <picture><source media=\"(min-width:650px)\" srcset=\"http:\/\/latecordoba.com\/wp-content\/uploads\/2023\/11\/tres-fondos-comunes-de-inversion-se-pelean-por-contratar-a-massa-cuales-son.webp\" class=\"lazyload\"><source media=\"(min-width:465px)\" srcset=\"http:\/\/latecordoba.com\/wp-content\/uploads\/2023\/11\/tres-fondos-comunes-de-inversion-se-pelean-por-contratar-a-massa-cuales-son.webp\" class=\"lazyload\"><img decoding=\"async\" loading=\"lazy\" src=\"http:\/\/latecordoba.com\/wp-content\/uploads\/2023\/11\/tres-fondos-comunes-de-inversion-se-pelean-por-contratar-a-massa-cuales-son.webp\" class=\"lazyload\" alt=\"Tres fondos comunes de inversi\u00f3n se pelean por contratar a Massa: cu\u00e1les son\" width=\"160\" height=\"714px\"> <\/picture> <\/div>\n<\/p><\/div>\n<div readability=\"129.27469426152\">\n<p><span>Tres fondos estadounidenses estar\u00edan compitiendo por contratar al ministro de Econom\u00eda, <a href=\"https:\/\/www.iprofesional.com\/finanzas\/393128-alcanzara-dolar-exportador-2-para-que-massa-llegue-sin-devaluar\" target=\"_blank\" rel=\"noopener noreferrer\">Sergio Massa<\/a>, <\/span>y, seg\u00fan trascendi\u00f3, el ex candidato presidencial se sumar\u00eda al reci\u00e9n creado Fondo Renacimiento (Renaissance Fund).\n<\/p>\n<p>Se trata de un nuevo proyecto que es una filial de Greylock Capital Management, un fondo de cobertura de mercados emergentes con sede en Stamford, Connecticut.\n<\/p>\n<p><span>La firma invertir\u00e1 en Am\u00e9rica Latina, excluyendo a Argentina debido a las regulaciones \u00e9ticas<\/span> y el nuevo proyecto es una filial de Greylock Capital Management, un fondo de cobertura de mercados emergentes con sede en Stamford, Connecticut, seg\u00fan indic\u00f3 una fuente.\n<\/p>\n<p><a href=\"https:\/\/www.iprofesional.com\/negocios\/393132-massa-logro-que-alimenticias-sigan-en-precios-justos-que-exige\" target=\"_blank\" rel=\"noopener noreferrer\">Sergio Massa<\/a> tambi\u00e9n es codiciado por otros dos fondos, seg\u00fan su gabinete de prensa. Sin embargo, dijeron que &#8220;actualmente est\u00e1 trabajando en una transici\u00f3n institucionalmente ordenada, ya que a\u00fan ser\u00e1 ministro hasta el 10 de diciembre&#8221;. Massa es el actual ministro de Econom\u00eda de Argentina, y el candidato que se enfrent\u00f3 a Javier Milei en la votaci\u00f3n presidencial del domingo.\n<\/p>\n<h2>De ministro de Econom\u00eda al mundo<\/h2>\n<p>Massa fue elegido para dirigir el <strong>Ministerio de Econom\u00eda<\/strong> en 2022 por el presidente Alberto Fern\u00e1ndez y, durante su breve mandato de un a\u00f1o, la econom\u00eda sufri\u00f3 un duro golpe por diferentes causas, entre ellas, la sequ\u00eda que perjudic\u00f3 a las exportaciones agr\u00edcolas clave de Argentina, en un momento en el que las divisas se necesitaban desesperadamente.\n<\/p>\n<p>No obstante, <span>Massa se present\u00f3 como sucesor de Fern\u00e1ndez para competir por la presidencia este a\u00f1o, pero fue derrotado por el libertario Javier Milei en el balotaje.&nbsp; <\/span>Antes de eso, Massa hab\u00eda recorrido una carrera extensa en la escena pol\u00edtica argentina. Entre otras cosas, fue nombrado jefe del gabinete de ministros en 2008 e intendente de Tigre. Tambi\u00e9n cre\u00f3 su propio partido en 2013, &#8220;Frente Renovador&#8221; y, amediados de 2022, qued\u00f3 en el cargo en Econom\u00eda.\n<\/p>\n<div class=\"imagen\" readability=\"7\"><img decoding=\"async\" loading=\"lazy\" class=\"lazyload\" src=\"http:\/\/latecordoba.com\/wp-content\/uploads\/2023\/11\/tres-fondos-comunes-de-inversion-se-pelean-por-contratar-a-massa-cuales-son-1.jpg\" alt=\"El ex candiidato presidencial Sergio Massa\" width=\"880\" height=\"495\"><\/p>\n<p>El ex candidato presidencial Sergio Massa.<\/p>\n<\/div>\n<p><span>&#8220;Creemos que Massa encajar\u00eda muy bien con nosotros&#8221;, afirma Hans Humes, CEO de Greylock. <\/span>Ambos se conocen desde 2017, cuando conversaban sobre la situaci\u00f3n pol\u00edtica del pa\u00eds y la resoluci\u00f3n del litigio contra Argentina. &#8220;Sabemos que otras instituciones est\u00e1n hablando con \u00e9l sobre futuras oportunidades. Pero tenemos presencia en situaciones complicadas en toda Am\u00e9rica Latina, y dada la estructura \u00fanica de nuestro fondo, confiamos en que este es un ajuste \u00f3ptimo para alguien de sus habilidades&#8221;.\n<\/p>\n<h2>En que invertir\u00e1 el fondo que quiere a Massa<\/h2>\n<p><span>El Renaissance Fund se centrar\u00e1 en invertir en energ\u00eda, <\/span>agricultura e infraestructuras en toda Am\u00e9rica Latina. Se lanzar\u00e1 con posiciones existentes en deuda asociada a empresas de la regi\u00f3n, que le dar\u00e1n capacidad para trabajar en transacciones de deuda por capital. Tambi\u00e9n se crear\u00e1 para proporcionar financiaci\u00f3n de deuda privada y de capital privado.\n<\/p>\n<p>&#8220;<span>El enfoque consistir\u00e1 en ayudar a las econom\u00edas en desarrollo a gestionar los marcados desaf\u00edos a los que se enfrentaron las econom\u00edas latinoamericanas en los \u00faltimos a\u00f1os<\/span>, con especial atenci\u00f3n a las cuestiones ASG&#8221;, contin\u00faa Humes, en una entrevista telef\u00f3nica. En algunas ocasiones, el fondo tambi\u00e9n trabajar\u00e1 para facilitar la reestructuraci\u00f3n de la deuda a nivel corporativo o soberano; esta \u00faltima es la especialidad de Greylock.\n<\/p>\n<p>La regi\u00f3n fue y sigue siendo un centro de producci\u00f3n de materias primas clave, en las que el fondo Renaissance tiene previsto invertir. Pa\u00edses como Argentina, Brasil y Uruguay son potencias agr\u00edcolas; <strong>Chile, Argentina y Bolivia <\/strong>acaparan m\u00e1s de la mitad de las reservas mundiales de litio, crucial para la transici\u00f3n ecol\u00f3gica; varios pa\u00edses se encuentran tambi\u00e9n entre los primeros con mayores reservas de petr\u00f3leo, como Venezuela, Guyana, Brasil y Ecuador.\n<\/p>\n<p><strong>Sudam\u00e9rica<\/strong> en particular tambi\u00e9n puede contar con abundantes r\u00edos, que en t\u00e9rminos econ\u00f3micos significan de todo, desde comercio hasta energ\u00eda hidroel\u00e9ctrica, desde irrigaci\u00f3n hasta reservas de agua dulce. La regi\u00f3n tambi\u00e9n alberga ecosistemas cruciales para la estabilidad del clima, entre los que destaca la selva amaz\u00f3nica. Sin embargo, la regi\u00f3n est\u00e1 lejos de desarrollar todo su potencial.&nbsp;<\/p>\n<\/p><\/div>\n","protected":false},"excerpt":{"rendered":"\n<div class=\"media_block\"><img decoding=\"async\" src=\"http:\/\/latecordoba.com\/wp-content\/uploads\/2023\/11\/tres-fondos-comunes-de-inversion-se-pelean-por-contratar-a-massa-cuales-son.jpg\"><\/div>\n<p> El ex candidato presidencial ser\u00eda tentado para un nuevo proyecto y podr\u00eda aceptar la propuesta, aunque hay tambi\u00e9n tendr\u00eda otras dos ofertas <iframe width=\"0\" height=\"0\" border=\"0\"> <script> (function(i,s,o,g,r,a,m){i['GoogleAnalyticsObject']=r;i[r]=i[r]||function(){ (i[r].q=i[r].q||[]).push(arguments)},i[r].l=1*new Date();a=s.createElement(o), m=s.getElementsByTagName(o)[0];a.async=1;a.src=g;m.parentNode.insertBefore(a,m) })(window,document,'script','https:\/\/www.google-analytics.com\/analytics.js','ga'); ga('create', 'GTM-5LW5KQD', 'auto'); ga('require', 'displayfeatures'); ga('set', 'campaignSource', 'RSS Client for iProfesional'); ga('set', 'campaignMedium', 'RSS Client for iProfesional'); ga('set', {\"dataSource\": \"rss.atom.iprofesional.com\"}); ga('set', {\"referrer\": \"rss.atom.iprofesional.com\"}); ga('set', 'title', 'RSS Client for iProfesional'); ga('send', 'pageview'); <\/script> <!-- Begin comScore Tag --> <script> var _comscore = _comscore || []; _comscore.push({ c1: \"2\", c2: \"16597048\" }); (function() { var s = document.createElement(\"script\"), el = document.getElementsByTagName(\"script\")[0]; s.async = true; s.src = \"https:\/\/sb.scorecardresearch.com\/cs\/16597048\/beacon.js\"; el.parentNode.insertBefore(s, el); })(); <\/script> <noscript> <img decoding=\"async\" src=\"http:\/\/latecordoba.com\/wp-content\/uploads\/2023\/11\/tres-fondos-comunes-de-inversion-se-pelean-por-contratar-a-massa-cuales-son.gif\"> <\/noscript> <!-- End comScore Tag --> <\/iframe> <iframe border=\"0px\" style=\"display: none\" width=0 height=0 src=\"https:\/\/www.iprofesional.com\/ga4.html?gtag_id=G-N13KWJP8BK&amp;title=Tres fondos comunes de inversi\u00f3n se pelean por contratar a Massa: cu\u00e1les son&amp;location=https:\/\/www.iprofesional.com\/economia\/393218-tres-fondos-comunes-de-inversion-se-pelean-por-contratar-a-massa&amp;referrer=rss.atom.iprofesional.com&amp;ci=RSS Client for iProfesional&amp;cs=RSS Client for iProfesional&amp;cm=RSS&amp;cn=RSS Client for iProfesional&amp;cc=RSS Client for iProfesional\"><\/iframe>  <\/p>\n","protected":false},"author":1,"featured_media":18529,"comment_status":"closed","ping_status":"closed","sticky":false,"template":"","format":"standard","meta":[],"categories":[18],"tags":[],"_links":{"self":[{"href":"https:\/\/latecordoba.com\/index.php\/wp-json\/wp\/v2\/posts\/18528"}],"collection":[{"href":"https:\/\/latecordoba.com\/index.php\/wp-json\/wp\/v2\/posts"}],"about":[{"href":"https:\/\/latecordoba.com\/index.php\/wp-json\/wp\/v2\/types\/post"}],"author":[{"embeddable":true,"href":"https:\/\/latecordoba.com\/index.php\/wp-json\/wp\/v2\/users\/1"}],"replies":[{"embeddable":true,"href":"https:\/\/latecordoba.com\/index.php\/wp-json\/wp\/v2\/comments?post=18528"}],"version-history":[{"count":0,"href":"https:\/\/latecordoba.com\/index.php\/wp-json\/wp\/v2\/posts\/18528\/revisions"}],"wp:featuredmedia":[{"embeddable":true,"href":"https:\/\/latecordoba.com\/index.php\/wp-json\/wp\/v2\/media\/18529"}],"wp:attachment":[{"href":"https:\/\/latecordoba.com\/index.php\/wp-json\/wp\/v2\/media?parent=18528"}],"wp:term":[{"taxonomy":"category","embeddable":true,"href":"https:\/\/latecordoba.com\/index.php\/wp-json\/wp\/v2\/categories?post=18528"},{"taxonomy":"post_tag","embeddable":true,"href":"https:\/\/latecordoba.com\/index.php\/wp-json\/wp\/v2\/tags?post=18528"}],"curies":[{"name":"wp","href":"https:\/\/api.w.org\/{rel}","templated":true}]}}