{"id":18526,"date":"2023-11-23T23:36:00","date_gmt":"2023-11-23T23:36:00","guid":{"rendered":"https:\/\/www.iprofesional.com\/economia\/393238-cepo-al-dolar-como-y-cuando-lo-eliminara-javier-milei"},"modified":"2023-11-23T23:36:00","modified_gmt":"2023-11-23T23:36:00","slug":"cepo-al-dolar-como-y-cuando-lo-eliminara-el-presidente-electo-javier-milei","status":"publish","type":"post","link":"https:\/\/latecordoba.com\/index.php\/2023\/11\/23\/cepo-al-dolar-como-y-cuando-lo-eliminara-el-presidente-electo-javier-milei\/","title":{"rendered":"Cepo al d\u00f3lar: c\u00f3mo y cu\u00e1ndo lo eliminar\u00e1 el presidente electo Javier Milei"},"content":{"rendered":"\n<div class=\"media_block\"><img decoding=\"async\" src=\"http:\/\/latecordoba.com\/wp-content\/uploads\/2023\/11\/cepo-al-dolar-como-y-cuando-lo-eliminara-el-presidente-electo-javier-milei.jpg\"><\/div>\n<p>El presidente electo, Javier Milei, adelant\u00f3 las primeras medidas econ\u00f3micas que implementar\u00e1 a partir del 10 de diciembre. Entre ellas, figura la <strong>eliminaci\u00f3n del cepo al d\u00f3lar<\/strong>, aunque subray\u00f3 la necesidad de abordar previamente el &#8220;problema de las Leliq&#8221; para evitar la <strong>hiperinflaci\u00f3n<\/strong>.\n<\/p>\n<p>Milei afirm\u00f3: &#8220;Antes de levantar las restricciones al d\u00f3lar, es imperativo resolver la cuesti\u00f3n de las Leliq. Estamos trabajando en una estrategia financiera que resulte atractiva para el mercado, con el objetivo de resolver esta problem\u00e1tica de manera eficiente y veloz&#8221;.\n<\/p>\n<p>Aunque <span>no especific\u00f3 una fecha exacta para la eliminaci\u00f3n de las limitaciones cambiarias, el presidente electo insisti\u00f3 en la importancia de salir del cepo<\/span> como medio para fomentar el crecimiento econ\u00f3mico. Cabe destacar que el cepo al d\u00f3lar ha sido implementado en Argentina en tres ocasiones: 2011, 2019 y contin\u00faa en vigor en la actualidad.\n<\/p>\n<p>En relaci\u00f3n a las Letras de Liquidez (Leliq), que son instrumentos de deuda emitidos por el Banco Central para regular la emisi\u00f3n monetaria, Milei explic\u00f3 que se est\u00e1n desarrollando estrategias financieras para hacerlas m\u00e1s atractivas para el mercado. Estos instrumentos, creados en enero de 2018 durante la presidencia de Federico Sturzenegger en el Banco Central, est\u00e1n destinados a controlar la liquidez del mercado y evitar la fuga de capitales hacia el d\u00f3lar.\n<\/p>\n<p>Las Leliq, que solo pueden ser adquiridas por bancos, desempe\u00f1an un papel crucial en la pol\u00edtica de control monetario acordada entre el Banco Central y el Fondo Monetario Internacional (FMI). La renovaci\u00f3n diaria de una masa significativa de Leliq, junto con los intereses generados, es esencial para evitar la expansi\u00f3n descontrolada de la cantidad de dinero. En el \u00faltimo a\u00f1o, el Banco Central ha ajustado la tasa de inter\u00e9s en varias ocasiones, lo que ha llevado a un aumento en los costos asociados con las Leliq.\n<\/p>\n<h2>C\u00f3mo sigue la inflaci\u00f3n, seg\u00fan Milei<\/h2>\n<p>Una vez m\u00e1s, Milei relacion\u00f3 la reducci\u00f3n de la inflaci\u00f3n con la cuesti\u00f3n de las Leliq y la emisi\u00f3n monetaria llevada a cabo por el Banco Central.\n<\/p>\n<div class=\"imagen\" readability=\"10\"><img decoding=\"async\" loading=\"lazy\" class=\"lazyload\" src=\"http:\/\/latecordoba.com\/wp-content\/uploads\/2023\/11\/cepo-al-dolar-como-y-cuando-lo-eliminara-el-presidente-electo-javier-milei-1.jpg\" alt width=\"880\" height=\"495\"><\/p>\n<p>El presidente electo, Javier Milei, adelant\u00f3 las primeras medidas econ\u00f3micas que implementar\u00e1 a partir del 10 de diciembre<\/p>\n<\/div>\n<p>&#8220;Si se detiene hoy la emisi\u00f3n de dinero, se requerir\u00e1n <strong>entre 18 y 24 meses para reducir la inflaci\u00f3n <\/strong>a niveles m\u00e1s bajos a nivel internacional&#8221;.\n<\/p>\n<p>&#8220;Para prevenir la hiperinflaci\u00f3n, es crucial abordar el problema de las Leliq, ya que mantener el cepo que obstaculiza la econom\u00eda no es una opci\u00f3n viable, generando un <strong>exceso de demanda en el mercado de divisas<\/strong>&#8220;, afirm\u00f3. Y agreg\u00f3: &#8220;Buscaremos resolverlo de manera expedita, ya que de lo contrario, la amenaza de la hiperinflaci\u00f3n estar\u00e1 presente en todo momento&#8221;.\n<\/p>\n<p>&#8220;La reducci\u00f3n de las retenciones implica la reapertura del mercado de cambios, y para lograrlo, es necesario solventar el problema del Banco Central con las Leliqs&#8221;, concluy\u00f3.\n<\/p>\n<h2>Tema clave: el Banco Central<\/h2>\n<p>Tambi\u00e9n reafirm\u00f3 su intenci\u00f3n de avanzar con el plan de cerrar el<strong> Banco Central<\/strong> y llevar a cabo la dolarizaci\u00f3n, a pesar de que durante las \u00faltimas semanas de la campa\u00f1a, tanto \u00e9l como su equipo hab\u00edan adoptado un tono m\u00e1s cauteloso sobre este tema. &#8220;El cierre del Banco Central es una obligaci\u00f3n moral. La dolarizaci\u00f3n es la soluci\u00f3n para liberarnos del BCRA. Proponemos que la elecci\u00f3n de la moneda sea una decisi\u00f3n individual&#8221;.\n<\/p>\n<p>En este sentido, tambi\u00e9n hay que tener en cuenta la designaci\u00f3n de&nbsp;Luis &#8220;Toto&#8221; Caputo, ex funcionario en el gobierno de Mauricio Macri, como ministro de Econom\u00eda.&nbsp;Caputo fue quien le acerc\u00f3 un plan a Milei para solucionar uno de los principales problemas que ve Milei en la econom\u00eda y el principal riesgo que acerca a la Argentina a una hiperinflaci\u00f3n: las leliqs. Seg\u00fan informan fuentes libertarias, el ex secretario de Finanzas macrista present\u00f3 un plan s\u00f3lido para solucionar el problema de las leliqs a partir de financiamiento externo, lo que retardar\u00eda el tema de la dolarizaci\u00f3n.\n<\/p>\n<p><span>Por otra parte, se refiri\u00f3 a la relaci\u00f3n con el Fondo Monetario Internacional, dado que el gobierno actual no cumpli\u00f3 con las metas acordadas con la instituci\u00f3n.<\/span>\n<\/p>\n<p>Uno de los incumplimientos se relaciona con el ajuste del gasto p\u00fablico. Seg\u00fan el acuerdo, la meta de d\u00e9ficit para este a\u00f1o es del 1,9%, pero previo a las elecciones, el ministro candidato Sergio Massa aument\u00f3 el gasto y se anticipa que el d\u00e9ficit para el 2023 ser\u00e1 de aproximadamente el 3%.\n<\/p>\n<p>&#8220;Nos encontramos cerca del 3% del PBI en d\u00e9ficit. Es esencial corregir esta situaci\u00f3n lo m\u00e1s pronto posible. Hemos estado en conversaciones con el Fondo durante un tiempo&#8221;, se\u00f1al\u00f3 Milei.<\/p>\n","protected":false},"excerpt":{"rendered":"\n<div class=\"media_block\"><img decoding=\"async\" src=\"http:\/\/latecordoba.com\/wp-content\/uploads\/2023\/11\/cepo-al-dolar-como-y-cuando-lo-eliminara-el-presidente-electo-javier-milei.jpg\"><\/div>\n<p> El presidente electo Javier Milei se refiri\u00f3 a c\u00f3mo se eliminar\u00e1 el cepo cambiario y remarc\u00f3 la importancia de resolver primero el tema de las Leliqs <iframe width=\"0\" height=\"0\" border=\"0\"> <script> (function(i,s,o,g,r,a,m){i['GoogleAnalyticsObject']=r;i[r]=i[r]||function(){ (i[r].q=i[r].q||[]).push(arguments)},i[r].l=1*new Date();a=s.createElement(o), m=s.getElementsByTagName(o)[0];a.async=1;a.src=g;m.parentNode.insertBefore(a,m) })(window,document,'script','https:\/\/www.google-analytics.com\/analytics.js','ga'); ga('create', 'GTM-5LW5KQD', 'auto'); ga('require', 'displayfeatures'); ga('set', 'campaignSource', 'RSS Client for iProfesional'); ga('set', 'campaignMedium', 'RSS Client for iProfesional'); ga('set', {\"dataSource\": \"rss.atom.iprofesional.com\"}); ga('set', {\"referrer\": \"rss.atom.iprofesional.com\"}); ga('set', 'title', 'RSS Client for iProfesional'); ga('send', 'pageview'); <\/script> <!-- Begin comScore Tag --> <script> var _comscore = _comscore || []; _comscore.push({ c1: \"2\", c2: \"16597048\" }); (function() { var s = document.createElement(\"script\"), el = document.getElementsByTagName(\"script\")[0]; s.async = true; s.src = \"https:\/\/sb.scorecardresearch.com\/cs\/16597048\/beacon.js\"; el.parentNode.insertBefore(s, el); })(); <\/script> <noscript> <img decoding=\"async\" src=\"http:\/\/latecordoba.com\/wp-content\/uploads\/2023\/11\/cepo-al-dolar-como-y-cuando-lo-eliminara-el-presidente-electo-javier-milei.gif\"> <\/noscript> <!-- End comScore Tag --> <\/iframe> <iframe border=\"0px\" style=\"display: none\" width=0 height=0 src=\"https:\/\/www.iprofesional.com\/ga4.html?gtag_id=G-N13KWJP8BK&amp;title=Cepo al d\u00f3lar: c\u00f3mo y cu\u00e1ndo lo eliminar\u00e1 el presidente electo Javier Milei&amp;location=https:\/\/www.iprofesional.com\/economia\/393238-cepo-al-dolar-como-y-cuando-lo-eliminara-javier-milei&amp;referrer=rss.atom.iprofesional.com&amp;ci=RSS Client for iProfesional&amp;cs=RSS Client for iProfesional&amp;cm=RSS&amp;cn=RSS Client for iProfesional&amp;cc=RSS Client for iProfesional\"><\/iframe>  <\/p>\n","protected":false},"author":1,"featured_media":18527,"comment_status":"closed","ping_status":"closed","sticky":false,"template":"","format":"standard","meta":[],"categories":[18],"tags":[],"_links":{"self":[{"href":"https:\/\/latecordoba.com\/index.php\/wp-json\/wp\/v2\/posts\/18526"}],"collection":[{"href":"https:\/\/latecordoba.com\/index.php\/wp-json\/wp\/v2\/posts"}],"about":[{"href":"https:\/\/latecordoba.com\/index.php\/wp-json\/wp\/v2\/types\/post"}],"author":[{"embeddable":true,"href":"https:\/\/latecordoba.com\/index.php\/wp-json\/wp\/v2\/users\/1"}],"replies":[{"embeddable":true,"href":"https:\/\/latecordoba.com\/index.php\/wp-json\/wp\/v2\/comments?post=18526"}],"version-history":[{"count":0,"href":"https:\/\/latecordoba.com\/index.php\/wp-json\/wp\/v2\/posts\/18526\/revisions"}],"wp:featuredmedia":[{"embeddable":true,"href":"https:\/\/latecordoba.com\/index.php\/wp-json\/wp\/v2\/media\/18527"}],"wp:attachment":[{"href":"https:\/\/latecordoba.com\/index.php\/wp-json\/wp\/v2\/media?parent=18526"}],"wp:term":[{"taxonomy":"category","embeddable":true,"href":"https:\/\/latecordoba.com\/index.php\/wp-json\/wp\/v2\/categories?post=18526"},{"taxonomy":"post_tag","embeddable":true,"href":"https:\/\/latecordoba.com\/index.php\/wp-json\/wp\/v2\/tags?post=18526"}],"curies":[{"name":"wp","href":"https:\/\/api.w.org\/{rel}","templated":true}]}}