{"id":18524,"date":"2023-11-23T23:54:08","date_gmt":"2023-11-23T23:54:08","guid":{"rendered":"http:\/\/7ac3e5bac0e119e0fcb2ead753ac9e74"},"modified":"2023-11-23T23:54:08","modified_gmt":"2023-11-23T23:54:08","slug":"la-pelea-por-los-cargos-milei-ahora-busca-enfriar-el-contraataque-de-macri","status":"publish","type":"post","link":"https:\/\/latecordoba.com\/index.php\/2023\/11\/23\/la-pelea-por-los-cargos-milei-ahora-busca-enfriar-el-contraataque-de-macri\/","title":{"rendered":"La pelea por los cargos: Milei ahora busca enfriar el contraataque de Macri"},"content":{"rendered":"\n<div class=\"media_block\"><img decoding=\"async\" src=\"http:\/\/latecordoba.com\/wp-content\/uploads\/2023\/11\/la-pelea-por-los-cargos-milei-ahora-busca-enfriar-el-contraataque-de-macri.jpg\"><\/div>\n<p>Javier Milei busca enfriar el contraataque feroz de Mauricio Macri, que logr\u00f3 instalar en cuesti\u00f3n de horas que se queda con cuatro ministerios y el Banco Central.<\/p>\n<p>De un plumazo el PRO simul\u00f3 quedarse con medio gabinete, <a href=\"https:\/\/www.lapoliticaonline.com\/tools\/redirect.php?t=3&amp;i=274871&amp;s=61fdef466b99c1726aeb616f850d846b\" target=\"_blank\" rel=\"noopener\">luego de que LPO revelara<\/a> la situaci\u00f3n de debilidad en la que se encontr\u00f3 Macri ante los gestos de autonom\u00eda de Milei y sus diagonales con el peronismo. Una crisis para Macri tras semanas en las que se mostraba como el jefe detr\u00e1s del nuevo presidente.<\/p>\n<p>La expresi\u00f3n m\u00e1s cabal de esa debilidad se dio el mi\u00e9rcoles, cuando Fernando de Andreis se aperson\u00f3 en el Hotel Libertador cuando parec\u00eda que no le daban nada a Macri. El secretario del ex presidente no la pas\u00f3 bien y los libertarios lo tratan de &#8220;correveidile&#8221;. <\/p>\n<figure class=\"vsmimage\" contenteditable=\"false\"><img decoding=\"async\" loading=\"lazy\" alt=\"De Andreis en la puerta del hotel Libertador.\" data-vsmid=\"208991\" data-owidth=\"5000\" data-oheight=\"3333\" src=\"data:image\/png;base64,iVBORw0KGgoAAAANSUhEUgAAAx4AAAIOAQMAAAAMVUlSAAAAA1BMVEUAAACnej3aAAAAAXRSTlMAQObYZgAAAElJREFUeJztwQEBAAAAgiD\/r25IQAEAAAAAAAAAAAAAAAAAAAAAAAAAAAAAAAAAAAAAAAAAAAAAAAAAAAAAAAAAAAAAAAAAAPBjz4YAAXoxaWgAAAAASUVORK5CYII=\" vsmidos=\"1\" vsmsrc=\"\/files\/image\/208\/208991\/655e67a5ce200_798_526!.jpg?s=150d7183584ed64d94cbd0a831b49132&amp;d=1700784888\" width=\"798\" height=\"526\"><\/figure>\n<p>Lo curioso es que luego de filtrar en los medios que De Andreis no fue a pedir cargos, como si hubiera pasado s\u00f3lo a saludar, Macri pudo instalar desde Qatar que se qued\u00f3 con cuatro ministerios: Luis &#8220;Toto&#8221; Caputo en Econom\u00eda, Luis Petri en Defensa, Patricia Bullrich en Seguridad y Federico Sturzenegger en Modernizaci\u00f3n.<\/p>\n<p><a href=\"https:\/\/www.lapoliticaonline.com\/tools\/redirect.php?t=3&amp;i=274871&amp;s=61fdef466b99c1726aeb616f850d846b\" target=\"_blank\" class=\"link-type-content content-type-nota-columna-ar\" rel=\"noopener\">Liebre por gato<\/a><\/p>\n<p>El asedio caus\u00f3 un tembladeral entre los libertarios. La llegada de Caputo desat\u00f3 <a href=\"https:\/\/www.lapoliticaonline.com\/tools\/redirect.php?t=3&amp;i=275035&amp;s=29375f71923f532cd367a389d4a068fd\" target=\"_blank\" rel=\"noopener\">la furia de los economistas<\/a> que rodean al presidente electo, que acusaron a &#8220;Toto&#8221; de &#8220;timbero&#8221;. El ministerio de Modernizaci\u00f3n no existe en los planes de Milei, que deber\u00eda agrandar la propia planta estatal que hab\u00eda ideado s\u00f3lo para cumplir los deseos de Macri.&nbsp;<\/p>\n<p>Adem\u00e1s, Milei <a href=\"https:\/\/www.lapoliticaonline.com\/tools\/redirect.php?t=3&amp;i=275017&amp;s=6e1d7501e7609038ef62c8a4dcee978d\" target=\"_blank\" rel=\"noopener\">perdi\u00f3 a Emilio Ocampo<\/a> para el Banco Central, que quedar\u00eda en manos macristas, posiblemente de Demi\u00e1n Reidel. Hasta Javier Iguacel se entusiasm\u00f3 con el movimiento s\u00edsmico y so\u00f1\u00f3 en voz alta con YPF luego de que lo <a href=\"https:\/\/www.lapoliticaonline.com\/tools\/redirect.php?t=3&amp;i=274755&amp;s=5e787c67d4890de3114be3b7de28738c\" target=\"_blank\" rel=\"noopener\">corrieran<\/a> por un hombre de Paolo Rocca.<\/p>\n<p>En cuanto a todos esos movimientos, en La Libertad Avanza s\u00f3lo confirmaron que Bullrich ir\u00e1 a Seguridad. La situaci\u00f3n pareci\u00f3 desbordar a los libertarios, que debieron salir a desmentir que las otras designaciones sean un hecho.&nbsp;<\/p>\n<p><a href=\"https:\/\/www.lapoliticaonline.com\/tools\/redirect.php?t=3&amp;i=275035&amp;s=29375f71923f532cd367a389d4a068fd\" target=\"_blank\" class=\"link-type-content content-type-noticia-ar\" rel=\"noopener\">Los economistas de Milei furiosos con la designaci\u00f3n de Caputo: &#8220;Es un timbero, no puede ser ministro&#8221;&nbsp;<\/a><\/p>\n<p>Fernando Cerimedo, el estratega comunicacional de La Libertad Avanza, sali\u00f3 a aclarar que cualquier nombramiento o anuncio oficial solo lo har\u00e1 el propio Milei o en su defecto la <a href=\"https:\/\/twitter.com\/OPEArg\" target=\"_blank\" rel=\"noopener\">Oficina del Presidente Electo<\/a>. <\/p>\n<p>Esa oficina fue creada esta semana y, con una est\u00e9tica que simula a la Casa Blanca, ya recibi\u00f3 cientos de cr\u00edticas por los errores de ortograf\u00eda que tienen los comunicados. I\u00f1aki Guti\u00e9rrez, el encargado de las redes de Milei, se sum\u00f3 a las advertencias de Cerimedo, que luego dio un mensaje que acaso confirma la toma del gabinete de Macri: &#8220;No se preocupen tanto por los cargos&#8221;, dijo en sus redes.<\/p>\n<p>En medio de la puja, el propio Milei debi\u00f3 suspender el viaje a Estados Unidos que hab\u00eda programado para visitar la tumba de un rabino. La confusi\u00f3n que se vivi\u00f3 fue tal que las cuentas de los libertarios empezaron a cuestionar a La Naci\u00f3n+, donde montaron un pizarr\u00f3n con los ministros que meter\u00eda Macri.&nbsp;<\/p>\n<p>M\u00e1s temprano, uno de los periodistas estrella del canal, Jony Viale, hab\u00eda revelado los espacios que ganar\u00eda el PRO en el nuevo gobierno. &#8220;Macri es un tibur\u00f3n&#8221;, dijo Jony.<\/p>\n","protected":false},"excerpt":{"rendered":"\n<div class=\"media_block\"><img decoding=\"async\" src=\"http:\/\/latecordoba.com\/wp-content\/uploads\/2023\/11\/la-pelea-por-los-cargos-milei-ahora-busca-enfriar-el-contraataque-de-macri.jpg\"><\/div>\n<p>Luego de quedar descolocado, Macri logr\u00f3 instalar que se quedaba con cuatro ministerios y el Banco Central. Los libertarios debieron salir a desmentir los nombramientos.  <\/p>\n","protected":false},"author":1,"featured_media":18525,"comment_status":"closed","ping_status":"closed","sticky":false,"template":"","format":"standard","meta":[],"categories":[18],"tags":[],"_links":{"self":[{"href":"https:\/\/latecordoba.com\/index.php\/wp-json\/wp\/v2\/posts\/18524"}],"collection":[{"href":"https:\/\/latecordoba.com\/index.php\/wp-json\/wp\/v2\/posts"}],"about":[{"href":"https:\/\/latecordoba.com\/index.php\/wp-json\/wp\/v2\/types\/post"}],"author":[{"embeddable":true,"href":"https:\/\/latecordoba.com\/index.php\/wp-json\/wp\/v2\/users\/1"}],"replies":[{"embeddable":true,"href":"https:\/\/latecordoba.com\/index.php\/wp-json\/wp\/v2\/comments?post=18524"}],"version-history":[{"count":0,"href":"https:\/\/latecordoba.com\/index.php\/wp-json\/wp\/v2\/posts\/18524\/revisions"}],"wp:featuredmedia":[{"embeddable":true,"href":"https:\/\/latecordoba.com\/index.php\/wp-json\/wp\/v2\/media\/18525"}],"wp:attachment":[{"href":"https:\/\/latecordoba.com\/index.php\/wp-json\/wp\/v2\/media?parent=18524"}],"wp:term":[{"taxonomy":"category","embeddable":true,"href":"https:\/\/latecordoba.com\/index.php\/wp-json\/wp\/v2\/categories?post=18524"},{"taxonomy":"post_tag","embeddable":true,"href":"https:\/\/latecordoba.com\/index.php\/wp-json\/wp\/v2\/tags?post=18524"}],"curies":[{"name":"wp","href":"https:\/\/api.w.org\/{rel}","templated":true}]}}