{"id":18499,"date":"2023-11-22T11:00:00","date_gmt":"2023-11-22T11:00:00","guid":{"rendered":"https:\/\/www.tucanaldesalud.es\/es\/tusaludaldia\/articulos\/todas-secuelas-violencia-genero-tratarlas#580559"},"modified":"2023-11-22T11:00:00","modified_gmt":"2023-11-22T11:00:00","slug":"todas-las-secuelas-de-la-violencia-de-genero-y-como-tratarlas","status":"publish","type":"post","link":"https:\/\/latecordoba.com\/index.php\/2023\/11\/22\/todas-las-secuelas-de-la-violencia-de-genero-y-como-tratarlas\/","title":{"rendered":"Todas las secuelas de la violencia de g\u00e9nero y c\u00f3mo tratarlas"},"content":{"rendered":"\n<p class=\"cmParagraph\">La violencia de g\u00e9nero provoca un gran deterioro en la salud mental de las v\u00edctimas. Por eso, hoy d\u00eda es necesario hablar, adem\u00e1s del da\u00f1o f\u00edsico, de los traumas y los efectos psicol\u00f3gicos que deja tras de s\u00ed.<\/p>\n<p class=\"cmParagraph\"><a class=\"cmNavContentLink\" title=\"C\u00f3mo se manifiesta la violencia de g\u00e9nero\" href=\"https:\/\/www.tucanaldesalud.es\/es\/tusaludaldia\/articulos\/manifiesta-violencia-genero\">El maltrato se manifiesta<\/a> de diferentes formas, ya que puede ser f\u00edsico, psicol\u00f3gico o sexual. Sea como sea, acaba afectando al estado de \u00e1nimo de las v\u00edctimas, provocando miedo y ansiedad, desarrollando sentimiento de culpa o verg\u00fcenza, entre otros traumas y consecuencias psicol\u00f3gicas.<\/p>\n<p class=\"cmParagraph\">Te contamos c\u00f3mo afecta la violencia de g\u00e9nero a la salud mental de la mujer.<\/p>\n<h2>Consecuencias de la violencia de g\u00e9nero en la salud mental<\/h2>\n<p class=\"cmParagraph\">Evidentemente, cualquier tipo de violencia afecta a la salud mental de la persona que la sufre o la ha sufrido. Sin embargo, en el caso de la mujer maltratada, se presenta una situaci\u00f3n adicional, ya que el responsable de la agresi\u00f3n es la persona a la que ama y de la que supone que tambi\u00e9n la quiere. En este sentido, <a class=\"cmNavContentLink\" title=\"M\u00f3nica Sagardoy\" href=\"https:\/\/www.tucanaldesalud.es\/es\/directorio-profesionales\/monica-sagardoy\">M\u00f3nica Sagardoy<\/a>, psic\u00f3loga general sanitaria de la unidad de Salud y Bienestar Mental del Hospital Quir\u00f3nsalud Digital, subraya que &#8220;<strong>la quiebra y la desestructuraci\u00f3n de su personalidad son considerables, pues quien debe respetarla, gratuitamente, la agrede<\/strong>&#8220;.<\/p>\n<p class=\"cmParagraph\"><span class=\"cmEmbedImage cmEmbedImageright cmEmbedImageright\"><img decoding=\"async\" loading=\"lazy\" src=\"http:\/\/latecordoba.com\/wp-content\/uploads\/2023\/11\/todas-las-secuelas-de-la-violencia-de-genero-y-como-tratarlas.jpg\" srcset=\"http:\/\/latecordoba.com\/wp-content\/uploads\/2023\/11\/todas-las-secuelas-de-la-violencia-de-genero-y-como-tratarlas-1.jpg?width=1000&amp;height=624&amp;aspectRatio=true 2x\" width=\"500\" height=\"312\" alt=\"Violencia de g\u00e9nero y salud mental\"><\/span><\/p>\n<p class=\"cmParagraph\">Entre los<strong> efectos psicol\u00f3gicos de la violencia de g\u00e9nero<\/strong>, se encuentran:<\/p>\n<ul>\n<li><strong>Cambios en el estado de \u00e1nimo<\/strong><\/li>\n<li><strong>Miedo<\/strong><\/li>\n<li><strong>Ansiedad<\/strong><\/li>\n<li><strong>Insomnio<\/strong><\/li>\n<li><strong>Trastornos de conducta alimentaria<\/strong><\/li>\n<li><strong>Estr\u00e9s postraum\u00e1tico<\/strong><\/li>\n<\/ul>\n<p class=\"cmParagraph\">Cabe a\u00f1adir que <a class=\"cmNavContentLink\" title=\"\u00bfConoces los efectos espec\u00edficos del estr\u00e9s en las mujeres?\" href=\"https:\/\/www.tucanaldesalud.es\/es\/tusaludaldia\/articulos\/conoces-efectos-especificos-estres-mujeres\">el estr\u00e9s postraum\u00e1tico<\/a> se manifiesta con s\u00edntomas como recuerdos repetitivos, pesadillas, falta de motivaci\u00f3n, problemas de memoria y atenci\u00f3n, falta de sensibilidad, irritabilidad, culpabilidad, hipervigilancia, conductas autodestructivas, tendencia a distanciarse emocionalmente o evitar situaciones relacionadas con el maltrato.<\/p>\n<p class=\"cmParagraph\">Por otro lado, hay que tener en cuenta que la violencia de g\u00e9nero es un problema de todos. La psic\u00f3loga advierte que &#8220;la v\u00edctima, inconscientemente, minimizar\u00e1 la magnitud de la agresi\u00f3n ante <a class=\"cmNavContentLink\" title=\"C\u00f3mo se detecta la violencia de g\u00e9nero en los hospitales\" href=\"https:\/\/www.tucanaldesalud.es\/es\/tusaludaldia\/articulos\/detecta-violencia-genero-hospitales\">nuestro deseo de ayudarla<\/a>&#8220;.<\/p>\n<h2>Tipos de violencia de g\u00e9nero y su efecto en la salud mental<\/h2>\n<p class=\"cmParagraph\">El maltrato puede ser f\u00edsico, sexual o psicol\u00f3gico, entre otras formas. En cada caso, adem\u00e1s de desarrollar los problemas psicol\u00f3gicos relacionados con la violencia de g\u00e9nero, se pueden sumar otros m\u00e1s espec\u00edficos.<\/p>\n<h3>1. Violencia f\u00edsica: qu\u00e9 es y c\u00f3mo afecta<\/h3>\n<p class=\"cmParagraph\">Se trata de <strong>cualquier acci\u00f3n que provoca da\u00f1o f\u00edsico a prop\u00f3sito<\/strong> mediante el uso de la fuerza o de objetos. Por lo tanto, golpes, empujones, patadas o incluso mantener encerrada a las v\u00edctimas se considera maltrato f\u00edsico.<\/p>\n<p class=\"cmParagraph\">Anteriormente, el agresor ha podido ejercer violencia psicol\u00f3gica hacia la v\u00edctima, lo que le ha permitido someterla hasta el punto de no tener miedo a ser delatado. La especialista nos explica que &#8220;la imposici\u00f3n por la fuerza es un signo fehaciente de la injusta coerci\u00f3n y dominaci\u00f3n que ejerce el agresor sobre su v\u00edctima de violencia de g\u00e9nero&#8221;. <\/p>\n<p class=\"cmParagraph\">Adem\u00e1s de los problemas de salud mental asociados a la violencia de g\u00e9nero, <strong>el maltrato f\u00edsico tambi\u00e9n provoca verg\u00fcenza y humillaci\u00f3n<\/strong>.<\/p>\n<h3>2. Violencia sexual y su efecto en la salud mental<\/h3>\n<p class=\"cmParagraph\">Seg\u00fan la Organizaci\u00f3n Mundial de la Salud, se incluye <strong>cualquier acto dirigido contra la sexualidad de una persona, o el intento de llevarlo a cabo, mediante imposici\u00f3n<\/strong>. Este tipo de violencia de g\u00e9nero incluye <strong>la violaci\u00f3n y los tocamientos sexuales<\/strong>, pero tambi\u00e9n <strong>otras formas de violencia sexual sin contacto<\/strong>.<\/p>\n<p class=\"cmParagraph\">En cuanto a las consecuencias psicol\u00f3gicas, las v\u00edctimas de nuevo pueden desarrollar los problemas de salud mental relacionados con la violencia de g\u00e9nero. Y, en su caso, adem\u00e1s, puede repercutir en futuras relaciones, tal como se\u00f1ala la especialista en Psicolog\u00eda: &#8220;Se suma la <strong>dificultad para situar las relaciones \u00edntimas en el contexto de una relaci\u00f3n afectiva en la pareja<\/strong> y <strong>la aparici\u00f3n de disfunciones sexuales<\/strong>&#8220;.<\/p>\n<h3>3. Violencia psicol\u00f3gica: ejemplos y consecuencias psicol\u00f3gicas<\/h3>\n<p class=\"cmParagraph\">El agresor que ejerce maltrato psicol\u00f3gico recurre a <strong>insultos, humillaciones, amenazas y chantajes<\/strong> hacia la v\u00edctima. Adem\u00e1s, suele manifestar un <strong>desprecio hacia lo que dice, opina y hace la mujer<\/strong>.<\/p>\n<p class=\"cmParagraph\">Igualmente, la violencia psicol\u00f3gica tambi\u00e9n se ejerce mediante silencios o indiferencia. Sobre este punto, la especialista a\u00f1ade que &#8220;<strong>las actitudes de indiferencia o silencio, a menudo, provocan dudas y sentimientos de culpa en la v\u00edctima de violencia de g\u00e9nero<\/strong>&#8220;. Por otro lado, la mujer puede <strong>acabar aislada de su entorno<\/strong> de familiares y amigos, e incluso sufrir <strong>limitaciones de dinero<\/strong> o de los medios para conseguirlo.<\/p>\n<p class=\"cmParagraph\">Todo ello causa un gran impacto a nivel psicol\u00f3gico. La especialista nos lo explica as\u00ed: &#8220;<strong>Las consecuencias psicol\u00f3gicas suponen una devastaci\u00f3n absoluta de la identidad y personalidad de la mujer, que va cediendo terreno imperceptiblemente<\/strong> y excusando las amenazas, insultos y chantajes en pro de su tranquilidad personal y la de los suyos&#8221;.<\/p>\n<p class=\"cmParagraph\">Lamentablemente, esta circunstancia contin\u00faa hasta que la mujer pierde el control de su vida e incluso de su libertad, quedando en manos de su pareja. &#8220;En esta situaci\u00f3n <strong>la v\u00edctima es incapaz de tomar decisiones por s\u00ed misma<\/strong> y, por tanto, el agresor la ha privado de la posibilidad de crecer y madurar como persona&#8221;, asegura la psic\u00f3loga.<\/p>\n<h2>C\u00f3mo recuperarse tras sufrir violencia de g\u00e9nero<\/h2>\n<p class=\"cmParagraph\">En l\u00edneas generales, el tratamiento psicol\u00f3gico dirigido a v\u00edctimas de maltrato comprende estos aspectos:<\/p>\n<ol>\n<li><strong>Acompa\u00f1amiento<\/strong>. La terapia empieza con el acompa\u00f1amiento activo y sincero de nuestro psic\u00f3logo. La especialista nos se\u00f1ala que el objetivo es afianzar el paso que la v\u00edctima est\u00e1 dando.<\/li>\n<li><strong>Psicoeducaci\u00f3n<\/strong>. Durante el tratamiento se proporciona informaci\u00f3n para conocer el ciclo de la violencia, as\u00ed como los <a class=\"cmNavContentLink\" title=\"Violencia de g\u00e9nero y la importancia de educar en valores\" href=\"https:\/\/www.tucanaldesalud.es\/es\/tusaludaldia\/articulos\/violencia-genero-importancia-educar-valores\">aspectos socioculturales<\/a> que contribuyen a la desigualdad.<\/li>\n<li><strong>Autoestima<\/strong>. Tambi\u00e9n es importante incluir un proceso de empoderamiento enfocado en <a href=\"https:\/\/e-quironsalud.es\/salud-mental\/161-terapia-para-la-autoestima-y-la-seguridad-personal?utm_source=quironsalud&amp;utm_medium=tucanaldesalud&amp;utm_campaign=violenciagenero\" title=\"Terapia online para mejorar el autoestima\" target=\"_blank\" rel=\"noopener\">mejorar el autoestima<\/a>, la confianza en s\u00ed misma y el autoconocimiento.<\/li>\n<li><strong>Habilidades en comunicaci\u00f3n<\/strong>. Otro punto de la terapia consiste en ense\u00f1ar habilidades y t\u00e9cnicas de comunicaci\u00f3n, as\u00ed como para resoluci\u00f3n de conflictos.<\/li>\n<li><strong>Disminuci\u00f3n de ansiedad y miedo.<\/strong> La mayor\u00eda de las v\u00edctimas de maltrato sienten ansiedad y miedo, por lo que suele ser necesario una intervenci\u00f3n para disminuirlos.<\/li>\n<li><strong>Estr\u00e9s postraum\u00e1tico<\/strong>. Existen casos en los que es recomendable tratar este tipo de estr\u00e9s, que se desarrolla despu\u00e9s de haber vivido una experiencia muy negativa.<\/li>\n<\/ol>\n","protected":false},"excerpt":{"rendered":"\n<div class=\"modelArticuloCanal templateHtmlMainPage\">\n<div class=\"articuloCuerpo\">\n<div class=\"articuloContenido\">\n<div class=\"contentImageContainer\"><img decoding=\"async\" loading=\"lazy\" src=\"http:\/\/latecordoba.com\/wp-content\/uploads\/2023\/11\/todas-las-secuelas-de-la-violencia-de-genero-y-como-tratarlas-1.jpg\" alt=\"Violencia de g\u00e9nero y salud mental\" width=\"800\" height=\"499\" class=\"contentImage\"\/><\/div>\n<div class=\"contentTextContainer\">\n<div class=\"contentChannel tusaludaldia\"><a class=\"cmContentLink\" href=\"https:\/\/www.tucanaldesalud.es\/tusaludaldia\">Tu salud al d\u00eda<\/a><\/div>\n<p><!--[LINK]--><\/p>\n<div class=\"contentInfo\"><span class=\"contentDatePlace\"><span class=\"contentDate\">22 de noviembre de 2023<\/span> <\/span><span class=\"contentTitle\">Todas las secuelas de la violencia de g\u00e9nero y c\u00f3mo tratarlas<\/span> <span class=\"contentAltText\">As\u00ed afecta el maltrato f\u00edsico y psicol\u00f3gico a la mujer v\u00edctima de violencia<\/span> <span class=\"contentDescription\">La violencia de g\u00e9nero provoca un gran deterioro en la salud mental de las v\u00edctimas. Por eso, hoy d\u00eda es necesario hablar, adem\u00e1s del da\u00f1o f\u00edsico, de los traumas y los efectos psicol\u00f3gicos que deja tras de s\u00ed.<\/span> <span class=\"buttonSeguirLeyendo\" style=\"display: none\">Seguir leyendo&#8230;<\/span><\/div>\n<p><!--[\/LINK]--><\/div>\n<\/div>\n<\/div>\n<\/div>\n","protected":false},"author":1,"featured_media":18500,"comment_status":"closed","ping_status":"closed","sticky":false,"template":"","format":"standard","meta":[],"categories":[16],"tags":[],"_links":{"self":[{"href":"https:\/\/latecordoba.com\/index.php\/wp-json\/wp\/v2\/posts\/18499"}],"collection":[{"href":"https:\/\/latecordoba.com\/index.php\/wp-json\/wp\/v2\/posts"}],"about":[{"href":"https:\/\/latecordoba.com\/index.php\/wp-json\/wp\/v2\/types\/post"}],"author":[{"embeddable":true,"href":"https:\/\/latecordoba.com\/index.php\/wp-json\/wp\/v2\/users\/1"}],"replies":[{"embeddable":true,"href":"https:\/\/latecordoba.com\/index.php\/wp-json\/wp\/v2\/comments?post=18499"}],"version-history":[{"count":0,"href":"https:\/\/latecordoba.com\/index.php\/wp-json\/wp\/v2\/posts\/18499\/revisions"}],"wp:featuredmedia":[{"embeddable":true,"href":"https:\/\/latecordoba.com\/index.php\/wp-json\/wp\/v2\/media\/18500"}],"wp:attachment":[{"href":"https:\/\/latecordoba.com\/index.php\/wp-json\/wp\/v2\/media?parent=18499"}],"wp:term":[{"taxonomy":"category","embeddable":true,"href":"https:\/\/latecordoba.com\/index.php\/wp-json\/wp\/v2\/categories?post=18499"},{"taxonomy":"post_tag","embeddable":true,"href":"https:\/\/latecordoba.com\/index.php\/wp-json\/wp\/v2\/tags?post=18499"}],"curies":[{"name":"wp","href":"https:\/\/api.w.org\/{rel}","templated":true}]}}