{"id":18476,"date":"2023-11-22T12:12:00","date_gmt":"2023-11-22T12:12:00","guid":{"rendered":"https:\/\/www.puntal.com.ar\/musica\/richard-coleman-no-me-interesa-el-uso-comercial-que-se-le-esta-dando-la-nostalgia-estos-dias-n205729"},"modified":"2023-11-22T12:12:00","modified_gmt":"2023-11-22T12:12:00","slug":"richard-coleman-no-me-interesa-el-uso-comercial-que-se-le-esta-dando-a-la-nostalgia-en-estos-dias","status":"publish","type":"post","link":"https:\/\/latecordoba.com\/index.php\/2023\/11\/22\/richard-coleman-no-me-interesa-el-uso-comercial-que-se-le-esta-dando-a-la-nostalgia-en-estos-dias\/","title":{"rendered":"Richard Coleman: &#8220;No me interesa el uso comercial que se le est\u00e1 dando a la nostalgia en estos d\u00edas&#8221;"},"content":{"rendered":"\n<div><img decoding=\"async\" src=\"http:\/\/latecordoba.com\/wp-content\/uploads\/2023\/11\/richard-coleman-no-me-interesa-el-uso-comercial-que-se-le-esta-dando-a-la-nostalgia-en-estos-dias.jpg\" class=\"ff-og-image-inserted\"><\/div>\n<p> Esta novedad sucede a &#8220;Humanidad&#8221;, su m\u00e1s reciente corte de 2021, y aparece luego de un silencio discogr\u00e1fico que se prolong\u00f3 por su participaci\u00f3n en la extensa gira &#8220;Gracias totales&#8221; de Soda Stereo, y por un tour personal por Irlanda, Inglaterra y Espa\u00f1a, en donde a solas con su guitarra y su set de efectos present\u00f3 un repertorio que repasaba toda su trayectoria.<\/p>\n<p>Los nuevos enfoques que el ex Fricci\u00f3n y Los Siete Delfines explora en sus viejas composiciones, y que encuentran una continuidad en &#8220;Humanidad&#8221; y, especialmente, en &#8220;Ara\u00f1as beb\u00e9&#8221; se condicen con su postura en torno &#8220;al negocio de la nostalgia&#8221;.<\/p>\n<p>&#8220;No me interesa la nostalgia. No es algo que me rinda, no le hago tributo. El uso comercial que se le est\u00e1 dando a la nostalgia en estos d\u00edas no es algo con lo que est\u00e9 de acuerdo. No la aplaudo. Cuando voy a una canci\u00f3n m\u00eda de hace 35 a\u00f1os, no es por nostalgia, sino simplemente porque las canciones est\u00e1n para tocarlas y me parece que tienen sentido, algo de actualidad. No es para ir hacia atr\u00e1s, sino que las revisito con cosas que puedo decir ahora de manera genuina&#8221;, sentenci\u00f3 Coleman en di\u00e1logo con T\u00e9lam.<\/p>\n<p>Con esos mismos preceptos, el m\u00fasico encar\u00f3 su convocatoria para participar del tour con el que Zeta y Charly Alberti quisieron ponerle un broche de oro el inolvidable tr\u00edo que conformaron junto a Gustavo Cerati.<\/p>\n<p>&#8220;Yo soy yo. No es que estaban llamando a alguien de afuera para emular, para hacer la m\u00edmica de lo que hac\u00eda Gustavo. La idea era reinterpretar las canciones, no hacerlas tal cual, y a m\u00ed me parec\u00eda que pod\u00eda reinterpretarlas con cierta autoridad&#8221;, explic\u00f3.<\/p>\n<p>De esa experiencia, a la que asegur\u00f3 que encar\u00f3 &#8220;con mucho amor y respeto&#8221;, el artista rescat\u00f3 la relaci\u00f3n establecida con muchas de las figuras invitadas, ocasi\u00f3n en la que descubri\u00f3 que su voz combinaba de manera especial con la de Echeverri.<\/p>\n<p>&#8220;En `Ara\u00f1as beb\u00e9\u00b4 nuestras voces se funden, se amalgaman. No hay nada forzado. Es genuino. No es que llam\u00e9 a una artista para sumar nombres. No es que prim\u00f3 la amistad , sino que concretamente percib\u00ed que musicalmente hab\u00eda algo lindo que pod\u00eda pasar&#8221;, destac\u00f3.<\/p>\n<p>El tema, pensado por su autor exclusivamente como single con derecho propio y no como un anticipo de un eventual futuro \u00e1lbum, engrosa una discograf\u00eda que en formato solitario sum\u00f3 a &#8220;Humanidad&#8221; en 2021 y al cover del cl\u00e1sico &#8220;Drive&#8221; de The Cars en 2020; y encuentra en el multipremiado &#8220;F-A-C-I-L&#8221; de 2017 a su \u00faltimo larga duraci\u00f3n.<\/p>\n<p>Lo cierto es que la nueva canci\u00f3n aparece en momentos en que el m\u00fasico planea su participaci\u00f3n en el Primavera Sound y un cierre de a\u00f1o que lo tendr\u00e1 junto a su banda acompa\u00f1ante, el Trans-Siberian Express, el pr\u00f3ximo 2 de diciembre en Lucille y el 14, en formato solista, del mismo modo que lo hizo en su gira europea, en Bebop Club, ambos en el barrio porte\u00f1o de Palermo.<\/p>\n<div contenteditable=\"false\" class=\"embed_cont type_freetext\" rel=\"freetext\" id=\"embed128_wrap\" data-provider=\"YouTube\" readability=\"32\">\n<p> Richard Coleman ft Andrea Echeverri &#8211; Ara\u00f1as Beb\u00e9<span onclick=\"parent.parent.TinyMCETdcuerpo.preview_embed('embed128')\" class=\"embed_colapse less\" id=\"embed128_colapse\"><\/span><span onclick=\"parent.parent.TinyMCETdcuerpo.delete_embed('embed128')\" class=\"embed_delete less\" id=\"embed128_delete\"><\/span><\/p>\n<div id=\"embed128_content\" class=\"embed_content\">\n<p> <iframe loading=\"lazy\" width=\"200\" height=\"113\" src=\"https:\/\/www.youtube.com\/embed\/aOyeOjiWXt0?feature=oembed\" frameborder=\"0\" allow=\"accelerometer; autoplay; clipboard-write; encrypted-media; gyroscope; picture-in-picture; web-share\" allowfullscreen title=\"Richard Coleman ft Andrea Echeverri - Ara\u00f1as Beb\u00e9\">[embedded content]<\/iframe><\/p>\n<\/p><\/div>\n<\/p><\/div>\n<p><strong> -\u00bfEn qu\u00e9 contexto creativo aparece &#8220;Ara\u00f1as beb\u00e9&#8221;?<\/strong><\/p>\n<p>-El a\u00f1o pasado, por una necesidad m\u00eda, decid\u00ed retomar el proceso creativo, que me viene costando bastante. Decid\u00ed encerrarme un poco y empezar a trabajar. Aparecieron un par de ideas arm\u00f3nicas y de estilo que me llevaron a empezar a desarrollar un par de canciones. Bueno, esta que sali\u00f3 ahora es la que m\u00e1s presi\u00f3n me hizo para ser terminada, porque hay un momento en que la canci\u00f3n pide.<\/p>\n<p><strong>-\u00bfPor qu\u00e9 te cuesta el proceso creativo? \u00bfNo encontrabas nada novedoso para decir?<\/strong><\/p>\n<p>-La traba no es art\u00edstica, es la realidad socioecon\u00f3mica. Yo tengo que trabajar y parar la olla en casa. Digamos que la creatividad est\u00e1 al servicio de la supervivencia en mi caso. Soy un artista independiente y la venta de shows, preparar nuevas cosas para ofrecerle a la gente, los ensayos, me llevan mucho tiempo. No me puedo permitir parar un mes para ponerme a laburar en eso. Mucho menos hablar de un a\u00f1o, que es lo que necesito para trabajar en un \u00e1lbum, as\u00ed que estoy un poco atrapado en esa ruedita de h\u00e1mster. No es falta de inspiraci\u00f3n, tengo cosas para decir, pero no puedo darme el lujo de parar. Cuando apareci\u00f3 esta canci\u00f3n que me puso un poco de presi\u00f3n, me di cuenta de que esta s\u00ed la pod\u00eda sacar adelante.<\/p>\n<p><strong>-\u00bfQu\u00e9 ten\u00eda esta canci\u00f3n que te gener\u00f3 esa sensaci\u00f3n?<\/strong><\/p>\n<p>-Son cosas intr\u00ednsecas de las canciones. Llegu\u00e9 a la melod\u00eda muy r\u00e1pido, y cuando ya tuve la melod\u00eda, la estructura de la canci\u00f3n y el riff, en vez de seguir d\u00e1ndole vueltas o buscando otros arreglos, inmediatamente me puso a trabajar en la letra. Sali\u00f3 bastante r\u00e1pido y eso me llev\u00f3 a desarrollarla y cerrarla, no dejarla en un paquete junto a otros proyectos que podr\u00edan llegar a formar un \u00e1lbum. Cuando me puse a trabajar en arreglos, empez\u00f3 a surgir la idea de hacer un dueto, como para hacer una variante.<\/p>\n<p><span class=\"embed_cont type_highlight inlinehighlight\" rel=\"highlight\" id=\"embed3iclhesbjlr_wrap\"> <span class=\"embed_options highlight inlinehighlight\" rel=\"opt\" id=\"embed3iclhesbjlr_opts\">No me interesa la nostalgia. No es algo que me rinda, no le hago tributo. El uso comercial que se le est\u00e1 dando a la nostalgia en estos d\u00edas no es algo con lo que est\u00e9 de acuerdo. No la aplaudo. Cuando voy a una canci\u00f3n m\u00eda de hace 35 a\u00f1os, no es por nostalgia, sino simplemente porque las canciones est\u00e1n para tocarlas y me parece que tienen sentido, algo de actualidad. No es para ir hacia atr\u00e1s, sino que las revisito con cosas que puedo decir ahora de manera genuina <span onclick=\"parent.parent.TinyMCETdcuerpo.removeHighlight('embed3iclhesbjlr')\" class=\"embed_colapse inlinehighlight less\" id=\"embed3iclhesbjlr_colapse\"><\/span> <\/span> <span class=\"embed_content inlinehighlight\" id=\"embed3iclhesbjlr_content\">No me interesa la nostalgia. No es algo que me rinda, no le hago tributo. El uso comercial que se le est\u00e1 dando a la nostalgia en estos d\u00edas no es algo con lo que est\u00e9 de acuerdo. No la aplaudo. Cuando voy a una canci\u00f3n m\u00eda de hace 35 a\u00f1os, no es por nostalgia, sino simplemente porque las canciones est\u00e1n para tocarlas y me parece que tienen sentido, algo de actualidad. No es para ir hacia atr\u00e1s, sino que las revisito con cosas que puedo decir ahora de manera genuina<\/span><\/span><\/p>\n<p><strong> -\u00bfY c\u00f3mo se da la convocatoria a Andrea Echeverri?<\/strong><\/p>\n<p>-Mientras tanto, estaba en la gira de &#8220;Gracias totales&#8221; y ah\u00ed se desarroll\u00f3 una linda camarader\u00eda con algunos artistas que participaron. Entre ellos estaba Andrea, que adem\u00e1s de generarse una linda amistad, en un momento me pidi\u00f3 una colaboraci\u00f3n para un proyecto personal de ella. Cuando escuch\u00e9 c\u00f3mo quedaban nuestras voces juntas, se me ocurri\u00f3 que estar\u00eda bueno hacer lo mismo invit\u00e1ndola a ella para mi canci\u00f3n. No es que primero estuvo la amistad y luego vemos qu\u00e9 hacemos, sino que musicalmente percib\u00ed que hab\u00eda algo lindo que pod\u00eda pasar. As\u00ed como me propuso hacer un dueto y salir de mi zona de confort, me sedujo la idea de llamarla a Andrea y sacarla de su zona de confort musical; que venga a cantar conmigo una canci\u00f3n m\u00e1s oscura, con otro tipo de arreglos, otro tipo de audio. Me pareci\u00f3 que le pod\u00eda resultar interesante porque es una mina muy creativa y una gran artista.<\/p>\n<p><strong>-Por lo que cont\u00e1s, este single no es un anticipo de un futuro \u00e1lbum.<\/strong><\/p>\n<p>-No, tanto &#8220;Humanidad&#8221; como este son singles, no son adelantos. No tengo la idea del adelanto, me parece que el single tiene que tener un peso propio. Es mi interpretaci\u00f3n del concepto, tienen peso propio y en todo caso pueden formar parte de un \u00e1lbum de singles, pero no formar parte de un concepto master que hago cuando compongo un \u00e1lbum, en donde desarrollo un concepto de diez canciones alrededor de lo mismo.<\/p>\n<p><strong>-En &#8220;Ara\u00f1as beb\u00e9&#8221; hay un aggiornamiento al universo post-punk que fue tu origen. \u00bfCu\u00e1l es la clave para que la esencia estil\u00edstica suene moderna y no a revival<\/strong>?<\/p>\n<p>-En &#8220;Ara\u00f1as beb\u00e9&#8221; hab\u00eda b\u00fasqueda deliberada. No s\u00e9 si cuando retome mi trabajo creativo seguir\u00e1 con la misma b\u00fasqueda, pero quer\u00eda retomar, hacer una revisita con todo el tiempo que ha pasado, al g\u00e9nero que a m\u00ed me influy\u00f3 tanto. Eso no lo he abandonado nunca, pero s\u00ed le estaba buscando una canci\u00f3n un poco m\u00e1s oscura. Y, por otro lado, la b\u00fasqueda de un audio, que para m\u00ed es eterna. Tiene que ver mucho con el uso est\u00e9tico de las distorsiones y eso lo puedo sumar a una canci\u00f3n rom\u00e1ntica. \u00bfViste que es como un pop oscuro, por los riff?<\/p>\n<p><strong>-\u00bfQu\u00e9 te motiv\u00f3 a sumarte a la gira &#8220;Gracias totales&#8221; de Soda Stereo? \u00bfLo tomaste como un tributo al amigo?<\/strong><\/p>\n<p>-No, yo no le rindo tributo a mi amigo, s\u00ed lo hice con mucho amor y respeto. Fundamentalmente, porque la propuesta vino de parte de Zeta y, genuinamente, cuando me dijo que ten\u00eda ganas de salir a tocar sus temas en vez de que lo sigan tocando tantas bandas tributo, ah\u00ed me enganch\u00e9. Ellos ten\u00edan ganas de hacer una \u00faltima gira con sus canciones, me llamaron y les propuse ocuparme fundamentalmente de las partes de guitarra, de hacer de alguna manera una reformulaci\u00f3n a partir de conocer tambi\u00e9n la manera de pensar las guitarras de Gustavo. Mi propuesta fue hacerlo con dos o tres guitarristas para que estuvieran todos los elementos que Gustavo usaba en la grabaci\u00f3n. Eso me permit\u00eda tocar como tocaba yo en Soda Stereo cuando me invitaban y, adem\u00e1s, nadie estaba cumpliendo el rol de Gustavo. Me parec\u00eda bien ocuparme de eso por una cuesti\u00f3n de cercan\u00eda, de afecto, de historia y porque yo soy yo.<\/p>\n","protected":false},"excerpt":{"rendered":"<p>\nEl destacado cantautor rockero argentino acaba de lanzar un nuevo single junto a la colombiana Andrea Echeverri y se aprestar a tocar este s\u00e1bado en el festival Primavera Sound  <\/p>\n","protected":false},"author":1,"featured_media":18477,"comment_status":"closed","ping_status":"closed","sticky":false,"template":"","format":"standard","meta":[],"categories":[14],"tags":[],"_links":{"self":[{"href":"https:\/\/latecordoba.com\/index.php\/wp-json\/wp\/v2\/posts\/18476"}],"collection":[{"href":"https:\/\/latecordoba.com\/index.php\/wp-json\/wp\/v2\/posts"}],"about":[{"href":"https:\/\/latecordoba.com\/index.php\/wp-json\/wp\/v2\/types\/post"}],"author":[{"embeddable":true,"href":"https:\/\/latecordoba.com\/index.php\/wp-json\/wp\/v2\/users\/1"}],"replies":[{"embeddable":true,"href":"https:\/\/latecordoba.com\/index.php\/wp-json\/wp\/v2\/comments?post=18476"}],"version-history":[{"count":0,"href":"https:\/\/latecordoba.com\/index.php\/wp-json\/wp\/v2\/posts\/18476\/revisions"}],"wp:featuredmedia":[{"embeddable":true,"href":"https:\/\/latecordoba.com\/index.php\/wp-json\/wp\/v2\/media\/18477"}],"wp:attachment":[{"href":"https:\/\/latecordoba.com\/index.php\/wp-json\/wp\/v2\/media?parent=18476"}],"wp:term":[{"taxonomy":"category","embeddable":true,"href":"https:\/\/latecordoba.com\/index.php\/wp-json\/wp\/v2\/categories?post=18476"},{"taxonomy":"post_tag","embeddable":true,"href":"https:\/\/latecordoba.com\/index.php\/wp-json\/wp\/v2\/tags?post=18476"}],"curies":[{"name":"wp","href":"https:\/\/api.w.org\/{rel}","templated":true}]}}