{"id":18471,"date":"2023-11-22T14:15:26","date_gmt":"2023-11-22T14:15:26","guid":{"rendered":"http:\/\/2bf2bf69f02c975493ad71e81e742348"},"modified":"2023-11-22T14:15:26","modified_gmt":"2023-11-22T14:15:26","slug":"llaryora-lleva-a-martin-gill-como-ministro-de-un-area-clave-y-contiene-al-peronismo-no-schiarettista","status":"publish","type":"post","link":"https:\/\/latecordoba.com\/index.php\/2023\/11\/22\/llaryora-lleva-a-martin-gill-como-ministro-de-un-area-clave-y-contiene-al-peronismo-no-schiarettista\/","title":{"rendered":"Llaryora lleva a Mart\u00edn Gill como ministro de un \u00e1rea clave y contiene al peronismo no schiarettista"},"content":{"rendered":"\n<div class=\"media_block\"><img decoding=\"async\" src=\"http:\/\/latecordoba.com\/wp-content\/uploads\/2023\/11\/llaryora-lleva-a-martin-gill-como-ministro-de-un-area-clave-y-contiene-al-peronismo-no-schiarettista.jpg\"><\/div>\n<div><img decoding=\"async\" src=\"http:\/\/latecordoba.com\/wp-content\/uploads\/2023\/11\/llaryora-lleva-a-martin-gill-como-ministro-de-un-area-clave-y-contiene-al-peronismo-no-schiarettista-1.jpg\" class=\"ff-og-image-inserted\"><\/div>\n<p>Mart\u00edn Gill, quien fue segundo de Gabriel Katopodis en Obras P\u00fablicas, ser\u00e1 ministro de Cooperativas del pr\u00f3ximo gobierno de C\u00f3rdoba que encabezar\u00e1 Mart\u00edn Llaryora.&nbsp;<\/p>\n<p>Aunque desde afuera podr\u00eda leerse que la designaci\u00f3n es simb\u00f3lica, fue una cartera muy disputada hacia dentro de la rosca del peronismo: ocurre que las cooperativas tejen en C\u00f3rdoba una amplia red de servicios (luz y agua) y negocios (pr\u00e9stamos mutualistas) en el interior provincial, y a ellas Llaryora les dar\u00e1 la ejecuci\u00f3n de obras de conectividad y red de gas domiciliario.<\/p>\n<p>Como segundo de Katopodis, Gill arm\u00f3 a base de obra p\u00fablica su propia red de intendentes, quienes, en general, desoyeron a Juan Schiaretti y jugaron a favor de Sergio Massa, por lo que la designaci\u00f3n del saliente intendente de Villa Mar\u00eda es tambi\u00e9n una fuerte se\u00f1al hacia dentro del peronismo. Gill se convierte en un socio generacional del pr\u00f3ximo gobernador. Como gestor, en el llaryorismo le reconocen a Gill suficientes m\u00e9ritos para el cargo. <\/p>\n<p>Las obras que ejecutar\u00e1n las cooperativas ser\u00e1n una de las puertas de entrada de Llaryora en el interior profundo de C\u00f3rdoba, aquel que vot\u00f3 por Luis Juez en la elecci\u00f3n provincial. Como se recordar\u00e1, Llaryora fue elegido gobernador por los vecinos de las dos ciudades que gobern\u00f3, San Francisco y C\u00f3rdoba: all\u00ed obtuvo las diferencias para inclinar a su favor el resultado final. Ese d\u00e9ficit pol\u00edtico es el que Llaryora quiere saldar, y tendr\u00e1 como una de sus manos ejecutoras a Gill. <\/p>\n<p><a href=\"https:\/\/www.lapoliticaonline.com\/tools\/redirect.php?t=3&amp;i=274741&amp;s=e0ef5531cd5691bcd26bee8e45ad2761\" target=\"_blank\" class=\"link-type-content content-type-noticia-ar\" rel=\"noopener\">Con La C\u00e1mpora derrotada, Schiaretti quiere liderar el postcristinismo y rearmar el centro<\/a><\/p>\n<p>A diferencia de la motosierra, Llaryora ampliar\u00e1 a casi 25 los ministerios y agencias. Adem\u00e1s de Gill, est\u00e1n confirmados el otrora \u00e1cido opositor Juan Pablo Quinteros, en Seguridad; Liliana Montero, quien se reuni\u00f3 con Malena durante la campa\u00f1a, en Desarrollo Humano; y el hombre fuerte del PRO en el sur cordob\u00e9s, Pedro Dellarossa, como titular de Industria. <\/p>\n<p>Del sector privado, incorpor\u00f3 una pieza clave: Ricardo Pieckenstainer, CEO del Hospital Privado, tendr\u00e1 a su cargo Salud. Esta tambi\u00e9n es una brasa compleja de agarrar: el cierre masivo de cl\u00ednicas en el interior provincial y la precarizaci\u00f3n laboral pusieron en m\u00e1xima tensi\u00f3n al sector p\u00fablico de la salud. Pieckenstainer deber\u00e1 desplegar telemedicina y articular con el sector privado para satisfacer la demanda. <\/p>\n<p>Del llaryorismo puro est\u00e1n Guillermo Acosta, quien tendr\u00e1 a su cargo Econom\u00eda; David Consalvi, que asumir\u00e1 en la estrat\u00e9gica Secretar\u00eda General; Gustao Brandan, intendente saliente de Colonia Caroya, que conducir\u00e1 Obras P\u00fablicas; y Daniel Pastore, a cargo de Comunicaci\u00f3n; y Horacio Ferreira, en Educaci\u00f3n. Al igual que Salud y Seguridad, Educaci\u00f3n es considerado por Llaryora el tridente de las grandes reformas. Marcelo Rodio ir\u00eda a la Agencia C\u00f3rdoba Deportes, otro cargo preciado porque el estadio Kempes entrar\u00e1 en refacciones por dos a\u00f1os, con un presupuesto millonario. <\/p>\n<p>Continuan varios ministros: Jorge C\u00f3rdoba mantendr\u00e1 a su cargo la Fiscal\u00eda de Estado, Fabi\u00e1n L\u00f3pez seguir\u00e1 como ministro de Servicios P\u00fablicos; Omar Sereno har\u00e1 lo propio en Trabajo; mientras que Sergio Busso se mantendr\u00e1 al frente de Agricultura. En el caso de Juli\u00e1n L\u00f3pez, deja Gobierno para regresar a Justicia, donde hay una crisis carcelaria a la vista por la falta de plazas en el sistema penitenciario. . <\/p>\n<p>Entre los aliados estrat\u00e9gicos de Llaryora, Manuel Calvo, actual vicegobernador, ocupar\u00e1 la cartera de Gobierno; mientras que Victoria Flores, hija de Olga Riutort, estar\u00e1 a cargo de Desarrollo Sustentable, para potenciar la econom\u00eda circular. En Turismo desembarcar\u00e1 el actual legislador del PRO Dar\u00edo Capitani. <\/p>\n<p>Restan definir qui\u00e9nes comandar\u00e1n las agencias de Agro, Ciencia, Conectividad, Inversi\u00f3n y Juventud, y la estrat\u00e9gica Caja de Jubilaciones, tal\u00f3n de Aquiles de las finanzas provinciales y con necesidad de negociaci\u00f3n permanente con la Anses que comandar\u00e1 Carolina P\u00edparo.<\/p>\n","protected":false},"excerpt":{"rendered":"\n<div class=\"media_block\"><img decoding=\"async\" src=\"http:\/\/latecordoba.com\/wp-content\/uploads\/2023\/11\/llaryora-lleva-a-martin-gill-como-ministro-de-un-area-clave-y-contiene-al-peronismo-no-schiarettista.jpg\"><\/div>\n<p>Ocupar\u00e1 Cooperativas, que tendr\u00e1 a su cargo la obra p\u00fablica en el interior provincial. El cordob\u00e9s se diferencia de Milei y tendr\u00e1 r\u00e9cord de ministerios.  <\/p>\n","protected":false},"author":1,"featured_media":18472,"comment_status":"closed","ping_status":"closed","sticky":false,"template":"","format":"standard","meta":[],"categories":[18],"tags":[],"_links":{"self":[{"href":"https:\/\/latecordoba.com\/index.php\/wp-json\/wp\/v2\/posts\/18471"}],"collection":[{"href":"https:\/\/latecordoba.com\/index.php\/wp-json\/wp\/v2\/posts"}],"about":[{"href":"https:\/\/latecordoba.com\/index.php\/wp-json\/wp\/v2\/types\/post"}],"author":[{"embeddable":true,"href":"https:\/\/latecordoba.com\/index.php\/wp-json\/wp\/v2\/users\/1"}],"replies":[{"embeddable":true,"href":"https:\/\/latecordoba.com\/index.php\/wp-json\/wp\/v2\/comments?post=18471"}],"version-history":[{"count":0,"href":"https:\/\/latecordoba.com\/index.php\/wp-json\/wp\/v2\/posts\/18471\/revisions"}],"wp:featuredmedia":[{"embeddable":true,"href":"https:\/\/latecordoba.com\/index.php\/wp-json\/wp\/v2\/media\/18472"}],"wp:attachment":[{"href":"https:\/\/latecordoba.com\/index.php\/wp-json\/wp\/v2\/media?parent=18471"}],"wp:term":[{"taxonomy":"category","embeddable":true,"href":"https:\/\/latecordoba.com\/index.php\/wp-json\/wp\/v2\/categories?post=18471"},{"taxonomy":"post_tag","embeddable":true,"href":"https:\/\/latecordoba.com\/index.php\/wp-json\/wp\/v2\/tags?post=18471"}],"curies":[{"name":"wp","href":"https:\/\/api.w.org\/{rel}","templated":true}]}}