{"id":18465,"date":"2023-11-22T01:48:58","date_gmt":"2023-11-22T01:48:58","guid":{"rendered":"http:\/\/9e3ae8a5acd476ce5700ad6e8e614fc3"},"modified":"2023-11-22T01:48:58","modified_gmt":"2023-11-22T01:48:58","slug":"villarruel-y-posse-chocan-por-el-manejo-de-la-afi","status":"publish","type":"post","link":"https:\/\/latecordoba.com\/index.php\/2023\/11\/22\/villarruel-y-posse-chocan-por-el-manejo-de-la-afi\/","title":{"rendered":"Villarruel y Posse chocan por el manejo de la AFI"},"content":{"rendered":"\n<div class=\"media_block\"><img decoding=\"async\" src=\"http:\/\/latecordoba.com\/wp-content\/uploads\/2023\/11\/villarruel-y-posse-chocan-por-el-manejo-de-la-afi.jpg\"><\/div>\n<div><img decoding=\"async\" src=\"http:\/\/latecordoba.com\/wp-content\/uploads\/2023\/11\/villarruel-y-posse-chocan-por-el-manejo-de-la-afi-1.jpg\" class=\"ff-og-image-inserted\"><\/div>\n<p>Victoria Villarruel choca Nicol\u00e1s Posse, futuro jefe de gabinete de Javier Milei, por el manejo de la Agencia Federal de Inteligencia (AFI).<\/p>\n<p>La vicepresidenta electa quiere que la AFI sea una secretar\u00eda que est\u00e9 bajo su \u00f3rbita y para ese puesto postula a Jorge Vives, un ex militar al que tambi\u00e9n hab\u00eda impulsado por ahora sin \u00e9xito <a href=\"https:\/\/www.lapoliticaonline.com\/tools\/redirect.php?t=3&amp;i=273759&amp;s=de8c1beaf466f01a3d307ee2fa45afbd\" target=\"_blank\" rel=\"noopener\">para controlar la Aduana<\/a>.<\/p>\n<p>Posse quiere que la AFI contin\u00fae como en la actualidad dependiendo de Presidencia, es decir bajo el control del propio Milei. Para el cargo se menciona a Miguel \u00c1ngel Toma, que fue secretario de Inteligencia durante la presidencia de Eduardo Duhalde y tiene contactos en las agencias de inteligencia del exterior.<\/p>\n<p>Tambi\u00e9n se mencion\u00f3 a Cristian Ritondo, pero el diputado del PRO prefiere quedarse a manejar la C\u00e1mara de Diputados -lo que tambi\u00e9n<a href=\"https:\/\/www.lapoliticaonline.com\/tools\/redirect.php?t=3&amp;i=274829&amp;s=57e45cee9049cc12ed314263bb349f1d\" target=\"_blank\" rel=\"noopener\"> genera tensiones<\/a> en La Libertad Avanza- y jam\u00e1s se pondr\u00eda por encima de Toma, su hist\u00f3rico mentor.<\/p>\n<p>La tensi\u00f3n de Villarruel con el entorno de Milei es latente. Villarruel tambi\u00e9n quiere controlar Defensa desde la vicepresidencia y acepta que Federico Pinedo sea el secretario. La vice ten\u00eda un principio de acuerdo con un sector de Gendarmer\u00eda para poblar el ministerio pero la dejaron en soledad.<\/p>\n<p>Milei resiste darle Seguridad a Villarruel y por eso el puesto fue ofrecido a diversos integrantes del Juntos por el Cambio. Patricia Bullrich ya dijo que no y Diego Santilli no quiere aceptar un ministerio de manera unilateral, ya que espera que forme parte de un acuerdo pol\u00edtico de c\u00fapulas. El c\u00e1lculo es simple: si se complica la gesti\u00f3n en la calle, necesitar\u00e1 un respaldo pol\u00edtico al menos de lo que queda de su propio frente. <\/p>\n<p><a href=\"https:\/\/www.lapoliticaonline.com\/tools\/redirect.php?t=3&amp;i=274735&amp;s=a1cb1b4a6b04e83c8b34b1e449c59a42\" target=\"_blank\" class=\"link-type-content content-type-noticia-ar\" rel=\"noopener\">El PRO resiste sumarse al gabinete y Macri tuvo que apurar una cumbre con Milei&nbsp;<\/a><\/p>\n<p>El \u00fanico dispuesto a tirarse de cabeza es el mendocino Luis Petri, que fue candidato a vicepresidente de Bullrich. En el PRO dicen que est\u00e1 desesperado por un cargo.<\/p>\n<p>Santilli tambi\u00e9n es mencionado para reemplazar a Malena Galmarini en Aysa, un cargo que le permitir\u00eda un contacto fluido con los intendentes y un posicionamiento en la provincia, donde quiere volver a competir en 2025.&nbsp;<\/p>\n","protected":false},"excerpt":{"rendered":"\n<div class=\"media_block\"><img decoding=\"async\" src=\"http:\/\/latecordoba.com\/wp-content\/uploads\/2023\/11\/villarruel-y-posse-chocan-por-el-manejo-de-la-afi.jpg\"><\/div>\n<p>Sigue sin definirse el ministerio de Seguridad en medio de las tensiones con la vice, que quiere que Defensa est\u00e9 bajo su \u00f3rbita.  <\/p>\n","protected":false},"author":1,"featured_media":18466,"comment_status":"closed","ping_status":"closed","sticky":false,"template":"","format":"standard","meta":[],"categories":[18],"tags":[],"_links":{"self":[{"href":"https:\/\/latecordoba.com\/index.php\/wp-json\/wp\/v2\/posts\/18465"}],"collection":[{"href":"https:\/\/latecordoba.com\/index.php\/wp-json\/wp\/v2\/posts"}],"about":[{"href":"https:\/\/latecordoba.com\/index.php\/wp-json\/wp\/v2\/types\/post"}],"author":[{"embeddable":true,"href":"https:\/\/latecordoba.com\/index.php\/wp-json\/wp\/v2\/users\/1"}],"replies":[{"embeddable":true,"href":"https:\/\/latecordoba.com\/index.php\/wp-json\/wp\/v2\/comments?post=18465"}],"version-history":[{"count":0,"href":"https:\/\/latecordoba.com\/index.php\/wp-json\/wp\/v2\/posts\/18465\/revisions"}],"wp:featuredmedia":[{"embeddable":true,"href":"https:\/\/latecordoba.com\/index.php\/wp-json\/wp\/v2\/media\/18466"}],"wp:attachment":[{"href":"https:\/\/latecordoba.com\/index.php\/wp-json\/wp\/v2\/media?parent=18465"}],"wp:term":[{"taxonomy":"category","embeddable":true,"href":"https:\/\/latecordoba.com\/index.php\/wp-json\/wp\/v2\/categories?post=18465"},{"taxonomy":"post_tag","embeddable":true,"href":"https:\/\/latecordoba.com\/index.php\/wp-json\/wp\/v2\/tags?post=18465"}],"curies":[{"name":"wp","href":"https:\/\/api.w.org\/{rel}","templated":true}]}}