{"id":18449,"date":"2023-11-21T21:45:00","date_gmt":"2023-11-21T21:45:00","guid":{"rendered":"https:\/\/www.iprofesional.com\/economia\/393042-techint-quiere-poner-un-pie-en-ypf-quien-sera-el-nuevo-ceo"},"modified":"2023-11-21T21:45:00","modified_gmt":"2023-11-21T21:45:00","slug":"techint-quiere-poner-un-pie-en-ypf-proponen-a-horacio-marin-como-nuevo-ceo","status":"publish","type":"post","link":"https:\/\/latecordoba.com\/index.php\/2023\/11\/21\/techint-quiere-poner-un-pie-en-ypf-proponen-a-horacio-marin-como-nuevo-ceo\/","title":{"rendered":"Techint quiere poner un pie en YPF: proponen a Horacio Marin como nuevo CEO"},"content":{"rendered":"\n<div class=\"media_block\"><img decoding=\"async\" src=\"http:\/\/latecordoba.com\/wp-content\/uploads\/2023\/11\/techint-quiere-poner-un-pie-en-ypf-proponen-a-horacio-marin-como-nuevo-ceo.jpg\"><\/div>\n<div id>\n<p> El ingeniero qu\u00edmico viene colaborando desde hace tiempo con los equipos t\u00e9cnicos de La Libertad Avanza, que coordina Nicol\u00e1s Posse <\/p>\n<p>Por <strong>iProfesional<\/strong><\/p>\n<p><strong>21\/11\/2023<\/strong> &#8211; 18:45hs<\/p>\n<div class=\"image-container img-wide padding-b\"> <picture><source media=\"(min-width:650px)\" srcset=\"http:\/\/latecordoba.com\/wp-content\/uploads\/2023\/11\/techint-quiere-poner-un-pie-en-ypf-proponen-a-horacio-marin-como-nuevo-ceo.webp\" class=\"lazyload\"><source media=\"(min-width:465px)\" srcset=\"http:\/\/latecordoba.com\/wp-content\/uploads\/2023\/11\/techint-quiere-poner-un-pie-en-ypf-proponen-a-horacio-marin-como-nuevo-ceo.webp\" class=\"lazyload\"><img decoding=\"async\" loading=\"lazy\" src=\"http:\/\/latecordoba.com\/wp-content\/uploads\/2023\/11\/techint-quiere-poner-un-pie-en-ypf-proponen-a-horacio-marin-como-nuevo-ceo.webp\" class=\"lazyload\" alt=\"Techint quiere poner un pie en YPF: proponen a Horacio Marin como nuevo CEO\" width=\"160\" height=\"714px\"> <\/picture> <\/div>\n<\/p><\/div>\n<div readability=\"101.10974106042\">\n<p>A medida que<strong> los equipos de gobierno de Javier Milei<\/strong> comienzan a tomar forma, <span>empiezan a surgir los nombres que ocupar\u00edan sillones clave a partir del 10 de diciembre y uno de ellos es la conducci\u00f3n de<a href=\"https:\/\/www.iprofesional.com\/politica\/393004-cuan-complejo-le-resultaria-a-milei-privatizar-ypf\" target=\"_blank\" rel=\"noopener noreferrer\"> YPF<\/a>, la petrolera que lidera la actividad en Vaca Muerta.<\/span>\n<\/p>\n<h2>Milei defini\u00f3 qui\u00e9n ser\u00e1 el presidente de YPF en su gobierno<\/h2>\n<p>Se trata de <strong>Horacio Mar\u00edn<\/strong>, quien es el actual presidente de Exploraci\u00f3n y Producci\u00f3n de la empresa Tecpetrol, ser\u00e1 el pr\u00f3ximo presidente de YPF y el anuncio oficial del presidente electo Javier Milei ser\u00eda entre el jueves y el viernes.\n<\/p>\n<p>El ingeniero qu\u00edmico recibido en La Plata con estudios en Stanford y la Universidad de Texas, <span>conoce muy bien la industria petrolera.<\/span> Tecpetrol, la petrolera del grupo Techint de donde Mar\u00edn es presidente de Exploraci\u00f3n y Producci\u00f3n, produce unos 20 millones de metros c\u00fabicos d\u00eda (MMm3\/d\u00eda) de sale gas en Fort\u00edn de Piedra y aporta un 16% de la oferta total de gas de la Argentina.\n<\/p>\n<p>El ingeniero viene colaborando desde hace un tiempo con los equipos t\u00e9cnicos de La Libertad Avanza que coordina Nicol\u00e1s Posse. En tanto, fue uno de los primeros en sumarse a ese espacio, incluso desde mucho antes de que <a href=\"https:\/\/www.iprofesional.com\/finanzas\/392950-efecto-milei-ypf-logro-inedito-record-de-capitalizacion-bursatil\" target=\"_blank\" rel=\"noopener noreferrer\">Javier Milei <\/a>decida competir en elecciones.\n<\/p>\n<h2>La novedad ser\u00eda la reunificaci\u00f3n de cargos<\/h2>\n<p><span>La primera novedad de la decisi\u00f3n de LLA es la reunificaci\u00f3n de ambos cargos,<\/span> que hoy est\u00e1n en cabeza de Pablo Gonz\u00e1lez (presidente) y Pablo Iuliano (CEO), respectivamente. La estrategia prev\u00e9 la modificaci\u00f3n del estatuto de la compa\u00f1\u00eda, -que ser\u00eda un paso de sencilla concreci\u00f3n, dado que s\u00f3lo requiere de una aprobaci\u00f3n del Directorio-, para permitir que Mar\u00edn ejerza ambas posiciones.\n<\/p>\n<p>En tanto, en los hechos implicar\u00e1 un retorno al modelo de gesti\u00f3n aplicado entre 2012 y 2015 durante la gesti\u00f3n liderada por Miguel Galuccio.\n<\/p>\n<div class=\"imagen\" readability=\"8\"><img decoding=\"async\" loading=\"lazy\" class=\"lazyload\" src=\"http:\/\/latecordoba.com\/wp-content\/uploads\/2023\/11\/techint-quiere-poner-un-pie-en-ypf-proponen-a-horacio-marin-como-nuevo-ceo-1.jpg\" alt=\"El ingeniero Horacio Mar\u00edn\" width=\"880\" height=\"495\"><\/p>\n<p>El ingeniero Horacio Mar\u00edn, pr\u00f3ximo CEO de YPF.<\/p>\n<\/div>\n<h2>La trayectoria de Horacio Mar\u00edn<\/h2>\n<p>Horacio Mar\u00edn tiene una amplia experiencia en el sector del upstream de petr\u00f3leo y gas. <span>Comenz\u00f3 su carrera en Tecpetrol en 1988 como ingeniero de reservorios, trabaj\u00f3 varios a\u00f1os para la compa\u00f1\u00eda en Venezuela, y desde 2022 es el m\u00e1ximo responsable del \u00e1rea de producci\u00f3n y exploraci\u00f3n.<\/span>\n<\/p>\n<p>Mar\u00edn form\u00f3 parte de los equipos de Tecpetrol que investigaron c\u00f3mo desarrollar Vaca Muerta, con varios viajes a Estados Unidos para conocer la curva de aprendizaje de los plays norteamericanos, una tarea que apuntal\u00f3 el disruptivo proyecto de Fort\u00edn de Piedra, el mayor campo productor de shale gas que revolucion\u00f3 el mercado gas\u00edfero de la Argentina.\n<\/p>\n<h2>Milei ratific\u00f3 que intentar\u00e1 privatizar YPF<\/h2>\n<p><span>El presidente electo Javier Milei, ratific\u00f3 que su intenci\u00f3n es privatizar YPF,<\/span> pero aclar\u00f3 que para hacerlo &#8220;primero hay que recomponerla&#8221;. Tras ese anuncio, las acciones de la petrolera estatal volaban hasta 24%.&nbsp;\n<\/p>\n<p>En tanto, fue enf\u00e1tico en la necesidad de un traspaso al sector privado del sistema p\u00fablico de medios de comunicaci\u00f3n.&nbsp;\n<\/p>\n<p>&#8220;A YPF primero la tienen que recomponer. Desde que el se\u00f1or Axel Kicillof decidi\u00f3 estatizarla, el deterioro de la empresa en t\u00e9rminos de resultados ha hecho que <strong>valga menos que cuando se la expropi\u00f3&#8221;,<\/strong> advirti\u00f3 Milei en declaraciones radiales.<\/p>\n<\/p><\/div>\n","protected":false},"excerpt":{"rendered":"\n<div class=\"media_block\"><img decoding=\"async\" src=\"http:\/\/latecordoba.com\/wp-content\/uploads\/2023\/11\/techint-quiere-poner-un-pie-en-ypf-proponen-a-horacio-marin-como-nuevo-ceo.jpg\"><\/div>\n<p> El ingeniero qu\u00edmico viene colaborando desde hace tiempo con los equipos t\u00e9cnicos de La Libertad Avanza, que coordina Nicol\u00e1s Posse <iframe width=\"0\" height=\"0\" border=\"0\"> <script> (function(i,s,o,g,r,a,m){i['GoogleAnalyticsObject']=r;i[r]=i[r]||function(){ (i[r].q=i[r].q||[]).push(arguments)},i[r].l=1*new Date();a=s.createElement(o), m=s.getElementsByTagName(o)[0];a.async=1;a.src=g;m.parentNode.insertBefore(a,m) })(window,document,'script','https:\/\/www.google-analytics.com\/analytics.js','ga'); ga('create', 'GTM-5LW5KQD', 'auto'); ga('require', 'displayfeatures'); ga('set', 'campaignSource', 'RSS Client for iProfesional'); ga('set', 'campaignMedium', 'RSS Client for iProfesional'); ga('set', {\"dataSource\": \"rss.atom.iprofesional.com\"}); ga('set', {\"referrer\": \"rss.atom.iprofesional.com\"}); ga('set', 'title', 'RSS Client for iProfesional'); ga('send', 'pageview'); <\/script> <!-- Begin comScore Tag --> <script> var _comscore = _comscore || []; _comscore.push({ c1: \"2\", c2: \"16597048\" }); (function() { var s = document.createElement(\"script\"), el = document.getElementsByTagName(\"script\")[0]; s.async = true; s.src = \"https:\/\/sb.scorecardresearch.com\/cs\/16597048\/beacon.js\"; el.parentNode.insertBefore(s, el); })(); <\/script> <noscript> <img decoding=\"async\" src=\"http:\/\/latecordoba.com\/wp-content\/uploads\/2023\/11\/techint-quiere-poner-un-pie-en-ypf-proponen-a-horacio-marin-como-nuevo-ceo.gif\"> <\/noscript> <!-- End comScore Tag --> <\/iframe> <iframe border=\"0px\" style=\"display: none\" width=0 height=0 src=\"https:\/\/www.iprofesional.com\/ga4.html?gtag_id=G-N13KWJP8BK&amp;title=Techint quiere poner un pie en YPF: proponen a Horacio Marin como nuevo CEO&amp;location=https:\/\/www.iprofesional.com\/economia\/393042-techint-quiere-poner-un-pie-en-ypf-quien-sera-el-nuevo-ceo&amp;referrer=rss.atom.iprofesional.com&amp;ci=RSS Client for iProfesional&amp;cs=RSS Client for iProfesional&amp;cm=RSS&amp;cn=RSS Client for iProfesional&amp;cc=RSS Client for iProfesional\"><\/iframe>  <\/p>\n","protected":false},"author":1,"featured_media":18450,"comment_status":"closed","ping_status":"closed","sticky":false,"template":"","format":"standard","meta":[],"categories":[18],"tags":[],"_links":{"self":[{"href":"https:\/\/latecordoba.com\/index.php\/wp-json\/wp\/v2\/posts\/18449"}],"collection":[{"href":"https:\/\/latecordoba.com\/index.php\/wp-json\/wp\/v2\/posts"}],"about":[{"href":"https:\/\/latecordoba.com\/index.php\/wp-json\/wp\/v2\/types\/post"}],"author":[{"embeddable":true,"href":"https:\/\/latecordoba.com\/index.php\/wp-json\/wp\/v2\/users\/1"}],"replies":[{"embeddable":true,"href":"https:\/\/latecordoba.com\/index.php\/wp-json\/wp\/v2\/comments?post=18449"}],"version-history":[{"count":0,"href":"https:\/\/latecordoba.com\/index.php\/wp-json\/wp\/v2\/posts\/18449\/revisions"}],"wp:featuredmedia":[{"embeddable":true,"href":"https:\/\/latecordoba.com\/index.php\/wp-json\/wp\/v2\/media\/18450"}],"wp:attachment":[{"href":"https:\/\/latecordoba.com\/index.php\/wp-json\/wp\/v2\/media?parent=18449"}],"wp:term":[{"taxonomy":"category","embeddable":true,"href":"https:\/\/latecordoba.com\/index.php\/wp-json\/wp\/v2\/categories?post=18449"},{"taxonomy":"post_tag","embeddable":true,"href":"https:\/\/latecordoba.com\/index.php\/wp-json\/wp\/v2\/tags?post=18449"}],"curies":[{"name":"wp","href":"https:\/\/api.w.org\/{rel}","templated":true}]}}