{"id":18445,"date":"2023-11-21T19:46:16","date_gmt":"2023-11-21T19:46:16","guid":{"rendered":"https:\/\/viapais.com.ar\/politica\/comienza-la-transicion-de-gobierno-anibal-fernandez-recibio-a-francos-y-posse-para-hablar-sobre-seguridad-publica\/"},"modified":"2023-11-21T19:46:16","modified_gmt":"2023-11-21T19:46:16","slug":"transicion-en-marcha-anibal-fernandez-recibio-a-francos-y-posse-para-hablar-sobre-seguridad-publica","status":"publish","type":"post","link":"https:\/\/latecordoba.com\/index.php\/2023\/11\/21\/transicion-en-marcha-anibal-fernandez-recibio-a-francos-y-posse-para-hablar-sobre-seguridad-publica\/","title":{"rendered":"Transici\u00f3n en marcha: An\u00edbal Fern\u00e1ndez recibi\u00f3 a Francos y Posse para hablar sobre \u201cseguridad p\u00fablica\u201d"},"content":{"rendered":"<br \/>\n<section readability=\"28.817345597898\">\n<p><b>Javier Milei <\/b>se convirti\u00f3 en el presidente electo y desde este lunes comenzaron a circular<b> los nombres de quienes conformar\u00edan su gabinete. <\/b>En ese marco, tambi\u00e9n se dio inicio a las <a href=\"https:\/\/viapais.com.ar\/politica\/alberto-fernandez-y-javier-milei-se-reunen-en-la-quinta-de-olivos-para-definir-la-transicion-del-poder\/\" target=\"_blank\" rel=\"noopener\"><b>reuniones de transici\u00f3n<\/b><\/a>. Una de ellas fue <b>encabezada por el ministro de Seguridad, An\u00edbal Fern\u00e1ndez.<\/b><\/p>\n<article class=\"article card \">\n<div class=\"article-inner \">\n<div class=\"article-image \"><a href=\"https:\/\/viapais.com.ar\/politica\/cristina-kirchner-convoco-a-victoria-villarruel-al-senado-para-discutir-la-transicion\/\" title=\"vices\"><\/p>\n<figure><picture><img alt=\"vices\" class=\" block \" src=\"http:\/\/latecordoba.com\/wp-content\/uploads\/2023\/11\/transicion-en-marcha-anibal-fernandez-recibio-a-francos-y-posse-para-hablar-sobre-seguridad-publica.jpg\" sizes=\"auto\" loading=\"lazy\" data-src=\"http:\/\/latecordoba.com\/wp-content\/uploads\/2023\/11\/transicion-en-marcha-anibal-fernandez-recibio-a-francos-y-posse-para-hablar-sobre-seguridad-publica.jpg\" width=\"307px\" fetchpriority=\"low\" decoding=\"async\" height=\"173px\"><\/picture><\/figure>\n<p><\/a><\/div>\n<\/div>\n<\/article>\n<p>Adem\u00e1s, <b>el propio Milei se reuni\u00f3 con el presidente Alberto Fern\u00e1ndez y ma\u00f1ana la Cristina Kirchner <\/b>har\u00e1 lo propio con la vicepresidenta electa Victoria Villarroel.<\/p>\n<p>En este marco,<b> An\u00edbal Fern\u00e1ndez<\/b> recibi\u00f3 este martes en su despacho a los futuros funcionarios del presidente electo Javier Milei, el designado <b>ministro del Interior, Guillermo Francos,<\/b> y al <b>pr\u00f3ximo jefe de Gabinete, Nicol\u00e1s Posse<\/b>, para conversar sobre \u201caspectos vinculados a la seguridad p\u00fablica\u201d.<\/p>\n<p>Seg\u00fan se inform\u00f3 oficialmente, participaron tambi\u00e9n del encuentro Juan Carlos Hern\u00e1ndez y Osvaldo Matto, jefe y subjefe de la Polic\u00eda Federal Argentina (PFA) respectivamente; el comisario general Luis Alejandro Rolle y el jefe de gabinete de asesores, Lucas Gancerain.<\/p>\n<article class=\"article card videoCard \">\n<div class=\"article-inner \">\n<div class=\"article-image \"><a href=\"https:\/\/viapais.com.ar\/politica\/tenemos-seis-meses-durisimos-por-delante-dijo-macri-y-opino-que-milei-debe-aplicar-un-shock-fiscal-bestial\/\" title=\"Mauricio Macri, en una entrevista con TN (Captura de video).\"><\/p>\n<figure><picture><img alt=\"Mauricio Macri, en una entrevista con TN (Captura de video).\" class=\" block \" src=\"http:\/\/latecordoba.com\/wp-content\/uploads\/2023\/11\/transicion-en-marcha-anibal-fernandez-recibio-a-francos-y-posse-para-hablar-sobre-seguridad-publica-1.jpg\" sizes=\"auto\" loading=\"lazy\" data-src=\"http:\/\/latecordoba.com\/wp-content\/uploads\/2023\/11\/transicion-en-marcha-anibal-fernandez-recibio-a-francos-y-posse-para-hablar-sobre-seguridad-publica-1.jpg\" width=\"307px\" fetchpriority=\"low\" decoding=\"async\" height=\"173px\"><\/picture><\/figure>\n<p><\/a><\/div>\n<\/div>\n<\/article>\n<p>La reuni\u00f3n en la<b> cartera de Seguridad<\/b> fue la<b> primera que se produce a nivel ministerial<\/b>, en el marco de la transici\u00f3n que se inici\u00f3 con la reuni\u00f3n que mantuvieron los mandatarios saliente y entrante, en la residencia de Olivos y que se prolong\u00f3 durante <b>dos horas y media.<\/b><\/p>\n<\/section>\n<div class=\"noreadme-audima\">\n<h2>Temas Relacionados<\/h2>\n<\/div>\n","protected":false},"excerpt":{"rendered":"<p>Javier Milei se convirti\u00f3 en el presidente electo y desde este lunes comenzaron a circular los nombres de quienes conformar\u00edan su gabinete. En ese marco, tambi\u00e9n se dio inicio a las reuniones de transici\u00f3n. Una de ellas fue encabezada por el ministro de Seguridad, An\u00edbal Fern\u00e1ndez. Adem\u00e1s, el propio Milei se reuni\u00f3 con el presidente [&hellip;]<\/p>\n","protected":false},"author":1,"featured_media":18446,"comment_status":"closed","ping_status":"closed","sticky":false,"template":"","format":"standard","meta":[],"categories":[15],"tags":[],"_links":{"self":[{"href":"https:\/\/latecordoba.com\/index.php\/wp-json\/wp\/v2\/posts\/18445"}],"collection":[{"href":"https:\/\/latecordoba.com\/index.php\/wp-json\/wp\/v2\/posts"}],"about":[{"href":"https:\/\/latecordoba.com\/index.php\/wp-json\/wp\/v2\/types\/post"}],"author":[{"embeddable":true,"href":"https:\/\/latecordoba.com\/index.php\/wp-json\/wp\/v2\/users\/1"}],"replies":[{"embeddable":true,"href":"https:\/\/latecordoba.com\/index.php\/wp-json\/wp\/v2\/comments?post=18445"}],"version-history":[{"count":0,"href":"https:\/\/latecordoba.com\/index.php\/wp-json\/wp\/v2\/posts\/18445\/revisions"}],"wp:featuredmedia":[{"embeddable":true,"href":"https:\/\/latecordoba.com\/index.php\/wp-json\/wp\/v2\/media\/18446"}],"wp:attachment":[{"href":"https:\/\/latecordoba.com\/index.php\/wp-json\/wp\/v2\/media?parent=18445"}],"wp:term":[{"taxonomy":"category","embeddable":true,"href":"https:\/\/latecordoba.com\/index.php\/wp-json\/wp\/v2\/categories?post=18445"},{"taxonomy":"post_tag","embeddable":true,"href":"https:\/\/latecordoba.com\/index.php\/wp-json\/wp\/v2\/tags?post=18445"}],"curies":[{"name":"wp","href":"https:\/\/api.w.org\/{rel}","templated":true}]}}