{"id":18388,"date":"2023-11-20T13:36:28","date_gmt":"2023-11-20T13:36:28","guid":{"rendered":"http:\/\/3874aafe809b14dc307574e4665216ad"},"modified":"2023-11-20T13:36:28","modified_gmt":"2023-11-20T13:36:28","slug":"primeros-nombres-del-gabinete-de-milei-cuneo-a-justicia-iguacel-a-ypf-y-piparo-a-anses","status":"publish","type":"post","link":"https:\/\/latecordoba.com\/index.php\/2023\/11\/20\/primeros-nombres-del-gabinete-de-milei-cuneo-a-justicia-iguacel-a-ypf-y-piparo-a-anses\/","title":{"rendered":"Primeros nombres del gabinete de Milei: C\u00faneo a Justicia, Iguacel a YPF y Piparo a Anses"},"content":{"rendered":"\n<div class=\"media_block\"><img decoding=\"async\" src=\"http:\/\/latecordoba.com\/wp-content\/uploads\/2023\/11\/primeros-nombres-del-gabinete-de-milei-cuneo-a-justicia-iguacel-a-ypf-y-piparo-a-anses.jpg\"><\/div>\n<div id=\"vsmcontent\" readability=\"99.986410871303\">\n<p>Javier Milei dio a conocer los primeros nombres que integrar\u00e1n su equipo de gobierno a partir del 10 de diciembre, aunque evit\u00f3 por ahora confirmar qui\u00e9n va a ser el ministro de Econom\u00eda.<\/p>\n<p>El presidente electo anunci\u00f3 que el abogado Mariano C\u00faneo Libarona, a quien conoce de un programa de televisi\u00f3n, ser\u00e1 el ministro de Justicia. Se trata de una posibilidad que se hab\u00eda instalado despu\u00e9s de las PASO, pero que empez\u00f3 a perder fuerza despu\u00e9s del acuerdo con Mauricio Macri ya que el l\u00edder del PRO <a href=\"https:\/\/www.lapoliticaonline.com\/politica\/macri-manda-a-garavano-a-que-cierre-el-ministerio-de-justicia-con-milei\/\" target=\"_blank\" rel=\"noopener\">prefer\u00eda a Germ\u00e1n Garavano<\/a>. El propio Cuneo hab\u00eda puesto en pausa la idea porque prefer\u00eda que Milei <a href=\"https:\/\/www.lapoliticaonline.com\/politica\/cuneo-libarona-ahora-no-quiere-ser-ministro-de-justicia-y-prefiere-que-milei-lo-nombre-en-la-corte\/\" target=\"_blank\" rel=\"noopener\">lo nombre en la Corte Suprema<\/a>, una misi\u00f3n que ahora deber\u00e1 resolver \u00e9l.<\/p>\n<p>Milei tambi\u00e9n revel\u00f3 que Carolina Piparo ser\u00e1 designada como directora ejecutiva de la Anses, un lugar clave porque desde all\u00ed se definen cientos de cargos territoriales que ser\u00e1n un bot\u00edn de disputa entre los referentes del PRO y LLA. Piparo estar\u00e1 acompa\u00f1ada por Juan Manuel Ver\u00f3n, especialista en reforma previsional.<\/p>\n<p>El nuevo presidente tambi\u00e9n mencion\u00f3 como posibles integrantes de su equipo a Javier Iguacel, que todo indica ser\u00e1 el nuevo presidente de YPF, a los economistas Luciano Laspina y Guillermo Nielsen, y al peronista Florencio Randazzo.<\/p>\n<p><a href=\"https:\/\/www.lapoliticaonline.com\/tools\/redirect.php?t=3&amp;i=274631&amp;s=1024501b3671083ae0b4b127f2c9085c\" target=\"_blank\" class=\"link-type-content content-type-noticia-ar\" rel=\"noopener\">Milei evit\u00f3 hablar de dolarizaci\u00f3n pero advirti\u00f3: &#8220;No hay lugar para gradualismos&#8221;&nbsp;<\/a><\/p>\n<p>Iguacel fue el primer dirigente del PRO en apoyar a Milei luego del acuerdo con Macri y siempre fue el m\u00e1s af\u00edn al libertario. Ya desde antes de las PASO el ex presidente lo mencionaba para conducir a la petrolera. Otra posibilidad es que desembarque en la Secretar\u00eda de Energ\u00eda.<\/p>\n<figure class=\"vsmimage\" contenteditable=\"false\"><img decoding=\"async\" loading=\"lazy\" alt=\"Primeros nombres del gabinete de Milei: C\u00faneo a Justicia, Iguacel a YPF y Piparo a Anses\" data-vsmid=\"206727\" data-owidth=\"1181\" data-oheight=\"740\" src=\"data:image\/png;base64,iVBORw0KGgoAAAANSUhEUgAAAx4AAAHsAQMAAABmMelGAAAAA1BMVEUAAACnej3aAAAAAXRSTlMAQObYZgAAAEdJREFUeJztwTEBAAAAwqD1T20ND6AAAAAAAAAAAAAAAAAAAAAAAAAAAAAAAAAAAAAAAAAAAAAAAAAAAAAAAAAAAAAAAAB+DcIcAAH4xhR+AAAAAElFTkSuQmCC\" vsmidos=\"1\" vsmsrc=\"\/files\/image\/206\/206727\/654045314e5bc_798_492!.jpg?s=577e76b8878fc6c269d5cd3870b93452&amp;d=1700489844\" width=\"798\" height=\"492\"><\/figure>\n<p>No est\u00e1 claro los lugares que podr\u00edan ocupar Nielsen -uno de los primeros promotores de Milei- y Laspina, aunque se descuenta que no ser\u00e1n ministros. Para ese cargo se sigue mencionando a Federico Sturzenegger, que seg\u00fan Milei &#8220;es uno de los economistas m\u00e1s brillantes de la Argentina&#8221;.<\/p>\n<p>El caso de Randazzo <a href=\"https:\/\/www.lapoliticaonline.com\/politica\/271395\/\" target=\"_blank\" rel=\"noopener\">fue revelado por LPO<\/a> semanas atr\u00e1s como parte de un acuerdo subterr\u00e1neo con Juan Schiaretti. No est\u00e1 claro cu\u00e1l ser\u00e1 el lugar que podr\u00eda tener el ex ministro de Cristina Kirchner.<\/p>\n<p>Antes de las elecciones Milei ya hab\u00eda confirmado como ministros a Nicol\u00e1s Posse (jefe de gabinete), Guillermo Francos (Interior),&nbsp;Sandra Pettovello&nbsp;(Capital Humano), Diana Mondino (Canciller\u00eda) y Guillermo Ferraro (Insfraestructura). Dentro de Capital Humano, ser\u00edan designados como secretarios Gustavo Mor\u00f3n (Trabajo) y Mart\u00edn Krause (Educaci\u00f3n).<\/p>\n<\/div>\n<p><strong>Copyright La Politica Online SA 2023.<\/strong><br \/>Por favor no corte ni pegue en la web nuestras notas, tiene la posibilidad de redistribuirlas usando nuestras herramientas.<\/p>\n","protected":false},"excerpt":{"rendered":"\n<div class=\"media_block\"><img decoding=\"async\" src=\"http:\/\/latecordoba.com\/wp-content\/uploads\/2023\/11\/primeros-nombres-del-gabinete-de-milei-cuneo-a-justicia-iguacel-a-ypf-y-piparo-a-anses.jpg\"><\/div>\n<p>Evit\u00f3 confirmar a su ministro de Econom\u00eda, aunque se siguen mencionando a Sturzenegger. El presidente electo mencion\u00f3 a Randazzo, Laspina y Nielsen como parte de su equipo.  <\/p>\n","protected":false},"author":1,"featured_media":18389,"comment_status":"closed","ping_status":"closed","sticky":false,"template":"","format":"standard","meta":[],"categories":[18],"tags":[],"_links":{"self":[{"href":"https:\/\/latecordoba.com\/index.php\/wp-json\/wp\/v2\/posts\/18388"}],"collection":[{"href":"https:\/\/latecordoba.com\/index.php\/wp-json\/wp\/v2\/posts"}],"about":[{"href":"https:\/\/latecordoba.com\/index.php\/wp-json\/wp\/v2\/types\/post"}],"author":[{"embeddable":true,"href":"https:\/\/latecordoba.com\/index.php\/wp-json\/wp\/v2\/users\/1"}],"replies":[{"embeddable":true,"href":"https:\/\/latecordoba.com\/index.php\/wp-json\/wp\/v2\/comments?post=18388"}],"version-history":[{"count":0,"href":"https:\/\/latecordoba.com\/index.php\/wp-json\/wp\/v2\/posts\/18388\/revisions"}],"wp:featuredmedia":[{"embeddable":true,"href":"https:\/\/latecordoba.com\/index.php\/wp-json\/wp\/v2\/media\/18389"}],"wp:attachment":[{"href":"https:\/\/latecordoba.com\/index.php\/wp-json\/wp\/v2\/media?parent=18388"}],"wp:term":[{"taxonomy":"category","embeddable":true,"href":"https:\/\/latecordoba.com\/index.php\/wp-json\/wp\/v2\/categories?post=18388"},{"taxonomy":"post_tag","embeddable":true,"href":"https:\/\/latecordoba.com\/index.php\/wp-json\/wp\/v2\/tags?post=18388"}],"curies":[{"name":"wp","href":"https:\/\/api.w.org\/{rel}","templated":true}]}}