{"id":18376,"date":"2023-11-20T13:35:03","date_gmt":"2023-11-20T13:35:03","guid":{"rendered":"https:\/\/viapais.com.ar\/entretenimiento\/el-futuro-de-fatima-florez-que-hara-la-humorista-si-javier-milei-es-presidente\/"},"modified":"2023-11-20T13:35:03","modified_gmt":"2023-11-20T13:35:03","slug":"el-futuro-de-fatima-florez-que-hara-la-humorista-cuando-javier-milei-asuma-como-presidente","status":"publish","type":"post","link":"https:\/\/latecordoba.com\/index.php\/2023\/11\/20\/el-futuro-de-fatima-florez-que-hara-la-humorista-cuando-javier-milei-asuma-como-presidente\/","title":{"rendered":"El futuro de F\u00e1tima Florez: qu\u00e9 har\u00e1 la humorista cuando Javier Milei asuma como presidente"},"content":{"rendered":"<br \/>\n<section readability=\"46.090534979424\">\n<p><a href=\"https:\/\/viapais.com.ar\/temas\/fatima-florez\/\" target=\"_blank\" rel=\"noopener\"><b>F\u00e1tima Fl\u00f3rez<\/b><\/a><b> <\/b>ser\u00e1 la pr\u00f3xima primera dama, luego del triunfo de Javier Milei como presidente electo de la naci\u00f3n, el rol que asumir\u00edan el 10 de diciembre. Hace un tiempo, la humorista habl\u00f3 sobre su futuro acompa\u00f1ando a su pareja en actos p\u00fablicos y en la quinta de Olivos.<\/p>\n<article class=\"article card \">\n<div class=\"article-inner \">\n<div class=\"article-image \"><a href=\"https:\/\/viapais.com.ar\/entretenimiento\/javier-milei-elogio-a-fatima-florez-y-aseguro-va-a-ser-una-gran-primera-dama\/\" title=\"Javier Mieli y F\u00e1tima Florez en Mirtha Legrand\"><\/p>\n<figure><picture><img alt=\"Javier Mieli y F\u00e1tima Florez en Mirtha Legrand\" class=\" block \" src=\"http:\/\/latecordoba.com\/wp-content\/uploads\/2023\/11\/el-futuro-de-fatima-florez-que-hara-la-humorista-cuando-javier-milei-asuma-como-presidente.jpg\" sizes=\"auto\" loading=\"lazy\" data-src=\"http:\/\/latecordoba.com\/wp-content\/uploads\/2023\/11\/el-futuro-de-fatima-florez-que-hara-la-humorista-cuando-javier-milei-asuma-como-presidente.jpg\" width=\"307px\" fetchpriority=\"low\" decoding=\"async\" height=\"173px\"><\/picture><\/figure>\n<p><\/a><\/div>\n<\/div>\n<\/article>\n<p>En di\u00e1logo con el ciclo radial <i>Ag\u00e1rrate Catalina<\/i> (<i>La Once Diez<\/i>), <b>F\u00e1tima Fl\u00f3rez <\/b>se refiri\u00f3 a su relaci\u00f3n con <b>Javier Milei <\/b>y asegur\u00f3: \u201c<b>con Javier fue un flechazo<\/b>, me sorprendi\u00f3 poder conectar enseguida tan fuerte\u201d.<\/p>\n<figure><picture><img alt=\"F\u00e1tima Florez y Javier Milei estuvieron en la mesa de Mirtha Legrand y revelaron detalles de su intimidad: \u201cSomos muy explosivos\u201d\" class=\" block \" src=\"http:\/\/latecordoba.com\/wp-content\/uploads\/2023\/11\/el-futuro-de-fatima-florez-que-hara-la-humorista-cuando-javier-milei-asuma-como-presidente-1.jpg\" sizes=\"auto\" loading=\"lazy\" data-src=\"http:\/\/latecordoba.com\/wp-content\/uploads\/2023\/11\/el-futuro-de-fatima-florez-que-hara-la-humorista-cuando-javier-milei-asuma-como-presidente-1.jpg\" width=\"1023px\" fetchpriority=\"low\" decoding=\"async\" height=\"575px\"><\/picture><figcaption class>F\u00e1tima Florez y Javier Milei estuvieron en la mesa de Mirtha Legrand y revelaron detalles de su intimidad: \u201cSomos muy explosivos\u201d Foto: gentileza para ti<\/figcaption><\/figure>\n<p>El <b>candidato presidencial<\/b>, conocido por su ret\u00f3rica liberal y sus propuestas econ\u00f3micas audaces, fue adquiriendo notoriedad principalmente en redes sociales, mientras que <b>F\u00e1tima Florez<\/b> es ampliamente conocida por su talento como<b> imitadora y comediante<\/b>, con una carrera exitosa en la televisi\u00f3n y el teatro.<\/p>\n<article class=\"article card \">\n<div class=\"article-inner \">\n<div class=\"article-image \"><a href=\"https:\/\/viapais.com.ar\/entretenimiento\/crece-el-interes-por-fatima-florez-las-5-preguntas-que-los-argentinos-buscan-en-google\/\" title=\"F\u00e1tima Florez\"><\/p>\n<figure><picture><img alt=\"F\u00e1tima Florez\" class=\" block \" src=\"http:\/\/latecordoba.com\/wp-content\/uploads\/2023\/11\/el-futuro-de-fatima-florez-que-hara-la-humorista-cuando-javier-milei-asuma-como-presidente-2.jpg\" sizes=\"auto\" loading=\"lazy\" data-src=\"http:\/\/latecordoba.com\/wp-content\/uploads\/2023\/11\/el-futuro-de-fatima-florez-que-hara-la-humorista-cuando-javier-milei-asuma-como-presidente-2.jpg\" width=\"307px\" fetchpriority=\"low\" decoding=\"async\" height=\"173px\"><\/picture><\/figure>\n<p><\/a><\/div>\n<\/div>\n<\/article>\n<p>La noticia, que gener\u00f3 un gran inter\u00e9s en los medios de comunicaci\u00f3n y en las redes sociales, tambi\u00e9n trajo aparejados <b>comentarios y especulaciones sobre esta inusual pareja<\/b>. Algunos la ven como un ejemplo de la posibilidad de que personas tan dispares puedan llevar adelante una relaci\u00f3n amorosa, mientras que otros la consideran un mero episodio medi\u00e1tico.<\/p>\n<p>De hecho, la pareja se conoci\u00f3 en la mesa de <b>Mirtha Legrand, <\/b>lo que gener\u00f3 todav\u00eda m\u00e1s sorpresa en los televidentes.<\/p>\n<figure><picture><img alt=\"F\u00e1tima Florez y Javier Milei en el b\u00fanker de La Libertad Avanza\" class=\" block \" src=\"http:\/\/latecordoba.com\/wp-content\/uploads\/2023\/11\/el-futuro-de-fatima-florez-que-hara-la-humorista-cuando-javier-milei-asuma-como-presidente-3.jpg\" sizes=\"auto\" loading=\"lazy\" data-src=\"http:\/\/latecordoba.com\/wp-content\/uploads\/2023\/11\/el-futuro-de-fatima-florez-que-hara-la-humorista-cuando-javier-milei-asuma-como-presidente-3.jpg\" width=\"1023px\" fetchpriority=\"low\" decoding=\"async\" height=\"631px\"><\/picture><figcaption class>F\u00e1tima Florez y Javier Milei en el b\u00fanker de La Libertad Avanza Foto: gentileza infobae<\/figcaption><\/figure>\n<h2 class>F\u00e1tima Florez como primera dama <\/h2>\n<p>M\u00e1s adelante, en la entrevista radial, la <b>imitadora de Cristina Fern\u00e1ndez de Kirchner<\/b> se refiri\u00f3 a lo que har\u00eda en caso de que el dirigente derechista sea elegido: \u201cSi se da, <b>ser\u00e9 la primera dama que siga dedic\u00e1ndose a lo suyo<\/b>\u201d.<\/p>\n<p>\u201cVoy a ser la primera que siga trabajando y que no viva del Estado\u201d, concluy\u00f3.<\/p>\n<figure><picture><img alt=\"F\u00e1tima Florez, la pareja de Javier Milei y primera dama\" class=\" block \" src=\"http:\/\/latecordoba.com\/wp-content\/uploads\/2023\/11\/el-futuro-de-fatima-florez-que-hara-la-humorista-cuando-javier-milei-asuma-como-presidente-4.jpg\" sizes=\"auto\" loading=\"lazy\" data-src=\"http:\/\/latecordoba.com\/wp-content\/uploads\/2023\/11\/el-futuro-de-fatima-florez-que-hara-la-humorista-cuando-javier-milei-asuma-como-presidente-4.jpg\" width=\"1023px\" fetchpriority=\"low\" decoding=\"async\" height=\"515px\"><\/picture><figcaption class>F\u00e1tima Florez, la pareja de Javier Milei y primera dama Foto: gentileza\/<\/figcaption><\/figure>\n<p>F\u00e1tima fue clave en el acompa\u00f1amiento de Javier Milei durante la campa\u00f1a electoral. Y luego de conocerse los resultados del triunfo del l\u00edder de La Libertad Avanza, la humorista subi\u00f3 al escenario junto a su pareja en su primer discurso tras convertirse en presidente electo. <\/p>\n<\/section>\n<div class=\"noreadme-audima\">\n<h2>Temas Relacionados<\/h2>\n<\/div>\n","protected":false},"excerpt":{"rendered":"<p>F\u00e1tima Fl\u00f3rez ser\u00e1 la pr\u00f3xima primera dama, luego del triunfo de Javier Milei como presidente electo de la naci\u00f3n, el rol que asumir\u00edan el 10 de diciembre. Hace un tiempo, la humorista habl\u00f3 sobre su futuro acompa\u00f1ando a su pareja en actos p\u00fablicos y en la quinta de Olivos. En di\u00e1logo con el ciclo radial [&hellip;]<\/p>\n","protected":false},"author":1,"featured_media":18377,"comment_status":"closed","ping_status":"closed","sticky":false,"template":"","format":"standard","meta":[],"categories":[15],"tags":[],"_links":{"self":[{"href":"https:\/\/latecordoba.com\/index.php\/wp-json\/wp\/v2\/posts\/18376"}],"collection":[{"href":"https:\/\/latecordoba.com\/index.php\/wp-json\/wp\/v2\/posts"}],"about":[{"href":"https:\/\/latecordoba.com\/index.php\/wp-json\/wp\/v2\/types\/post"}],"author":[{"embeddable":true,"href":"https:\/\/latecordoba.com\/index.php\/wp-json\/wp\/v2\/users\/1"}],"replies":[{"embeddable":true,"href":"https:\/\/latecordoba.com\/index.php\/wp-json\/wp\/v2\/comments?post=18376"}],"version-history":[{"count":0,"href":"https:\/\/latecordoba.com\/index.php\/wp-json\/wp\/v2\/posts\/18376\/revisions"}],"wp:featuredmedia":[{"embeddable":true,"href":"https:\/\/latecordoba.com\/index.php\/wp-json\/wp\/v2\/media\/18377"}],"wp:attachment":[{"href":"https:\/\/latecordoba.com\/index.php\/wp-json\/wp\/v2\/media?parent=18376"}],"wp:term":[{"taxonomy":"category","embeddable":true,"href":"https:\/\/latecordoba.com\/index.php\/wp-json\/wp\/v2\/categories?post=18376"},{"taxonomy":"post_tag","embeddable":true,"href":"https:\/\/latecordoba.com\/index.php\/wp-json\/wp\/v2\/tags?post=18376"}],"curies":[{"name":"wp","href":"https:\/\/api.w.org\/{rel}","templated":true}]}}