{"id":18374,"date":"2023-11-20T03:17:45","date_gmt":"2023-11-20T03:17:45","guid":{"rendered":"https:\/\/viapais.com.ar\/politica\/resultados-balotaje-2023-javier-milei-se-impone-con-mas-del-55-de-los-votos\/"},"modified":"2023-11-20T03:17:45","modified_gmt":"2023-11-20T03:17:45","slug":"resultados-balotaje-2023-javier-milei-se-impuso-con-mas-del-55-de-los-votos","status":"publish","type":"post","link":"https:\/\/latecordoba.com\/index.php\/2023\/11\/20\/resultados-balotaje-2023-javier-milei-se-impuso-con-mas-del-55-de-los-votos\/","title":{"rendered":"Resultados Balotaje 2023: Javier Milei se impuso con m\u00e1s del 55% de los votos"},"content":{"rendered":"\n<p><b>Argentina eligi\u00f3 presidente este domingo<\/b> a trav\u00e9s del balotaje que enfrent\u00f3 a <a href=\"https:\/\/viapais.com.ar\/politica\/el-equipo-que-quiere-llevar-a-massa-a-la-presidencia\/\"><b>Sergio Massa<\/b><\/a> de <b>Uni\u00f3n por la Patria (UP) <\/b>y a <a href=\"https:\/\/viapais.com.ar\/politica\/milei-llega-al-balotaje-bajo-la-sombra-de-macri-refugiado-en-su-hermana-y-asesorado-por-francos\/\"><b>Javier Milei<\/b><\/a> de L<b>a Libertad Avanza (LLA<\/b>), quien asumir\u00e1 como nuevo mandatario el pr\u00f3ximo 10 de diciembre.<\/p>\n<p>A las 18 hs cerraron los comicios de una jornada que se desarroll\u00f3 con normalidad en todo el pa\u00eds, pese a las denuncias cruzadas de ambos frentes sobre boletas rotas.<\/p>\n<p>Seg\u00fan la <b>Direcci\u00f3n Nacional Electoral (DINE), <\/b>concurrieron a votar cerca del 76% de los inscriptos en el padr\u00f3n.<\/p>\n<article class=\"article card \">\n<div class=\"article-inner \">\n<div class=\"article-image \"><a href=\"https:\/\/viapais.com.ar\/politica\/balotaje-2023-el-minuto-a-minuto-de-una-jornada-historica-en-la-argentina\/\" title=\"Massa y Javier Milei. Balotaje 2023 (Clar\u00edn).\"><\/p>\n<figure><picture><img alt=\"Massa y Javier Milei. Balotaje 2023 (Clar\u00edn).\" class=\" block \" src=\"http:\/\/latecordoba.com\/wp-content\/uploads\/2023\/11\/resultados-balotaje-2023-javier-milei-se-impuso-con-mas-del-55-de-los-votos.jpg\" sizes=\"auto\" loading=\"lazy\" data-src=\"http:\/\/latecordoba.com\/wp-content\/uploads\/2023\/11\/resultados-balotaje-2023-javier-milei-se-impuso-con-mas-del-55-de-los-votos.jpg\" width=\"307px\" fetchpriority=\"low\" decoding=\"async\" height=\"173px\"><\/picture><\/figure>\n<p><\/a><\/div>\n<\/div>\n<\/article>\n<p>A las 20.20 hs el secretario de Presidencia, <b>Julio Vitobello, <\/b>dio a conocer los<b> primeros resultados con el 99,2% escrutado:<\/b><\/p>\n<ul>\n<li><span><b>Javier Milei <\/b>(La Libertad Avanza): <b>55,69%<\/b><\/span><\/li>\n<li><span><b>Sergio Massa<\/b> (Uni\u00f3n por la Patria): <b>44,30%<\/b><\/span><\/li>\n<\/ul>\n<p>Previamente, a las 20.13h,<a href=\"https:\/\/viapais.com.ar\/politica\/balotaje-2023-el-minuto-a-minuto-de-una-jornada-historica-en-la-argentina\/\" target=\"_blank\" rel=\"noopener\"><b> Sergio Massa <\/b><\/a>confirm\u00f3 que <a href=\"https:\/\/viapais.com.ar\/politica\/balotaje-2023-el-minuto-a-minuto-de-una-jornada-historica-en-la-argentina\/\" target=\"_blank\" rel=\"noopener\"><b>Javier Milei <\/b><\/a>gan\u00f3 las elecciones: <b>\u201cEs el Presidente que la mayor\u00eda de los argentinos eligi\u00f3\u201d.<\/b><\/p>\n<p>El candidato por Uni\u00f3n por la Patria reconoci\u00f3 la derrota desde su b\u00fanker. \u201cMe he comunicado con Milei para felicitarlo\u201d, dijo.<\/p>\n<h2 class>La participaci\u00f3n de las elecciones 2023 es la menor de los 40 a\u00f1os<\/h2>\n<p>Seg\u00fan la informaci\u00f3n brindada por la <b>C\u00e1mara Nacional Electoral (CNE) <\/b>un 76 % de los 35,8 millones de argentinos habilitados para votar en este balotaje acudieron a las urnas para elegir entre el candidato oficialista a la Presidencia, Sergio Massa, y el l\u00edder de La Libertad Avanza (ultraderecha),<b> Javier Milei.<\/b><\/p>\n<p>En una conferencia de prensa, el secretario de Presidencia, <b>Julio Vitobello, <\/b>tambi\u00e9n cit\u00f3 la cifra del 76%.<\/p>\n<p>Esta participaci\u00f3n en el escrutinio definitivo, que es el \u00fanico que tiene validez legal y que se completar\u00e1 durante la semana entrante, ser\u00eda la participaci\u00f3n m\u00e1s baja desde el retorno a la democracia tras la \u00faltima dictadura militar (1976-1983), ya que rebajar\u00eda la de 2007, cuando se alcanz\u00f3 un 76,20 % y supuso el triunfo de la peronista <b>Cristina Kirchner (2007-2015).<\/b><\/p>\n<p>En las elecciones generales de octubre, la participaci\u00f3n alcanz\u00f3 un 77,04 %, seg\u00fan el escrutinio definitivo.<\/p>\n<p>Unos 35,8 millones de argentinos estaban convocados para elegir presidente y vicepresidente en el segundo balotaje de la historia, despu\u00e9s del celebrado en 2015, cuando el centroderechista <b>Mauricio Macri <\/b>se alz\u00f3 con la victoria sobre el peronista Daniel Scioli para su Gobierno 2015-2019.<\/p>\n<p>Adem\u00e1s, en 2003, los peronistas Carlos Menem y N\u00e9stor Kirchner debieron disputar una segunda vuelta, ya que ninguno de ellos obtuvo el porcentaje suficiente para ganar en primera -un 45 % o un m\u00ednimo de 40 % y 10 puntos porcentuales sobre el siguiente l\u00edder m\u00e1s. votado-.<\/p>\n<p>No obstante, Menem, que fue presidente entre 1989 y 1999, se retir\u00f3 y Kirchner, que hasta entonces hab\u00eda sido gobernador de Santa Cruz, se proclam\u00f3 mandatario para el per\u00edodo 2003<\/p>\n","protected":false},"excerpt":{"rendered":"<p>Argentina eligi\u00f3 presidente este domingo a trav\u00e9s del balotaje que enfrent\u00f3 a Sergio Massa de Uni\u00f3n por la Patria (UP) y a Javier Milei de La Libertad Avanza (LLA), quien asumir\u00e1 como nuevo mandatario el pr\u00f3ximo 10 de diciembre. A las 18 hs cerraron los comicios de una jornada que se desarroll\u00f3 con normalidad en [&hellip;]<\/p>\n","protected":false},"author":1,"featured_media":18375,"comment_status":"closed","ping_status":"closed","sticky":false,"template":"","format":"standard","meta":[],"categories":[15],"tags":[],"_links":{"self":[{"href":"https:\/\/latecordoba.com\/index.php\/wp-json\/wp\/v2\/posts\/18374"}],"collection":[{"href":"https:\/\/latecordoba.com\/index.php\/wp-json\/wp\/v2\/posts"}],"about":[{"href":"https:\/\/latecordoba.com\/index.php\/wp-json\/wp\/v2\/types\/post"}],"author":[{"embeddable":true,"href":"https:\/\/latecordoba.com\/index.php\/wp-json\/wp\/v2\/users\/1"}],"replies":[{"embeddable":true,"href":"https:\/\/latecordoba.com\/index.php\/wp-json\/wp\/v2\/comments?post=18374"}],"version-history":[{"count":0,"href":"https:\/\/latecordoba.com\/index.php\/wp-json\/wp\/v2\/posts\/18374\/revisions"}],"wp:featuredmedia":[{"embeddable":true,"href":"https:\/\/latecordoba.com\/index.php\/wp-json\/wp\/v2\/media\/18375"}],"wp:attachment":[{"href":"https:\/\/latecordoba.com\/index.php\/wp-json\/wp\/v2\/media?parent=18374"}],"wp:term":[{"taxonomy":"category","embeddable":true,"href":"https:\/\/latecordoba.com\/index.php\/wp-json\/wp\/v2\/categories?post=18374"},{"taxonomy":"post_tag","embeddable":true,"href":"https:\/\/latecordoba.com\/index.php\/wp-json\/wp\/v2\/tags?post=18374"}],"curies":[{"name":"wp","href":"https:\/\/api.w.org\/{rel}","templated":true}]}}