{"id":18372,"date":"2023-11-20T01:39:36","date_gmt":"2023-11-20T01:39:36","guid":{"rendered":"http:\/\/214702565a93d57771776c227cf7df17"},"modified":"2023-11-20T01:39:36","modified_gmt":"2023-11-20T01:39:36","slug":"milei-evito-hablar-de-dolarizacion-pero-advirtio-no-hay-lugar-para-gradualismos","status":"publish","type":"post","link":"https:\/\/latecordoba.com\/index.php\/2023\/11\/20\/milei-evito-hablar-de-dolarizacion-pero-advirtio-no-hay-lugar-para-gradualismos\/","title":{"rendered":"Milei evit\u00f3 hablar de dolarizaci\u00f3n pero advirti\u00f3: &#8220;No hay lugar para gradualismos&#8221;"},"content":{"rendered":"\n<div class=\"media_block\"><img decoding=\"async\" src=\"http:\/\/latecordoba.com\/wp-content\/uploads\/2023\/11\/milei-evito-hablar-de-dolarizacion-pero-advirtio-no-hay-lugar-para-gradualismos.jpg\"><\/div>\n<div><img decoding=\"async\" src=\"http:\/\/latecordoba.com\/wp-content\/uploads\/2023\/11\/milei-evito-hablar-de-dolarizacion-pero-advirtio-no-hay-lugar-para-gradualismos-1.jpg\" class=\"ff-og-image-inserted\"><\/div>\n<div id=\"vsmcontent\" readability=\"99\">\n<p>Javier Milei evit\u00f3 hablar de dolarizaci\u00f3n en su primer discurso como presidente electo y si bien evit\u00f3 hablar de dolarizaci\u00f3n, advirti\u00f3 que en su gobierno &#8220;no hay lugar para gradualismos&#8221;.<\/p>\n<p>El libertario fue presentado por su hermana Karina, la \u00fanica persona que subi\u00f3 al escenario para festejar junto a \u00e9l. Llamativamente no subi\u00f3 Victoria Villarruel, <\/p>\n<p>&#8220;Hoy comienza la reconstrucci\u00f3n de la Argentina&#8221;, dijo Milei en el escenario montado en el b\u00fanker de Hotel Libertador.<\/p>\n<p>&#8220;El modelo de la decadencia ha llegado a su fin, no hay vuelta atr\u00e1s. Todos aquellos que quieran sumarse a la nueva Argentina, ser\u00e1n bienvenidos, no importa de d\u00f3nde vengan. No hay lugar para los violentos, para los que violan la ley para defender sus privilegios, vamos a ser implacables. No hay lugar para el gradualismo, para la tibieza, no hay lugar para medias tintas&#8221;, dijo Milei.<\/p>\n<p>&#8220;Hoy comienza el fin de la decadencia argentina y hoy empezamos dar vuelta la p\u00e1gina de nuestra historia&#8221;, dijo. &#8220;Se termina el modelo empobrecedor del Estado omnipresente y se termina la idea de que el Estado es un bot\u00edn a repartirse&#8221;, agreg\u00f3.<\/p>\n<p>&#8220;Al mismo tiempo quiero decirle a todos los argentinos, que todos aquellos que se quieran sumar a la nueva argentina son bienvenidos. Eso va a ser necesario para volver a poner de pie a la patria y a ser potencia&#8221;, dijo.<\/p>\n<p>&#8220;Sabemos que hay gente que se va a resistir, a todos aquellos: dentro de la ley todo, fuera de la ley nada&#8221;, advirti\u00f3.<\/p>\n<\/div>\n<p><strong>Copyright La Politica Online SA 2023.<\/strong><br \/>Por favor no corte ni pegue en la web nuestras notas, tiene la posibilidad de redistribuirlas usando nuestras herramientas.<\/p>\n","protected":false},"excerpt":{"rendered":"\n<div class=\"media_block\"><img decoding=\"async\" src=\"http:\/\/latecordoba.com\/wp-content\/uploads\/2023\/11\/milei-evito-hablar-de-dolarizacion-pero-advirtio-no-hay-lugar-para-gradualismos.jpg\"><\/div>\n<p>En su primer discurso como presidente electo, subi\u00f3 al escenario sin Villarruel y prometi\u00f3 pol\u00edticas de shock.  <\/p>\n","protected":false},"author":1,"featured_media":18373,"comment_status":"closed","ping_status":"closed","sticky":false,"template":"","format":"standard","meta":[],"categories":[18],"tags":[],"_links":{"self":[{"href":"https:\/\/latecordoba.com\/index.php\/wp-json\/wp\/v2\/posts\/18372"}],"collection":[{"href":"https:\/\/latecordoba.com\/index.php\/wp-json\/wp\/v2\/posts"}],"about":[{"href":"https:\/\/latecordoba.com\/index.php\/wp-json\/wp\/v2\/types\/post"}],"author":[{"embeddable":true,"href":"https:\/\/latecordoba.com\/index.php\/wp-json\/wp\/v2\/users\/1"}],"replies":[{"embeddable":true,"href":"https:\/\/latecordoba.com\/index.php\/wp-json\/wp\/v2\/comments?post=18372"}],"version-history":[{"count":0,"href":"https:\/\/latecordoba.com\/index.php\/wp-json\/wp\/v2\/posts\/18372\/revisions"}],"wp:featuredmedia":[{"embeddable":true,"href":"https:\/\/latecordoba.com\/index.php\/wp-json\/wp\/v2\/media\/18373"}],"wp:attachment":[{"href":"https:\/\/latecordoba.com\/index.php\/wp-json\/wp\/v2\/media?parent=18372"}],"wp:term":[{"taxonomy":"category","embeddable":true,"href":"https:\/\/latecordoba.com\/index.php\/wp-json\/wp\/v2\/categories?post=18372"},{"taxonomy":"post_tag","embeddable":true,"href":"https:\/\/latecordoba.com\/index.php\/wp-json\/wp\/v2\/tags?post=18372"}],"curies":[{"name":"wp","href":"https:\/\/api.w.org\/{rel}","templated":true}]}}