{"id":18357,"date":"2023-11-19T17:53:57","date_gmt":"2023-11-19T17:53:57","guid":{"rendered":"https:\/\/www.diariocronica.com.ar\/noticias\/2023\/11\/19\/89171-verstappen-volo-en-las-vegas-y-estiro-su-record-de-victorias-en-la-temporada-de-la-formula-1"},"modified":"2023-11-19T17:53:57","modified_gmt":"2023-11-19T17:53:57","slug":"verstappen-volo-en-las-vegas-y-estiro-su-record-de-victorias-en-la-temporada-de-la-formula-1","status":"publish","type":"post","link":"https:\/\/latecordoba.com\/index.php\/2023\/11\/19\/verstappen-volo-en-las-vegas-y-estiro-su-record-de-victorias-en-la-temporada-de-la-formula-1\/","title":{"rendered":"Verstappen vol\u00f3 en Las Vegas y estir\u00f3 su r\u00e9cord de victorias en la temporada de la F\u00f3rmula 1"},"content":{"rendered":"\n<div class=\"media_block\"><a href=\"http:\/\/latecordoba.com\/wp-content\/uploads\/2023\/11\/verstappen-volo-en-las-vegas-y-estiro-su-record-de-victorias-en-la-temporada-de-la-formula-1.jpg\"><img decoding=\"async\" src=\"http:\/\/latecordoba.com\/wp-content\/uploads\/2023\/11\/verstappen-volo-en-las-vegas-y-estiro-su-record-de-victorias-en-la-temporada-de-la-formula-1.jpg\" class=\"media_thumbnail\"><\/a><\/div>\n<div><img decoding=\"async\" src=\"http:\/\/latecordoba.com\/wp-content\/uploads\/2023\/11\/verstappen-volo-en-las-vegas-y-estiro-su-record-de-victorias-en-la-temporada-de-la-formula-1.jpg\" class=\"ff-og-image-inserted\"><\/div>\n<p>\nEl campe\u00f3n alcanz\u00f3 a Sebastian Vettel en el tercer puesto de la lista de pilotos con m\u00e1s triunfos en la historia de la categor\u00eda.\n<\/p>\n<div readability=\"61\">\n<p><strong>El neerland\u00e9s Max Verstappen de Red Bull se impuso en Las Vegas y consigui\u00f3 su victoria 18 de la temporada<\/strong>&nbsp;para unirse a&nbsp;<strong>Sebastian Vettel<\/strong>&nbsp;en el tercer puesto de la lista de pilotos con m\u00e1s triunfos en la historia de la F\u00f3rmula Uno.<\/p>\n<p>El triunfo en una noche espectacular en la Ciudad del Pecado fue el 53 de la carrera del triple campe\u00f3n y el sexto consecutivo,&nbsp;<strong>mientras que lleg\u00f3 despu\u00e9s de una penalizaci\u00f3n de cinco segundos por obligar a Charles Leclerc, de Ferrari, a salirse de la pista en la partida y de una colisi\u00f3n con George Russell, de Mercedes.<\/strong><\/p>\n<p>Leclerc termin\u00f3 segundo despu\u00e9s de salir en la pole position, perder, recuperar el liderato y volver a perderlo antes de adelantar al mexicano&nbsp;<strong>Sergio P\u00e9rez<\/strong>&nbsp;en la \u00faltima vuelta para negar a Red Bull su s\u00e9ptimo doblete de la temporada.<\/p>\n<p>La victoria fue la vig\u00e9sima de Red Bull en 21 carreras, otro r\u00e9cord para una sola temporada, y ofreci\u00f3 una competencia que cumpli\u00f3 con las expectativas en el retorno de la F\u00f3rmula Uno a Las Vegas por primera vez desde la d\u00e9cada de 1980.<\/p>\n<p>Tambi\u00e9n complet\u00f3 un barrido de tres victorias en Estados Unidos en 2023 para el neerland\u00e9s de 26 a\u00f1os, que domin\u00f3 en Miami y Austin.&nbsp;<strong>&#8220;Fue dif\u00edcil&#8221;<\/strong>, expres\u00f3 Verstappen, cuyo traje de carrera rindi\u00f3 homenaje al mono caracter\u00edstico del difunto &#8220;Rey del Rock and Roll&#8221;, Elvis Presley.<\/p>\n<p>Y agreg\u00f3:&nbsp;<strong>&#8220;Intent\u00e9 ir a por \u00e9l en la salida, creo que ambos frenamos bastante tarde y entonces me qued\u00e9 sin agarre y acabamos un poco abiertos, as\u00ed que los comisarios me penalizaron por eso. Eso nos retras\u00f3 un poco, tuve que adelantar a bastantes coches (&#8230;) Ha sido muy divertido&#8221;.<\/strong><\/p>\n<p>Leclerc, cuyo equipo es el \u00fanico que ha ganado a Red Bull esta temporada, mostr\u00f3 todo su esp\u00edritu de lucha tras el rev\u00e9s inicial.&nbsp;<strong>&#8220;Deseaba tanto esa victoria, pero \u00a1qu\u00e9 carrera<\/strong>!&#8221;, jade\u00f3 por radio tras terminar a 2,070 segundos de Verstappen.<\/p>\n<p>Fue la segunda carrera consecutiva que P\u00e9rez perdi\u00f3 en la \u00faltima vuelta, luego de que el mexicano fuera superado por el Aston Martin de&nbsp;<strong>Fernando Alonso<\/strong>&nbsp;en la l\u00ednea de meta en Brasil.<\/p>\n<p>P\u00e9rez al menos tuvo el consuelo de asegurar el segundo lugar en un campeonato ganado hace mucho tiempo por su compa\u00f1ero de equipo. (NA)<\/p>\n<\/div>\n","protected":false},"excerpt":{"rendered":"\n<div class=\"media_block\"><a href=\"http:\/\/latecordoba.com\/wp-content\/uploads\/2023\/11\/verstappen-volo-en-las-vegas-y-estiro-su-record-de-victorias-en-la-temporada-de-la-formula-1.jpg\"><img decoding=\"async\" src=\"http:\/\/latecordoba.com\/wp-content\/uploads\/2023\/11\/verstappen-volo-en-las-vegas-y-estiro-su-record-de-victorias-en-la-temporada-de-la-formula-1.jpg\" class=\"media_thumbnail\"><\/a><\/div>\n<p>El campe\u00f3n alcanz\u00f3 a Sebastian Vettel en el tercer puesto de la lista de pilotos con m\u00e1s triunfos en la historia de la categor\u00eda.  <\/p>\n","protected":false},"author":1,"featured_media":18358,"comment_status":"closed","ping_status":"closed","sticky":false,"template":"","format":"standard","meta":[],"categories":[17],"tags":[],"_links":{"self":[{"href":"https:\/\/latecordoba.com\/index.php\/wp-json\/wp\/v2\/posts\/18357"}],"collection":[{"href":"https:\/\/latecordoba.com\/index.php\/wp-json\/wp\/v2\/posts"}],"about":[{"href":"https:\/\/latecordoba.com\/index.php\/wp-json\/wp\/v2\/types\/post"}],"author":[{"embeddable":true,"href":"https:\/\/latecordoba.com\/index.php\/wp-json\/wp\/v2\/users\/1"}],"replies":[{"embeddable":true,"href":"https:\/\/latecordoba.com\/index.php\/wp-json\/wp\/v2\/comments?post=18357"}],"version-history":[{"count":0,"href":"https:\/\/latecordoba.com\/index.php\/wp-json\/wp\/v2\/posts\/18357\/revisions"}],"wp:featuredmedia":[{"embeddable":true,"href":"https:\/\/latecordoba.com\/index.php\/wp-json\/wp\/v2\/media\/18358"}],"wp:attachment":[{"href":"https:\/\/latecordoba.com\/index.php\/wp-json\/wp\/v2\/media?parent=18357"}],"wp:term":[{"taxonomy":"category","embeddable":true,"href":"https:\/\/latecordoba.com\/index.php\/wp-json\/wp\/v2\/categories?post=18357"},{"taxonomy":"post_tag","embeddable":true,"href":"https:\/\/latecordoba.com\/index.php\/wp-json\/wp\/v2\/tags?post=18357"}],"curies":[{"name":"wp","href":"https:\/\/api.w.org\/{rel}","templated":true}]}}