{"id":18351,"date":"2023-11-19T14:05:00","date_gmt":"2023-11-19T14:05:00","guid":{"rendered":"https:\/\/www.iprofesional.com\/economia\/392858-como-afecto-el-balotaje-al-feriado-en-los-puntos-turisticos"},"modified":"2023-11-19T14:05:00","modified_gmt":"2023-11-19T14:05:00","slug":"como-afecto-el-balotaje-al-feriado-en-los-principales-puntos-turisticos","status":"publish","type":"post","link":"https:\/\/latecordoba.com\/index.php\/2023\/11\/19\/como-afecto-el-balotaje-al-feriado-en-los-principales-puntos-turisticos\/","title":{"rendered":"C\u00f3mo afect\u00f3 el balotaje al feriado en los principales puntos tur\u00edsticos"},"content":{"rendered":"\n<div class=\"media_block\"><img decoding=\"async\" src=\"http:\/\/latecordoba.com\/wp-content\/uploads\/2023\/11\/como-afecto-el-balotaje-al-feriado-en-los-principales-puntos-turisticos.jpg\"><\/div>\n<div id>\n<p> Seg\u00fan consultores privados, se registra la mitad de movimiento que el a\u00f1o pasado y hay poca afluencia de turistas locales. D\u00f3nde impact\u00f3 m\u00e1s <\/p>\n<p>Por <strong>iProfesional<\/strong><\/p>\n<p><strong>19\/11\/2023<\/strong> &#8211; 11:05hs<\/p>\n<div class=\"image-container img-wide padding-b\"> <picture><source media=\"(min-width:650px)\" srcset=\"http:\/\/latecordoba.com\/wp-content\/uploads\/2023\/11\/como-afecto-el-balotaje-al-feriado-en-los-principales-puntos-turisticos.webp\" class=\"lazyload\"><source media=\"(min-width:465px)\" srcset=\"http:\/\/latecordoba.com\/wp-content\/uploads\/2023\/11\/como-afecto-el-balotaje-al-feriado-en-los-principales-puntos-turisticos.webp\" class=\"lazyload\"><img decoding=\"async\" loading=\"lazy\" src=\"http:\/\/latecordoba.com\/wp-content\/uploads\/2023\/11\/como-afecto-el-balotaje-al-feriado-en-los-principales-puntos-turisticos.webp\" class=\"lazyload\" alt=\"C\u00f3mo afect\u00f3 el balotaje al feriado en los principales puntos tur\u00edsticos\" width=\"160\" height=\"714px\"> <\/picture> <\/div>\n<\/p><\/div>\n<div readability=\"85.430131578947\">\n<p>El <strong>fin de semana largo <\/strong>en coincidencia con el <strong>balotaje presidencial <\/strong>entre <strong>Javier Milei y Sergio Massa <\/strong>registra bajos niveles de ocupaci\u00f3n en los <strong>principales puntos tur\u00edsticos <\/strong>del pa\u00eds, principalmente en la Costa Atl\u00e1ntica, tras la decisi\u00f3n gubernamental de <a href=\"https:\/\/www.iprofesional.com\/politica\/391653-gobierno-confirmo-que-pasara-con-feriado-del-20-de-noviembre\" target=\"_blank\" rel=\"noopener noreferrer\">no mover el feriado de este lunes<\/a>.\n<\/p>\n<p>El oficialismo se neg\u00f3 a trasladar el feriado pese a las sugerencias de la C\u00e1mara Nacional Electoral, con el simple objetivo de desalentar la participaci\u00f3n en la elecci\u00f3n. El objetivo era beneficiar al ministro de Econom\u00eda a partir de una estimaci\u00f3n: que el fin de semana largo <strong>movilizar\u00eda al votante antiperonista que no est\u00e1 convencido de inclinarse por el candidato de La Libertad Avanza <\/strong>y, en efecto, podr\u00eda faltar a las urnas este domingo por estar de viaje.\n<\/p>\n<p>Los <strong>hoteles de la Costa Atl\u00e1ntica <\/strong>operan -en promedio- a la mitad de su capacidad, lo cual expone que la afluencia de turistas procedentes del \u00c1rea Metropolitana de Buenos Aires -que suelen movilizarse hacia esos destinos en estas fechas- es muy baja.\n<\/p>\n<p>Por el contrario, <span>la ocupaci\u00f3n crece en aquellos puntos tur\u00edsticos elegidos en su mayor\u00eda por extranjeros, como la Patagonia<\/span>.\n<\/p>\n<p>Luego de las elecciones generales de octubre se replicaron varios pedidos al Gobierno para moviera al 27 de noviembre la conmemoraci\u00f3n al D\u00eda de la Soberan\u00eda Nacional. Sin embargo, la iniciativa de los diferentes rubros que componen el sector tur\u00edstico fue rechazada, lo cual provoc\u00f3 que <strong>en varios destinos cayeran las reservas que estaban programadas <\/strong>con meses de anticipaci\u00f3n.\n<\/p>\n<p>Seg\u00fan Dami\u00e1n Di Pace, consultor econ\u00f3mico y director de Focus Market, <strong>788.333 argentinos viajar\u00edan este fin de semana<\/strong>, por lo cual pegar\u00e1n el faltazo a las urnas. Sin el factor balotaje, <strong>el fin de semana largo de noviembre hab\u00eda movilizado a 1,5 millones de personas <\/strong>el a\u00f1o pasado, seg\u00fan datos del Observatorio Argentino de Turismo. Casi el doble. Otro factor decisivo por entonces fue el lanzamiento del Programa PreViaje 3.\n<\/p>\n<div class=\"imagen\" readability=\"8\"><img decoding=\"async\" loading=\"lazy\" class=\"lazyload\" src=\"http:\/\/latecordoba.com\/wp-content\/uploads\/2023\/11\/como-afecto-el-balotaje-al-feriado-en-los-principales-puntos-turisticos-1.jpg\" alt=\"s\" width=\"880\" height=\"495\"><\/p>\n<p>Ushuaia tiene su capacidad hotelera al 80% pero el n\u00famero es traccionado principalmente por visitantes extranjeros<\/p>\n<\/div>\n<p>&#8220;La ocupaci\u00f3n hotelera va a ser baja. Las reservas no pagadas seguramente se caigan&#8221;, hab\u00eda anticipado este viernes Salvador Femenia, de la Came (Confederaci\u00f3n Argentina de la Mediana Empresa). &#8220;El balotaje va a impactar en el turismo. Es un fin de semana dentro del calendario tur\u00edstico que no es el m\u00e1s exitoso y con este condimento se va a ver afectado&#8221;, ampli\u00f3.\n<\/p>\n<p>La afluencia de turistas este fin de semana es traccionada principalmente por brasile\u00f1os que aprovechan el tipo de cambio y el hecho de que tambi\u00e9n sea fin de semana largo en su pa\u00eds. Otro condimento que desalent\u00f3 al turismo local -especialmente a quienes programan con poca anticipaci\u00f3n sus escapadas- es el mal tiempo que se prev\u00e9 para estos d\u00edas en varios destinos.&nbsp;\n<\/p>\n<h2>La ocupaci\u00f3n en los distintos destinos tur\u00edsticos del pa\u00eds<\/h2>\n<ul>\n<li><strong>Mar del Plata <\/strong>presenta una ocupaci\u00f3n de alrededor del 40%, seg\u00fan representantes del sector hotelero.<\/li>\n<li><strong>Villa Gesell <\/strong>exhibe un 50% de su capacidad hotelera, informaron fuentes locales.<\/li>\n<li><strong>Bariloche <\/strong>es uno de los puntos con mayor afluencia este fin de semana: un 65%, seg\u00fan la Secretar\u00eda de Turismo.<\/li>\n<li><strong>Ushuaia <\/strong>tiene su capacidad hotelera al 80%, informaron fuentes del sector, que aclararon que el n\u00famero es traccionado principalmente por visitantes extranjeros.<\/li>\n<li><strong>Villa Carlos Paz <\/strong>tiene una ocupaci\u00f3n cercana al 60%, seg\u00fan la Secretar\u00eda de Turismo.<\/li>\n<li><strong>Puerto Iguaz\u00fa <\/strong>presenta un 50% de ocupaci\u00f3n, seg\u00fan fuentes de la gobernaci\u00f3n provincial.<\/li>\n<li><strong>Salta <\/strong>alcanza un 70%, mencionaron desde la C\u00e1mara de Turismo. Y agregaron que los visitantes este fin de semana son, en su mayor\u00eda, extranjeros.<\/li>\n<li><strong>Jujuy <\/strong>tiene un 54% de ocupaci\u00f3n, precis\u00f3 el Ministerio de Turismo provincial.<\/li>\n<\/ul><\/div>\n","protected":false},"excerpt":{"rendered":"\n<div class=\"media_block\"><img decoding=\"async\" src=\"http:\/\/latecordoba.com\/wp-content\/uploads\/2023\/11\/como-afecto-el-balotaje-al-feriado-en-los-principales-puntos-turisticos.jpg\"><\/div>\n<p> Seg\u00fan consultores privados, se registra la mitad de movimiento que el a\u00f1o pasado y hay poca afluencia de turistas locales. D\u00f3nde impact\u00f3 m\u00e1s <iframe width=\"0\" height=\"0\" border=\"0\"> <script> (function(i,s,o,g,r,a,m){i['GoogleAnalyticsObject']=r;i[r]=i[r]||function(){ (i[r].q=i[r].q||[]).push(arguments)},i[r].l=1*new Date();a=s.createElement(o), m=s.getElementsByTagName(o)[0];a.async=1;a.src=g;m.parentNode.insertBefore(a,m) })(window,document,'script','https:\/\/www.google-analytics.com\/analytics.js','ga'); ga('create', 'GTM-5LW5KQD', 'auto'); ga('require', 'displayfeatures'); ga('set', 'campaignSource', 'RSS Client for iProfesional'); ga('set', 'campaignMedium', 'RSS Client for iProfesional'); ga('set', {\"dataSource\": \"rss.atom.iprofesional.com\"}); ga('set', {\"referrer\": \"rss.atom.iprofesional.com\"}); ga('set', 'title', 'RSS Client for iProfesional'); ga('send', 'pageview'); <\/script> <!-- Begin comScore Tag --> <script> var _comscore = _comscore || []; _comscore.push({ c1: \"2\", c2: \"16597048\" }); (function() { var s = document.createElement(\"script\"), el = document.getElementsByTagName(\"script\")[0]; s.async = true; s.src = \"https:\/\/sb.scorecardresearch.com\/cs\/16597048\/beacon.js\"; el.parentNode.insertBefore(s, el); })(); <\/script> <noscript> <img decoding=\"async\" src=\"http:\/\/latecordoba.com\/wp-content\/uploads\/2023\/11\/como-afecto-el-balotaje-al-feriado-en-los-principales-puntos-turisticos.gif\"> <\/noscript> <!-- End comScore Tag --> <\/iframe> <iframe border=\"0px\" style=\"display: none\" width=0 height=0 src=\"https:\/\/www.iprofesional.com\/ga4.html?gtag_id=G-N13KWJP8BK&amp;title=C\u00f3mo afect\u00f3 el balotaje al feriado en los principales puntos tur\u00edsticos&amp;location=https:\/\/www.iprofesional.com\/economia\/392858-como-afecto-el-balotaje-al-feriado-en-los-puntos-turisticos&amp;referrer=rss.atom.iprofesional.com&amp;ci=RSS Client for iProfesional&amp;cs=RSS Client for iProfesional&amp;cm=RSS&amp;cn=RSS Client for iProfesional&amp;cc=RSS Client for iProfesional\"><\/iframe>  <\/p>\n","protected":false},"author":1,"featured_media":18352,"comment_status":"closed","ping_status":"closed","sticky":false,"template":"","format":"standard","meta":[],"categories":[18],"tags":[],"_links":{"self":[{"href":"https:\/\/latecordoba.com\/index.php\/wp-json\/wp\/v2\/posts\/18351"}],"collection":[{"href":"https:\/\/latecordoba.com\/index.php\/wp-json\/wp\/v2\/posts"}],"about":[{"href":"https:\/\/latecordoba.com\/index.php\/wp-json\/wp\/v2\/types\/post"}],"author":[{"embeddable":true,"href":"https:\/\/latecordoba.com\/index.php\/wp-json\/wp\/v2\/users\/1"}],"replies":[{"embeddable":true,"href":"https:\/\/latecordoba.com\/index.php\/wp-json\/wp\/v2\/comments?post=18351"}],"version-history":[{"count":0,"href":"https:\/\/latecordoba.com\/index.php\/wp-json\/wp\/v2\/posts\/18351\/revisions"}],"wp:featuredmedia":[{"embeddable":true,"href":"https:\/\/latecordoba.com\/index.php\/wp-json\/wp\/v2\/media\/18352"}],"wp:attachment":[{"href":"https:\/\/latecordoba.com\/index.php\/wp-json\/wp\/v2\/media?parent=18351"}],"wp:term":[{"taxonomy":"category","embeddable":true,"href":"https:\/\/latecordoba.com\/index.php\/wp-json\/wp\/v2\/categories?post=18351"},{"taxonomy":"post_tag","embeddable":true,"href":"https:\/\/latecordoba.com\/index.php\/wp-json\/wp\/v2\/tags?post=18351"}],"curies":[{"name":"wp","href":"https:\/\/api.w.org\/{rel}","templated":true}]}}