{"id":18347,"date":"2023-11-19T17:03:10","date_gmt":"2023-11-19T17:03:10","guid":{"rendered":"https:\/\/viapais.com.ar\/politica\/balotaje-2023-el-minuto-a-minuto-de-una-jornada-historica-en-la-argentina\/"},"modified":"2023-11-19T17:03:10","modified_gmt":"2023-11-19T17:03:10","slug":"votaron-massa-milei-rossi-y-villarruel-el-minuto-a-minuto-de-un-balotaje-que-ya-cuenta-con-una-participacion-del-45-del-padron","status":"publish","type":"post","link":"https:\/\/latecordoba.com\/index.php\/2023\/11\/19\/votaron-massa-milei-rossi-y-villarruel-el-minuto-a-minuto-de-un-balotaje-que-ya-cuenta-con-una-participacion-del-45-del-padron\/","title":{"rendered":"Votaron Massa, Milei, Rossi y Villarruel: el minuto a minuto de un balotaje que ya cuenta con una participaci\u00f3n del 45% del padr\u00f3n"},"content":{"rendered":"<br \/>\n<section readability=\"25.616783216783\">\n<p><b>Argentina elige presidente este domingo<\/b> a trav\u00e9s del sistema de voto del balotaje, que enfrenta a <a href=\"https:\/\/viapais.com.ar\/politica\/el-equipo-que-quiere-llevar-a-massa-a-la-presidencia\/\" target=\"_blank\" rel=\"noopener\"><b>Sergio Massa<\/b><\/a> de Uni\u00f3n por la Patria (UP) y a <a href=\"https:\/\/viapais.com.ar\/politica\/milei-llega-al-balotaje-bajo-la-sombra-de-macri-refugiado-en-su-hermana-y-asesorado-por-francos\/\" target=\"_blank\" rel=\"noopener\"><b>Javier Milei<\/b><\/a> de La Libertad Avanza (LLA) en una votaci\u00f3n que se avizora como muy re\u00f1ida y que se podr\u00eda definir por poca diferencia.<\/p>\n<article class=\"article card \">\n<div class=\"article-inner \">\n<div class=\"article-image \"><a href=\"https:\/\/viapais.com.ar\/politica\/el-pais-en-vilo-por-el-balotaje-argentina-decide-entre-massa-o-milei-en-medio-de-una-profunda-crisis-economica\/\" title=\"Sergio Massa y Javier Milei disputar\u00e1n la presidencia.\"><\/p>\n<figure><picture><img alt=\"Sergio Massa y Javier Milei disputar\u00e1n la presidencia.\" class=\" block \" src=\"http:\/\/latecordoba.com\/wp-content\/uploads\/2023\/11\/votaron-massa-milei-rossi-y-villarruel-el-minuto-a-minuto-de-un-balotaje-que-ya-cuenta-con-una-participacion-del-45-del-padron.jpg\" sizes=\"auto\" loading=\"lazy\" data-src=\"http:\/\/latecordoba.com\/wp-content\/uploads\/2023\/11\/votaron-massa-milei-rossi-y-villarruel-el-minuto-a-minuto-de-un-balotaje-que-ya-cuenta-con-una-participacion-del-45-del-padron.jpg\" width=\"307px\" fetchpriority=\"low\" decoding=\"async\" height=\"173px\"><\/picture><\/figure>\n<p><\/a><\/div>\n<\/div>\n<\/article>\n<p><b>Para emitir su sufragio est\u00e1n registradas unas 35,8 millones de personas.<\/b><\/p>\n<figure><picture><img alt=\"Est\u00e1n registradas m\u00e1s de 35 millones de personas para votar en el balotaje.\" class=\" block \" src=\"http:\/\/latecordoba.com\/wp-content\/uploads\/2023\/11\/votaron-massa-milei-rossi-y-villarruel-el-minuto-a-minuto-de-un-balotaje-que-ya-cuenta-con-una-participacion-del-45-del-padron-1.jpg\" sizes=\"auto\" loading=\"lazy\" data-src=\"http:\/\/latecordoba.com\/wp-content\/uploads\/2023\/11\/votaron-massa-milei-rossi-y-villarruel-el-minuto-a-minuto-de-un-balotaje-que-ya-cuenta-con-una-participacion-del-45-del-padron-1.jpg\" width=\"1023px\" fetchpriority=\"low\" decoding=\"async\" height=\"681px\"><\/picture><figcaption class>Est\u00e1n registradas m\u00e1s de 35 millones de personas para votar en el balotaje. Foto: Juano Tesone<\/figcaption><\/figure>\n<h2 class>Los documentos de identidad habilitados para votar<\/h2>\n<p>Los ciudadanos habilitados para votar deber\u00e1n presentarse con el <b>ejemplar del documento de identidad que figura en el padr\u00f3n o bien uno m\u00e1s nuevo.<\/b><\/p>\n<p><b>Los documentos habilitados para votar son Libreta de Enrolamiento\/libreta c\u00edvica; DNI Libreta verde; DNI libreta celeste; Tarjeta del DNI libreta celeste y el DNI tarjeta.<\/b><\/p>\n<p>Seg\u00fan la C\u00e1mara Electoral \u201ces condici\u00f3n necesaria figurar en el padr\u00f3n electoral y acreditar la identidad ante las autoridades de mesa\u201d en el momento de emitir el voto.<\/p>\n<p>De acuerdo con el organismo, el DNI versi\u00f3n virtual que figura en la aplicaci\u00f3n Mi Argentina no est\u00e1 permitido para emitir el sufragio. Si bien este documento cuenta con los mismos datos que el DNI tarjeta, no lo reemplaza y tampoco permite viajar fuera del pa\u00eds.<\/p>\n<p>A continuaci\u00f3n, los momentos m\u00e1s destacados de una jornada electoral hist\u00f3rica:<\/p>\n<ul>\n<li><span><b>8:00 abrieron los comicios.<\/b><\/span><\/li>\n<li><span><b>8:45 Vot\u00f3 el diputado oficialista M\u00e1ximo Kirchner.<\/b><\/span>\n<ul>\n<li><span>El hijo de la Vicepresidenta vot\u00f3 en la ciudad de La Plata y dijo: \u201cElegimos presidente por cuatro a\u00f1os, no es un dato menor ese. Alguien que va a estar al frente del pa\u00eds. Hay que cuidarlo. Se vive una situaci\u00f3n compleja en el mundo y en el pa\u00eds tambi\u00e9n\u201d. Y al referirse a las expectativas para esta jornada coment\u00f3: \u201cEspero que sea de paz, cuando el pueblo se expresa, se expresa. Los votos se van a contar tranquilamente como sucede desde el \u201883 a la fecha. Con este sistema han ganado todas las fuerzas pol\u00edticas\u201d, remarc\u00f3.<\/span><\/li>\n<\/ul>\n<\/li>\n<\/ul>\n<figure><picture><img alt=\"M\u00e1ximo Kirchner tras salir de emitir su voto en La Plata.\" class=\" block \" src=\"http:\/\/latecordoba.com\/wp-content\/uploads\/2023\/11\/votaron-massa-milei-rossi-y-villarruel-el-minuto-a-minuto-de-un-balotaje-que-ya-cuenta-con-una-participacion-del-45-del-padron-2.jpg\" sizes=\"auto\" loading=\"lazy\" data-src=\"http:\/\/latecordoba.com\/wp-content\/uploads\/2023\/11\/votaron-massa-milei-rossi-y-villarruel-el-minuto-a-minuto-de-un-balotaje-que-ya-cuenta-con-una-participacion-del-45-del-padron-2.jpg\" width=\"1023px\" fetchpriority=\"low\" decoding=\"async\" height=\"566px\"><\/picture><figcaption class>M\u00e1ximo Kirchner tras salir de emitir su voto en La Plata. Foto: Captura de video<\/figcaption><\/figure>\n<ul>\n<li><span><b>9:30 vot\u00f3 el legislador de la Ciudad de Buenos Aires por La Libertad Avanza, Ramiro Marra.<\/b><\/span>\n<ul>\n<li><span>El excandidato a jefe de Gobierno porte\u00f1o vot\u00f3 en el barrio de Coghlan y dialog\u00f3 con la prensa: \u201cEstamos sorprendidos por la cantidad de gente que se sum\u00f3 para ayudarnos a fiscalizar. Tambi\u00e9n hay que agradecer a mucha gente del PRO que tambi\u00e9n se ha acercado para darnos el apoyo en la fiscalizaci\u00f3n\u201d, abri\u00f3. Y agreg\u00f3 respecto a las denuncias de faltantes de boletas: \u201cNo vemos ning\u00fan problema generalizado\u201d.<\/span><\/li>\n<\/ul>\n<\/li>\n<\/ul>\n<figure><picture><img alt=\"Ramiro Marra tras votar en el balotaje.\" class=\" block \" src=\"http:\/\/latecordoba.com\/wp-content\/uploads\/2023\/11\/votaron-massa-milei-rossi-y-villarruel-el-minuto-a-minuto-de-un-balotaje-que-ya-cuenta-con-una-participacion-del-45-del-padron-3.jpg\" sizes=\"auto\" loading=\"lazy\" data-src=\"http:\/\/latecordoba.com\/wp-content\/uploads\/2023\/11\/votaron-massa-milei-rossi-y-villarruel-el-minuto-a-minuto-de-un-balotaje-que-ya-cuenta-con-una-participacion-del-45-del-padron-3.jpg\" width=\"1023px\" fetchpriority=\"low\" decoding=\"async\" height=\"510px\"><\/picture><figcaption class>Ramiro Marra tras votar en el balotaje. Foto: Captura de video<\/figcaption><\/figure>\n<ul>\n<li><span><b>9:45 vot\u00f3 el presidente Alberto Fern\u00e1ndez.<\/b><\/span>\n<ul>\n<li><span>Alberto Fern\u00e1ndez se acerc\u00f3 hasta el vallado que separaba la escuela de Puerto Madero en donde vot\u00f3 de los periodistas y expres\u00f3 ante ellos: \u201cComo cada d\u00eda que el pueblo se expresa, queremos cuidar mucho y respetar mucho. Que sea un d\u00eda de felicidad para los argentinos porque vamos a elegir por nuestro futuro. Como estamos en veda, nada m\u00e1s voy a decir. Le deseo lo mejor para la Argentina para que siga viviendo en democracia\u201d.<\/span><\/li>\n<\/ul>\n<\/li>\n<\/ul>\n<figure><picture><img alt=\"Alberto Fern\u00e1ndez tras votar en Puerto Madero.\" class=\" block \" src=\"http:\/\/latecordoba.com\/wp-content\/uploads\/2023\/11\/votaron-massa-milei-rossi-y-villarruel-el-minuto-a-minuto-de-un-balotaje-que-ya-cuenta-con-una-participacion-del-45-del-padron-4.jpg\" sizes=\"auto\" loading=\"lazy\" data-src=\"http:\/\/latecordoba.com\/wp-content\/uploads\/2023\/11\/votaron-massa-milei-rossi-y-villarruel-el-minuto-a-minuto-de-un-balotaje-que-ya-cuenta-con-una-participacion-del-45-del-padron-4.jpg\" width=\"1023px\" fetchpriority=\"low\" decoding=\"async\" height=\"584px\"><\/picture><figcaption class>Alberto Fern\u00e1ndez tras votar en Puerto Madero. Foto: Captura de video<\/figcaption><\/figure>\n<ul>\n<li><span><b>10:00 vot\u00f3 el expresidente Mauricio Macri.<\/b><\/span>\n<ul>\n<li><span>El expresidente de la Naci\u00f3n, Mauricio Macri vot\u00f3 en el barrio porte\u00f1o de Palermo, en el colegio Lenguas Vivas y dialog\u00f3 con los periodistas: \u201c\u00bfA qui\u00e9n entrego las medialunas o me las llevo?\u201d, brome\u00f3. Y agreg\u00f3: \u201cEs un d\u00eda en el que tenemos que festejar porque podemos expresarnos en libertad acerca de qu\u00e9 es lo que queremos para el futuro y espero que todos vengan a votar\u201d. Y al ser consultado por la cantidad de boletas, dijo: \u201cEstaba todo bien en el cuarto oscuro, pero quedaban pocas boletas de Milei\u201d.<\/span><\/li>\n<\/ul>\n<\/li>\n<\/ul>\n<figure><picture><img alt=\"Macri, este domingo al ir a votar. Foto: La Voz\/Federico L\u00f3pez Claro\" class=\" block \" src=\"http:\/\/latecordoba.com\/wp-content\/uploads\/2023\/11\/votaron-massa-milei-rossi-y-villarruel-el-minuto-a-minuto-de-un-balotaje-que-ya-cuenta-con-una-participacion-del-45-del-padron-5.jpg\" sizes=\"auto\" loading=\"lazy\" data-src=\"http:\/\/latecordoba.com\/wp-content\/uploads\/2023\/11\/votaron-massa-milei-rossi-y-villarruel-el-minuto-a-minuto-de-un-balotaje-que-ya-cuenta-con-una-participacion-del-45-del-padron-5.jpg\" width=\"1023px\" fetchpriority=\"low\" decoding=\"async\" height=\"680px\"><\/picture><figcaption class>Macri, este domingo al ir a votar. Foto: La Voz\/Federico L\u00f3pez Claro<\/figcaption><\/figure>\n<ul>\n<li><span><b>10:10 vot\u00f3 el electo jefe de Gobierno porte\u00f1o Jorge Macri.<\/b><\/span>\n<ul>\n<li><span>Al igual que el expresidente, Jorge Macri vot\u00f3 en el colegio Lenguas Vivas de Palermo. \u201cEspero con mucha alegr\u00eda que mucha gente vote. Me parece que es importante que quien sea el presidente hoy a la noche lo sea con la mayor participaci\u00f3n posible porque eso le da m\u00e1s institucionalidad\u201d. Y agreg\u00f3: \u201cEspero que el mensaje de quien gane y de quien pierde sea de paz\u201d.<\/span><\/li>\n<\/ul>\n<\/li>\n<\/ul>\n<figure><picture><img alt=\"Jorge Macri al dialogar con la prensa. \" class=\" block \" src=\"http:\/\/latecordoba.com\/wp-content\/uploads\/2023\/11\/votaron-massa-milei-rossi-y-villarruel-el-minuto-a-minuto-de-un-balotaje-que-ya-cuenta-con-una-participacion-del-45-del-padron-6.jpg\" sizes=\"auto\" loading=\"lazy\" data-src=\"http:\/\/latecordoba.com\/wp-content\/uploads\/2023\/11\/votaron-massa-milei-rossi-y-villarruel-el-minuto-a-minuto-de-un-balotaje-que-ya-cuenta-con-una-participacion-del-45-del-padron-6.jpg\" width=\"1023px\" fetchpriority=\"low\" decoding=\"async\" height=\"680px\"><\/picture><figcaption class>Jorge Macri al dialogar con la prensa. Foto: Rafael Mario Quinteros<\/figcaption><\/figure>\n<ul>\n<li><span><b>10:10 vot\u00f3 el candidato a vicepresidente de Uni\u00f3n por la Patria, Agust\u00edn Rossi.<\/b><\/span>\n<ul>\n<li><span>\u201cEsperemos que los comicios transcurran sin ning\u00fan tipo de inconveniente. Cuando el pueblo decide hay que tomarlo con tranquilidad\u201d, afirm\u00f3 tras emitir su voto. Y sum\u00f3: \u201cSeguramente vamos a tener la tendencia de los comicios bastante temprano porque son solo dos boletas\u201d. Cuando le preguntaron por Alberto Fern\u00e1ndez y su participaci\u00f3n en las elecciones, afirm\u00f3: \u201c\u00c9l no particip\u00f3 porque decidi\u00f3 dedicarse a la gesti\u00f3n\u201d.<\/span><\/li>\n<\/ul>\n<\/li>\n<\/ul>\n<figure><picture><img alt=\"Agust\u00edn Rossi, el candidato a vicepresidente de UP tras votar en el balotaje.\" class=\" block \" src=\"http:\/\/latecordoba.com\/wp-content\/uploads\/2023\/11\/votaron-massa-milei-rossi-y-villarruel-el-minuto-a-minuto-de-un-balotaje-que-ya-cuenta-con-una-participacion-del-45-del-padron-7.jpg\" sizes=\"auto\" loading=\"lazy\" data-src=\"http:\/\/latecordoba.com\/wp-content\/uploads\/2023\/11\/votaron-massa-milei-rossi-y-villarruel-el-minuto-a-minuto-de-un-balotaje-que-ya-cuenta-con-una-participacion-del-45-del-padron-7.jpg\" width=\"1023px\" fetchpriority=\"low\" decoding=\"async\" height=\"583px\"><\/picture><figcaption class>Agust\u00edn Rossi, el candidato a vicepresidente de UP tras votar en el balotaje. Foto: Captura de <\/figcaption><\/figure>\n<ul>\n<li><span><b>10:15 vot\u00f3 el gobernador de la provincia de Buenos Aires, Axel Kicillof.<\/b><\/span>\n<ul>\n<li><span>El gobernador bonaerense vot\u00f3 en la ciudad de La Plata. \u201cVoy a tratar de mantener sin romper el pacto democr\u00e1tico de la veda electoral. Lo que puedo decir que a 40 a\u00f1os de democracia, esta es la d\u00e9cima elecci\u00f3n y la clave es votar con alegr\u00eda y tambi\u00e9n pensando en los dem\u00e1s\u201d. Y agreg\u00f3: \u201cTenemos un sistema electoral pr\u00e1cticamente inviolable si se cumplen todos los pasos. El sistema no fall\u00f3 nunca y as\u00ed va a seguir\u201d.<\/span><\/li>\n<\/ul>\n<\/li>\n<\/ul>\n<figure><picture><img alt=\"Axel Kicillof vot\u00f3 en La Plata.\" class=\" block \" src=\"http:\/\/latecordoba.com\/wp-content\/uploads\/2023\/11\/votaron-massa-milei-rossi-y-villarruel-el-minuto-a-minuto-de-un-balotaje-que-ya-cuenta-con-una-participacion-del-45-del-padron-8.jpg\" sizes=\"auto\" loading=\"lazy\" data-src=\"http:\/\/latecordoba.com\/wp-content\/uploads\/2023\/11\/votaron-massa-milei-rossi-y-villarruel-el-minuto-a-minuto-de-un-balotaje-que-ya-cuenta-con-una-participacion-del-45-del-padron-8.jpg\" width=\"1023px\" fetchpriority=\"low\" decoding=\"async\" height=\"580px\"><\/picture><figcaption class>Axel Kicillof vot\u00f3 en La Plata. Foto: Captura de video<\/figcaption><\/figure>\n<ul>\n<li><span><b>10:30 vot\u00f3 el jefe de Gobierno de la Ciudad de Buenos Aires, Horacio Rodr\u00edguez Larreta.<\/b><\/span>\n<ul>\n<li><span>\u201cSiempre ser\u00e9 Juntos por el Cambio, sigo y seguir\u00e9 trabajando para Juntos por el Cambio\u201d, comenz\u00f3 el jefe de Gobierno porte\u00f1o. \u201cEs una elecci\u00f3n muy importante, 40 a\u00f1os de democracia\u201d, ratific\u00f3.<\/span><\/li>\n<\/ul>\n<\/li>\n<\/ul>\n<figure><picture><img alt=\"Horacio Rodr\u00edguez Larreta tras emitir su voto.\" class=\" block \" src=\"http:\/\/latecordoba.com\/wp-content\/uploads\/2023\/11\/votaron-massa-milei-rossi-y-villarruel-el-minuto-a-minuto-de-un-balotaje-que-ya-cuenta-con-una-participacion-del-45-del-padron-9.jpg\" sizes=\"auto\" loading=\"lazy\" data-src=\"http:\/\/latecordoba.com\/wp-content\/uploads\/2023\/11\/votaron-massa-milei-rossi-y-villarruel-el-minuto-a-minuto-de-un-balotaje-que-ya-cuenta-con-una-participacion-del-45-del-padron-9.jpg\" width=\"1023px\" fetchpriority=\"low\" decoding=\"async\" height=\"596px\"><\/picture><figcaption class>Horacio Rodr\u00edguez Larreta tras emitir su voto. Foto: Captura de video<\/figcaption><\/figure>\n<ul>\n<li><span><b>10:35 vot\u00f3 el senador nacional Mart\u00edn Lousteau.<\/b><\/span>\n<ul>\n<li><span>\u201cMe parece que est\u00e1 bien que la Justicia tome todos los recaudos en la votaci\u00f3n\u201d, afirm\u00f3 Lousteau tras emitir su voto en el barrio porte\u00f1o de Palermo. \u201cEl sistema argentino funciona desde hace mucho y todos los partidos saben c\u00f3mo funciona\u201d. Y finaliz\u00f3: \u201cLas reglas las debemos respetar. El radicalismo hoy ocupa el rol de oposici\u00f3n, tal cual nos design\u00f3 la sociedad\u201d.<\/span><\/li>\n<\/ul>\n<\/li>\n<\/ul>\n<figure><picture><img alt=\"Mart\u00edn Lousteau tras votar en el balotaje.\" class=\" block \" src=\"http:\/\/latecordoba.com\/wp-content\/uploads\/2023\/11\/votaron-massa-milei-rossi-y-villarruel-el-minuto-a-minuto-de-un-balotaje-que-ya-cuenta-con-una-participacion-del-45-del-padron-10.jpg\" sizes=\"auto\" loading=\"lazy\" data-src=\"http:\/\/latecordoba.com\/wp-content\/uploads\/2023\/11\/votaron-massa-milei-rossi-y-villarruel-el-minuto-a-minuto-de-un-balotaje-que-ya-cuenta-con-una-participacion-del-45-del-padron-10.jpg\" width=\"1023px\" fetchpriority=\"low\" decoding=\"async\" height=\"621px\"><\/picture><figcaption class>Mart\u00edn Lousteau tras votar en el balotaje. Foto: Captura de video<\/figcaption><\/figure>\n<ul>\n<li><span><b>12:00 vot\u00f3 la candidata a vicepresidenta de La Libertad Avanza, Victoria Villarruel.<\/b><\/span>\n<ul>\n<li><span>Tras m\u00e1s de una hora de demora, Villarruel pudo acercarse al cuarto oscuro para realizar su voto en la localidad de Caseros, provincia de Buenos Aires: \u201cA los que les preocupa es a ellos que los dem\u00e1s no nos podamos expresar. Es la primera vez la que la hija de un veterano de Malvinas, la hija de un militar llega a ser vicepresidente. A los que les molesta que llegue la libertad de expresi\u00f3n, a los que les molesta que la democracia implique incluirnos a todos es a los violentos. Y en medio de un jard\u00edn de infantes hacer pintadas de los 30 mil (desaparecidos) es como ir a un cementerio y pintar al oso Barney, m\u00e1s desubicados no pueden estar\u201d, lanz\u00f3 con tono enf\u00e1tico.<\/span><\/li>\n<\/ul>\n<\/li>\n<\/ul>\n<figure><picture><img alt=\"Victoria Villarruel al momento de votar.\" class=\" block \" src=\"http:\/\/latecordoba.com\/wp-content\/uploads\/2023\/11\/votaron-massa-milei-rossi-y-villarruel-el-minuto-a-minuto-de-un-balotaje-que-ya-cuenta-con-una-participacion-del-45-del-padron-11.jpg\" sizes=\"auto\" loading=\"lazy\" data-src=\"http:\/\/latecordoba.com\/wp-content\/uploads\/2023\/11\/votaron-massa-milei-rossi-y-villarruel-el-minuto-a-minuto-de-un-balotaje-que-ya-cuenta-con-una-participacion-del-45-del-padron-11.jpg\" width=\"1023px\" fetchpriority=\"low\" decoding=\"async\" height=\"755px\"><\/picture><figcaption class>Victoria Villarruel al momento de votar. Foto: Captura de video<\/figcaption><\/figure>\n<ul>\n<li><span><b>11:30 vot\u00f3 el diputado nacional Diego Santilli.<\/b><\/span>\n<ul>\n<li><span>Tras emitir su sufragio en el colegio San Pedro de la localidad bonaerense de Tigre, el diputado afirm\u00f3: \u201cLa gente se ha quedado a votar a pesar de ser un fin de semana largo\u201d, comenz\u00f3 Santilli. Y luego coment\u00f3: \u201cLa Argentina necesita un cambio\u201d.<\/span><\/li>\n<\/ul>\n<\/li>\n<\/ul>\n<figure><picture><img alt=\"Diego Santilli vot\u00f3 cerca de las 11:30 de este domingo. Foto: Federico L\u00f3pez Claro\" class=\" block \" src=\"http:\/\/latecordoba.com\/wp-content\/uploads\/2023\/11\/votaron-massa-milei-rossi-y-villarruel-el-minuto-a-minuto-de-un-balotaje-que-ya-cuenta-con-una-participacion-del-45-del-padron-12.jpg\" sizes=\"auto\" loading=\"lazy\" data-src=\"http:\/\/latecordoba.com\/wp-content\/uploads\/2023\/11\/votaron-massa-milei-rossi-y-villarruel-el-minuto-a-minuto-de-un-balotaje-que-ya-cuenta-con-una-participacion-del-45-del-padron-12.jpg\" width=\"1023px\" fetchpriority=\"low\" decoding=\"async\" height=\"682px\"><\/picture><figcaption class>Diego Santilli vot\u00f3 cerca de las 11:30 de este domingo. Foto: Federico L\u00f3pez Claro<\/figcaption><\/figure>\n<ul>\n<li><span><b>12:10 vot\u00f3 el candidato a presidente de Uni\u00f3n por la Patria, Sergio Massa.<\/b><\/span>\n<ul>\n<li><span>El candidato de Uni\u00f3n por la Patria vota en la Escuela N\u00b034 Ant\u00e1rtida Argentina de la localidad bonaerense de Tigre. Rodeado de mucha gente, debi\u00f3 caminar casi 100 metros hasta entrar al establecimiento para emitir su voto. \u201cQuiero agradecerle a todos los que est\u00e1n trabajando en los comicios, los que se est\u00e1n desarrollando con total normalidad\u201d. Y luego \u201cinvit\u00f3\u201d a los argentinos a \u201cir a votar\u201d, para lograr \u201cel di\u00e1logo y los consensos necesarios para que nuestra Patria recorra un camino m\u00e1s virtuoso para el futuro\u201d. Respecto del balotaje, afirm\u00f3: \u201cEs una elecci\u00f3n sumamente importante, que define qu\u00e9 tipo de pa\u00eds vamos a tener en los pr\u00f3ximos cuatro a\u00f1os, en un momento tan bisagra para nuestro pa\u00eds\u201d.<\/span><\/li>\n<\/ul>\n<\/li>\n<\/ul>\n<figure><picture><img alt=\"Sergio Massa rumbo a emitir su voto.\" class=\" block \" src=\"http:\/\/latecordoba.com\/wp-content\/uploads\/2023\/11\/votaron-massa-milei-rossi-y-villarruel-el-minuto-a-minuto-de-un-balotaje-que-ya-cuenta-con-una-participacion-del-45-del-padron-13.jpg\" sizes=\"auto\" loading=\"lazy\" data-src=\"http:\/\/latecordoba.com\/wp-content\/uploads\/2023\/11\/votaron-massa-milei-rossi-y-villarruel-el-minuto-a-minuto-de-un-balotaje-que-ya-cuenta-con-una-participacion-del-45-del-padron-13.jpg\" width=\"1023px\" fetchpriority=\"low\" decoding=\"async\" height=\"682px\"><\/picture><figcaption class>Sergio Massa rumbo a emitir su voto. Foto: Juano Tesone<\/figcaption><\/figure>\n<ul>\n<li><span><b>12:40 Vot\u00f3 el candidato a presidente de La Libertad Avanza, Javier Milei.<\/b><\/span>\n<ul>\n<li><span>El candidato de La Libertad Avanza emiti\u00f3 su voto como estaba previsto en el horario de las 12 y media del mediod\u00eda aproximadamente. Lleg\u00f3 rodeado de gran cantidad de personas que gritaban \u201cMilei presidente\u201d. \u201cPueden que falten boletas porque ya est\u00e9n adentro de las urnas\u201d, ironiz\u00f3. Y luego pidi\u00f3: \u201cQue hable la gente, ahora es momento de que se expresen\u201d. Y afirm\u00f3 \u201cestar muy tranquilo\u201d ya que se \u201chizo todo lo posible\u201d. Y finaliz\u00f3 afirmando: \u201cEsperemos que esta noche tengamos los resultados suficientes para que haya un presidente\u201d.<\/span><\/li>\n<\/ul>\n<\/li>\n<\/ul>\n<figure><picture><img alt=\"Javier Milei tras salir de votar.\" class=\" block \" src=\"http:\/\/latecordoba.com\/wp-content\/uploads\/2023\/11\/votaron-massa-milei-rossi-y-villarruel-el-minuto-a-minuto-de-un-balotaje-que-ya-cuenta-con-una-participacion-del-45-del-padron-14.jpg\" sizes=\"auto\" loading=\"lazy\" data-src=\"http:\/\/latecordoba.com\/wp-content\/uploads\/2023\/11\/votaron-massa-milei-rossi-y-villarruel-el-minuto-a-minuto-de-un-balotaje-que-ya-cuenta-con-una-participacion-del-45-del-padron-14.jpg\" width=\"1023px\" fetchpriority=\"low\" decoding=\"async\" height=\"663px\"><\/picture><figcaption class>Javier Milei tras salir de votar. Foto: Captura de video<\/figcaption><\/figure>\n<\/section>\n<div class=\"noreadme-audima\">\n<h2>Temas Relacionados<\/h2>\n<\/div>\n","protected":false},"excerpt":{"rendered":"<p>Argentina elige presidente este domingo a trav\u00e9s del sistema de voto del balotaje, que enfrenta a Sergio Massa de Uni\u00f3n por la Patria (UP) y a Javier Milei de La Libertad Avanza (LLA) en una votaci\u00f3n que se avizora como muy re\u00f1ida y que se podr\u00eda definir por poca diferencia. Para emitir su sufragio est\u00e1n [&hellip;]<\/p>\n","protected":false},"author":1,"featured_media":18348,"comment_status":"closed","ping_status":"closed","sticky":false,"template":"","format":"standard","meta":[],"categories":[15],"tags":[],"_links":{"self":[{"href":"https:\/\/latecordoba.com\/index.php\/wp-json\/wp\/v2\/posts\/18347"}],"collection":[{"href":"https:\/\/latecordoba.com\/index.php\/wp-json\/wp\/v2\/posts"}],"about":[{"href":"https:\/\/latecordoba.com\/index.php\/wp-json\/wp\/v2\/types\/post"}],"author":[{"embeddable":true,"href":"https:\/\/latecordoba.com\/index.php\/wp-json\/wp\/v2\/users\/1"}],"replies":[{"embeddable":true,"href":"https:\/\/latecordoba.com\/index.php\/wp-json\/wp\/v2\/comments?post=18347"}],"version-history":[{"count":0,"href":"https:\/\/latecordoba.com\/index.php\/wp-json\/wp\/v2\/posts\/18347\/revisions"}],"wp:featuredmedia":[{"embeddable":true,"href":"https:\/\/latecordoba.com\/index.php\/wp-json\/wp\/v2\/media\/18348"}],"wp:attachment":[{"href":"https:\/\/latecordoba.com\/index.php\/wp-json\/wp\/v2\/media?parent=18347"}],"wp:term":[{"taxonomy":"category","embeddable":true,"href":"https:\/\/latecordoba.com\/index.php\/wp-json\/wp\/v2\/categories?post=18347"},{"taxonomy":"post_tag","embeddable":true,"href":"https:\/\/latecordoba.com\/index.php\/wp-json\/wp\/v2\/tags?post=18347"}],"curies":[{"name":"wp","href":"https:\/\/api.w.org\/{rel}","templated":true}]}}