{"id":18345,"date":"2023-11-16T19:02:31","date_gmt":"2023-11-16T19:02:31","guid":{"rendered":"http:\/\/www.radiourbanasf.com.ar\/?p=18267"},"modified":"2023-11-16T19:02:31","modified_gmt":"2023-11-16T19:02:31","slug":"nuevo-single-y-videoclip-de-las-pelotas","status":"publish","type":"post","link":"https:\/\/latecordoba.com\/index.php\/2023\/11\/16\/nuevo-single-y-videoclip-de-las-pelotas\/","title":{"rendered":"Nuevo single y videoclip de Las Pelotas"},"content":{"rendered":"\n<div><img decoding=\"async\" src=\"http:\/\/latecordoba.com\/wp-content\/uploads\/2023\/11\/nuevo-single-y-videoclip-de-las-pelotas.jpg\" class=\"ff-og-image-inserted\"><\/div>\n<p><!-- .share-post --> <!-- WhatsApp Share Button for WordPress: http:\/\/peadig.com\/wordpress-plugins\/whatsapp-share-button\/ --><\/p>\n<h2>El pasado mes de agosto la emblem\u00e1tica banda de rock nacional se present\u00f3 por primera vez en el estadio Movistar Arena y de ese evento surgi\u00f3 la filmaci\u00f3n del videoclip de este nuevo single en vivo.<\/h2>\n<p>La banda argentina de rock <a href=\"https:\/\/www.cmtv.com.ar\/biografia\/show.php?bnid=170&amp;banda=Las_Pelotas\"><b>Las Pelotas<\/b><\/a>&nbsp;presenta el single y videoclip en vivo de uno de sus m\u00e1s cl\u00e1sicos temas.<\/p>\n<p>Si hay una banda que sabe transformar en canci\u00f3n (muchas veces con iron\u00eda y acidez) y resumir con una sencillez envidiable los padecimientos cotidianos, esa es<b>&nbsp;Las Pelotas<\/b>. Igual que hace casi 25 a\u00f1os cuando sali\u00f3 a la luz, \u201c<a href=\"https:\/\/www.cmtv.com.ar\/discos_letras\/letra.php?bnid=170&amp;banda=Las_Pelotas&amp;DS_DS=23844&amp;tmid=184573&amp;tema=SOLITO_VAS_(EN_VIVO_EN_MOVISTAR_ARENA)\"><b>Solito vas<\/b><\/a>\u201d.<\/p>\n<p>Extra\u00edda de su show del pasado mes de agosto en el Movistar Arena con un marco de p\u00fablico imponente en una presentaci\u00f3n hist\u00f3rica que quedar\u00e1 indeleble en el recuerdo de los que pudieron asistir, nunca hab\u00eda sido registrada en vivo.<\/p>\n<p>2023 est\u00e1 siendo un a\u00f1o muy intenso para&nbsp;<b>Las Pelotas<\/b>&nbsp;en cuanto a presentaciones en vivo. Pudieron recorrer gran parte del pa\u00eds con shows muy importantes. Entre otras ciudades recorrieron La Plata, Mendoza, San Juan, Formosa, Neuqu\u00e9n y San Miguel de Tucum\u00e1n. A esto se le sum\u00f3 tambi\u00e9n Uruguay y cierran el a\u00f1o con dos shows muy especiales en Capital Federal los d\u00edas 8 y 9 de diciembre en El Teatro Vorterix.<\/p>\n<p><!-- WhatsApp Share Button for WordPress: http:\/\/peadig.com\/wordpress-plugins\/whatsapp-share-button\/ -->  <\/p>\n","protected":false},"excerpt":{"rendered":"\n<div style=\"float:right;margin:0 0 20px 20px;\"><img decoding=\"async\" width=\"150\" height=\"150\" src=\"http:\/\/latecordoba.com\/wp-content\/uploads\/2023\/11\/nuevo-single-y-videoclip-de-las-pelotas-1.jpg\" class=\"attachment-thumbnail size-thumbnail wp-post-image\" alt=\"\" loading=\"lazy\" \/><\/div>\n<p>El pasado mes de agosto la emblem\u00e1tica banda de rock nacional se present\u00f3 por primera vez en el estadio Movistar Arena y de ese evento surgi\u00f3 la filmaci\u00f3n del videoclip de este nuevo single en vivo. La banda argentina de rock Las Pelotas\u00a0presenta el single y videoclip en vivo de uno de sus m\u00e1s cl\u00e1sicos &#8230;  <\/p>\n","protected":false},"author":1,"featured_media":18346,"comment_status":"closed","ping_status":"closed","sticky":false,"template":"","format":"standard","meta":[],"categories":[20],"tags":[],"_links":{"self":[{"href":"https:\/\/latecordoba.com\/index.php\/wp-json\/wp\/v2\/posts\/18345"}],"collection":[{"href":"https:\/\/latecordoba.com\/index.php\/wp-json\/wp\/v2\/posts"}],"about":[{"href":"https:\/\/latecordoba.com\/index.php\/wp-json\/wp\/v2\/types\/post"}],"author":[{"embeddable":true,"href":"https:\/\/latecordoba.com\/index.php\/wp-json\/wp\/v2\/users\/1"}],"replies":[{"embeddable":true,"href":"https:\/\/latecordoba.com\/index.php\/wp-json\/wp\/v2\/comments?post=18345"}],"version-history":[{"count":0,"href":"https:\/\/latecordoba.com\/index.php\/wp-json\/wp\/v2\/posts\/18345\/revisions"}],"wp:featuredmedia":[{"embeddable":true,"href":"https:\/\/latecordoba.com\/index.php\/wp-json\/wp\/v2\/media\/18346"}],"wp:attachment":[{"href":"https:\/\/latecordoba.com\/index.php\/wp-json\/wp\/v2\/media?parent=18345"}],"wp:term":[{"taxonomy":"category","embeddable":true,"href":"https:\/\/latecordoba.com\/index.php\/wp-json\/wp\/v2\/categories?post=18345"},{"taxonomy":"post_tag","embeddable":true,"href":"https:\/\/latecordoba.com\/index.php\/wp-json\/wp\/v2\/tags?post=18345"}],"curies":[{"name":"wp","href":"https:\/\/api.w.org\/{rel}","templated":true}]}}