{"id":18341,"date":"2023-11-19T13:00:00","date_gmt":"2023-11-19T13:00:00","guid":{"rendered":"https:\/\/www.puntal.com.ar\/musica\/el-debut-cantoras-n205421"},"modified":"2023-11-19T13:00:00","modified_gmt":"2023-11-19T13:00:00","slug":"el-debut-de-cantoras","status":"publish","type":"post","link":"https:\/\/latecordoba.com\/index.php\/2023\/11\/19\/el-debut-de-cantoras\/","title":{"rendered":"El debut de Cantoras"},"content":{"rendered":"\n<div><img decoding=\"async\" src=\"http:\/\/latecordoba.com\/wp-content\/uploads\/2023\/11\/el-debut-de-cantoras.jpg\" class=\"ff-og-image-inserted\"><\/div>\n<div class=\"cuerpo\" data-twitter-link readability=\"42\">\n<p> Cantoras nace luego de una hermosa experiencia de taller que se llam\u00f3 La habitaci\u00f3n propia en el a\u00f1o 2022, all\u00ed se conform\u00f3 un grupo de mujeres que fue la semilla de Cantoras.<\/p>\n<p>Este ensamble est\u00e1 conformado por trece cantantes que provienen de distintas expresiones art\u00edsticas: danza, teatro, narraci\u00f3n oral, educaci\u00f3n musical, experiencias corales y otras que se vieron movilizadas por el deseo de cantar. Cantoras son Cecilia C\u00f3rdoba, Julieta Ver\u00f3n, Dalila Vi\u00f1ao, Patricia Oyanedel Dur\u00e1n, Sandra Somadossi, Jimena Camporro, Luj\u00e1n Ulagnero, Maria Altamirano, Marianela Settembrini, Bel\u00e9n Gamond, Nancy Feller, Romina Pone de Le\u00f3n, Rosana Polanco y Melisa Alvarez en arreglos y direcci\u00f3n general.<\/p>\n<p>Toda la belleza, ronda de canciones y poes\u00edas, es la primera presentaci\u00f3n de Cantoras y muestra el resultado de este primer a\u00f1o de exploraci\u00f3n vocal y musical. Se podr\u00e1n escuchar vidalas, cuecas norte\u00f1as, boleros, canciones de cuna y bailecitos de compositoras argentinas y latinoamericanas arreglos vocales para este ensamble. Hilvanando cada canci\u00f3n habr\u00e1 una poes\u00eda de Melisa Alvarez, interpretadas por Ana Fern\u00e1ndez, reconocida narradora riocuartense.<\/p>\n<\/div>\n","protected":false},"excerpt":{"rendered":"<p>\nEl ensamble vocal femenino local se presenta el pr\u00f3ximo domingo 26 en la Biblioteca Popular Mariano Moreno  <\/p>\n","protected":false},"author":1,"featured_media":18342,"comment_status":"closed","ping_status":"closed","sticky":false,"template":"","format":"standard","meta":[],"categories":[14],"tags":[],"_links":{"self":[{"href":"https:\/\/latecordoba.com\/index.php\/wp-json\/wp\/v2\/posts\/18341"}],"collection":[{"href":"https:\/\/latecordoba.com\/index.php\/wp-json\/wp\/v2\/posts"}],"about":[{"href":"https:\/\/latecordoba.com\/index.php\/wp-json\/wp\/v2\/types\/post"}],"author":[{"embeddable":true,"href":"https:\/\/latecordoba.com\/index.php\/wp-json\/wp\/v2\/users\/1"}],"replies":[{"embeddable":true,"href":"https:\/\/latecordoba.com\/index.php\/wp-json\/wp\/v2\/comments?post=18341"}],"version-history":[{"count":0,"href":"https:\/\/latecordoba.com\/index.php\/wp-json\/wp\/v2\/posts\/18341\/revisions"}],"wp:featuredmedia":[{"embeddable":true,"href":"https:\/\/latecordoba.com\/index.php\/wp-json\/wp\/v2\/media\/18342"}],"wp:attachment":[{"href":"https:\/\/latecordoba.com\/index.php\/wp-json\/wp\/v2\/media?parent=18341"}],"wp:term":[{"taxonomy":"category","embeddable":true,"href":"https:\/\/latecordoba.com\/index.php\/wp-json\/wp\/v2\/categories?post=18341"},{"taxonomy":"post_tag","embeddable":true,"href":"https:\/\/latecordoba.com\/index.php\/wp-json\/wp\/v2\/tags?post=18341"}],"curies":[{"name":"wp","href":"https:\/\/api.w.org\/{rel}","templated":true}]}}