{"id":18339,"date":"2023-11-19T14:00:00","date_gmt":"2023-11-19T14:00:00","guid":{"rendered":"https:\/\/www.puntal.com.ar\/coro-polifonico-delfino-quirici\/coro-polifonico-delfino-quirici-concierto-91-anivesario-n205423"},"modified":"2023-11-19T14:00:00","modified_gmt":"2023-11-19T14:00:00","slug":"coro-polifonico-delfino-quirici-concierto-91-anivesario","status":"publish","type":"post","link":"https:\/\/latecordoba.com\/index.php\/2023\/11\/19\/coro-polifonico-delfino-quirici-concierto-91-anivesario\/","title":{"rendered":"Coro Polif\u00f3nico Delfino Quirici: Concierto 91\u00b0 Anivesario"},"content":{"rendered":"\n<div><img decoding=\"async\" src=\"http:\/\/latecordoba.com\/wp-content\/uploads\/2023\/11\/coro-polifonico-delfino-quirici-concierto-91-anivesario.jpg\" class=\"ff-og-image-inserted\"><\/div>\n<div class=\"cuerpo\" data-twitter-link readability=\"18\">\n<p> Adelanta la gacetilla de prensa: \u201cLa poes\u00eda y la m\u00fasica convergen para dar forma a la manifestaci\u00f3n est\u00e9tica m\u00e1s sublime de la creaci\u00f3n humana: la M\u00fasica Vocal. En conmemoraci\u00f3n de los 91 a\u00f1os desde la fundaci\u00f3n de nuestro apreciado Coro Polif\u00f3nico Delfino Quirici, hemos organizado un concierto centrado en una selecci\u00f3n de poemas que han sido magistralmente convertidos en partituras por destacados compositores de nuestra \u00e9poca. Estas composiciones nos sumergir\u00e1n en la vida misma, que no habla, abordando momentos desde el nacimiento hasta la muerte, a trav\u00e9s de textos creados por renombrados poetas, tanto antiguos como contempor\u00e1neos. Estos poemas han sido h\u00e1bilmente trasladados a la partitura por m\u00fasicos de lenguajes modernos, quienes, con sus l\u00e1pices, plasman las voces de 900 a\u00f1os de experiencias expresadas en maravillosos textos que abarcan desde el siglo XIV hasta nuestros d\u00edas\u201d.<\/p>\n<\/div>\n","protected":false},"excerpt":{"rendered":"<p>\nEl elenco provincial local presenta &#8220;La poes\u00eda y la m\u00fasica&#8221;, el jueves 23 en la Parroquia Sagrados Corazones  <\/p>\n","protected":false},"author":1,"featured_media":18340,"comment_status":"closed","ping_status":"closed","sticky":false,"template":"","format":"standard","meta":[],"categories":[14],"tags":[],"_links":{"self":[{"href":"https:\/\/latecordoba.com\/index.php\/wp-json\/wp\/v2\/posts\/18339"}],"collection":[{"href":"https:\/\/latecordoba.com\/index.php\/wp-json\/wp\/v2\/posts"}],"about":[{"href":"https:\/\/latecordoba.com\/index.php\/wp-json\/wp\/v2\/types\/post"}],"author":[{"embeddable":true,"href":"https:\/\/latecordoba.com\/index.php\/wp-json\/wp\/v2\/users\/1"}],"replies":[{"embeddable":true,"href":"https:\/\/latecordoba.com\/index.php\/wp-json\/wp\/v2\/comments?post=18339"}],"version-history":[{"count":0,"href":"https:\/\/latecordoba.com\/index.php\/wp-json\/wp\/v2\/posts\/18339\/revisions"}],"wp:featuredmedia":[{"embeddable":true,"href":"https:\/\/latecordoba.com\/index.php\/wp-json\/wp\/v2\/media\/18340"}],"wp:attachment":[{"href":"https:\/\/latecordoba.com\/index.php\/wp-json\/wp\/v2\/media?parent=18339"}],"wp:term":[{"taxonomy":"category","embeddable":true,"href":"https:\/\/latecordoba.com\/index.php\/wp-json\/wp\/v2\/categories?post=18339"},{"taxonomy":"post_tag","embeddable":true,"href":"https:\/\/latecordoba.com\/index.php\/wp-json\/wp\/v2\/tags?post=18339"}],"curies":[{"name":"wp","href":"https:\/\/api.w.org\/{rel}","templated":true}]}}