{"id":18337,"date":"2023-11-19T02:23:19","date_gmt":"2023-11-19T02:23:19","guid":{"rendered":"http:\/\/e21a659fc28e3f5f1d8655e7786e5207"},"modified":"2023-11-19T02:23:19","modified_gmt":"2023-11-19T02:23:19","slug":"milei-chicaneo-tras-los-abucheos-en-el-colon-que-linda-obra-madama-butterfly","status":"publish","type":"post","link":"https:\/\/latecordoba.com\/index.php\/2023\/11\/19\/milei-chicaneo-tras-los-abucheos-en-el-colon-que-linda-obra-madama-butterfly\/","title":{"rendered":"Milei chicane\u00f3 tras los abucheos en el Col\u00f3n: &#8220;Que linda obra Madama Butterfly&#8221;"},"content":{"rendered":"\n<div class=\"media_block\"><img decoding=\"async\" src=\"http:\/\/latecordoba.com\/wp-content\/uploads\/2023\/11\/milei-chicaneo-tras-los-abucheos-en-el-colon-que-linda-obra-madama-butterfly.jpg\"><\/div>\n<div><img decoding=\"async\" src=\"http:\/\/latecordoba.com\/wp-content\/uploads\/2023\/11\/milei-chicaneo-tras-los-abucheos-en-el-colon-que-linda-obra-madama-butterfly-1.jpg\" class=\"ff-og-image-inserted\"><\/div>\n<div id=\"vsmcontent\" readability=\"110.43583086053\">\n<p>Javier Milei chicane\u00f3 en las redes tras los incidentes del viernes por la noche en el Teatro Col\u00f3n donde fue abucheado durante el intervalo entre el primer y segundo acto. &#8220;Que linda obra Madama Butterfly!&#8221;, escribi\u00f3 el candidato libertario en Twitter. Adem\u00e1s, durante todo el d\u00eda reposte\u00f3 videos en donde se ve que se qued\u00f3 hasta el final de la obra.<\/p>\n<p>El viernes, ya en veda, Milei asisti\u00f3 al teatro junto con la imitadora F\u00e1tima Florez. Sin embargo, cuando el p\u00fablico lo reconoci\u00f3 en el palco surgieron c\u00e1nticos agraviantes: &#8220;Milei, basura, vos sos la dictadura&#8221;. El griter\u00edo, fue algo in\u00e9dito para el Teatro Col\u00f3n. Incluso la orquesta se sum\u00f3 al repudio y toc\u00f3 la marcha peronista.<\/p>\n<p>Por el incidente, el segundo acto de la \u00f3pera Madame Butterfly se demor\u00f3 varios minutos en comenzar.<\/p>\n<p>Esta tarde, el candidato adem\u00e1s public\u00f3 en las redes un mensaje privado que le envi\u00f3 Jorge Telerman, director del Col\u00f3n. All\u00ed le cuenta que la mayor\u00eda del p\u00fablico celebr\u00f3 su presencia en el teatro &#8220;aunque algunos intolerantes quisieron armar lio&#8221;. &#8220;Espero que eso no les haya empa\u00f1ado la velada ni a vos ni a F\u00e1tima&#8221;, agrega Telerman.<\/p>\n<p><a href=\"https:\/\/www.lapoliticaonline.com\/tools\/redirect.php?t=3&amp;i=274539&amp;s=6e23364e5bcd8cf778cba0e4ca503a76\" class=\"link-type-content content-type-noticia-ar\">Milei huy\u00f3 del Col\u00f3n en el intermezzo de Madama Butterlfy porque el p\u00fablico lo abuche\u00f3<\/a><\/p>\n<p>El incidente en el Col\u00f3n sorprendi\u00f3 porque el repudio se produce entre un p\u00fablico que se presume af\u00edn al libertario, como tambi\u00e9n llam\u00f3 la atenci\u00f3n el viernes el gui\u00f1o p\u00fablico de la Sociedad Rural Argentina a Sergio Massa.<\/p>\n<p>&#8220;Nunca m\u00e1s, nunca m\u00e1s&#8221;, fue otro de las frases que se escuch\u00f3, en referencia a la hist\u00f3rica frase del fiscal Julio Strassera en el juicio a las Juntas Militares de la \u00faltima dictadura.<\/p>\n<figure class=\"vsmwidget widget-type-twitter\" vsmtype=\"twitter\" contenteditable=\"false\" readability=\"-18.50625\">\n<blockquote class=\"twitter-tweet\" readability=\"4.725\">\n<p lang=\"tl\" dir=\"ltr\">Que linda obra Madama Butterfly XD !\u2014 Javier Milei (@JMilei) <a href=\"https:\/\/twitter.com\/JMilei\/status\/1725713293065515500?ref_src=twsrc%5Etfw\">November 18, 2023<\/a><\/p>\n<\/blockquote>\n<\/figure>\n<p>Las im\u00e1genes de los c\u00e1nticos en repudio a Milei r\u00e1pidamente comenzaron a circular a trav\u00e9s de las redes sociales y la situaci\u00f3n provoc\u00f3 el enojo de dirigentes pol\u00edticos cercanos al libertario, como Patricia Bullrich, quien escribi\u00f3 que se trat\u00f3 de &#8220;una muestra de la decadencia reinante y de la misma intolerancia de siempre&#8221;. Adem\u00e1s, la presidenta del PRO lament\u00f3 que una parte del p\u00fablico y del coro de la obra se pusieran a cantar la marcha peronista.<\/p>\n<p>El candidato presidencial libertario se refiri\u00f3 a los abucheos y posterior ovaci\u00f3n de la que fue protagonista anoche en el Teatro Col\u00f3n cuando fue a ver una obra con su novia la actriz F\u00e1tima Florez. Que linda obra Madama Butterfly!&#8221;, escribi\u00f3, ir\u00f3nicamente. Lejos de sentirse incomodado por ese escrache inicial, el economista se qued\u00f3 y al final de todo se fue vivado por el p\u00fablico, seg\u00fan puede observarse en varios videos que se publicaron despu\u00e9s.<\/p>\n<\/div>\n<p><strong>Copyright La Politica Online SA 2023.<\/strong><br \/>Por favor no corte ni pegue en la web nuestras notas, tiene la posibilidad de redistribuirlas usando nuestras herramientas.<\/p>\n","protected":false},"excerpt":{"rendered":"\n<div class=\"media_block\"><img decoding=\"async\" src=\"http:\/\/latecordoba.com\/wp-content\/uploads\/2023\/11\/milei-chicaneo-tras-los-abucheos-en-el-colon-que-linda-obra-madama-butterfly.jpg\"><\/div>\n<p>El candidato recibi\u00f3 insultos en la funci\u00f3n del viernes. &#8220;Basura, vos sos la dictadura&#8221;, le gritaron.  <\/p>\n","protected":false},"author":1,"featured_media":18338,"comment_status":"closed","ping_status":"closed","sticky":false,"template":"","format":"standard","meta":[],"categories":[18],"tags":[],"_links":{"self":[{"href":"https:\/\/latecordoba.com\/index.php\/wp-json\/wp\/v2\/posts\/18337"}],"collection":[{"href":"https:\/\/latecordoba.com\/index.php\/wp-json\/wp\/v2\/posts"}],"about":[{"href":"https:\/\/latecordoba.com\/index.php\/wp-json\/wp\/v2\/types\/post"}],"author":[{"embeddable":true,"href":"https:\/\/latecordoba.com\/index.php\/wp-json\/wp\/v2\/users\/1"}],"replies":[{"embeddable":true,"href":"https:\/\/latecordoba.com\/index.php\/wp-json\/wp\/v2\/comments?post=18337"}],"version-history":[{"count":0,"href":"https:\/\/latecordoba.com\/index.php\/wp-json\/wp\/v2\/posts\/18337\/revisions"}],"wp:featuredmedia":[{"embeddable":true,"href":"https:\/\/latecordoba.com\/index.php\/wp-json\/wp\/v2\/media\/18338"}],"wp:attachment":[{"href":"https:\/\/latecordoba.com\/index.php\/wp-json\/wp\/v2\/media?parent=18337"}],"wp:term":[{"taxonomy":"category","embeddable":true,"href":"https:\/\/latecordoba.com\/index.php\/wp-json\/wp\/v2\/categories?post=18337"},{"taxonomy":"post_tag","embeddable":true,"href":"https:\/\/latecordoba.com\/index.php\/wp-json\/wp\/v2\/tags?post=18337"}],"curies":[{"name":"wp","href":"https:\/\/api.w.org\/{rel}","templated":true}]}}