{"id":18333,"date":"2023-11-18T20:37:32","date_gmt":"2023-11-18T20:37:32","guid":{"rendered":"https:\/\/viapais.com.ar\/politica\/sergio-massa-el-socio-minoritario-del-peronismo-y-el-kirchnerismo-que-se-quedo-con-todo\/"},"modified":"2023-11-18T20:37:32","modified_gmt":"2023-11-18T20:37:32","slug":"sergio-massa-el-socio-minoritario-del-peronismo-y-el-kirchnerismo-que-se-quedo-con-todo","status":"publish","type":"post","link":"https:\/\/latecordoba.com\/index.php\/2023\/11\/18\/sergio-massa-el-socio-minoritario-del-peronismo-y-el-kirchnerismo-que-se-quedo-con-todo\/","title":{"rendered":"Sergio Massa, el socio minoritario del peronismo y el kirchnerismo que se qued\u00f3 con todo"},"content":{"rendered":"\n<p><a href=\"https:\/\/viapais.com.ar\/temas\/sergio-massa\/\" target=\"_blank\" rel=\"noopener\"><b>Sergio Tom\u00e1s Massa<\/b><\/a><b>, 51 a\u00f1os, nacido en San Mart\u00edn<\/b>, en el conurbano bonaerense, est\u00e1 convencido de que puede romper una marca en el pa\u00eds: <b>nunca un ministro de Econom\u00eda lleg\u00f3 a presidente, pese a que varios lo intentaron despu\u00e9s de haber abandonado el cargo.<\/b><\/p>\n<article class=\"article card \">\n<div class=\"article-inner \">\n<div class=\"article-image \"><a href=\"https:\/\/viapais.com.ar\/politica\/argentina-llega-con-incertidumbre-a-las-elecciones-que-supondran-un-cambio\/\" title=\"Javier Milei y Sergio Massa\"><\/p>\n<figure><picture><img alt=\"Javier Milei y Sergio Massa\" class=\" block \" src=\"http:\/\/latecordoba.com\/wp-content\/uploads\/2023\/11\/sergio-massa-el-socio-minoritario-del-peronismo-y-el-kirchnerismo-que-se-quedo-con-todo.jpg\" sizes=\"auto\" loading=\"lazy\" data-src=\"http:\/\/latecordoba.com\/wp-content\/uploads\/2023\/11\/sergio-massa-el-socio-minoritario-del-peronismo-y-el-kirchnerismo-que-se-quedo-con-todo.jpg\" width=\"307px\" fetchpriority=\"low\" decoding=\"async\" height=\"173px\"><\/picture><\/figure>\n<p><\/a><\/div>\n<\/div>\n<\/article>\n<p><b>El 4 de agosto de 2022, Massa asumi\u00f3 el ministerio de Econom\u00eda<\/b>, en medio de otra crisis del atribulado gobierno de Alberto Fern\u00e1ndez. En su a\u00f1o y tres meses de gesti\u00f3n, los indicadores de actividad continuaron a la baja, la inflaci\u00f3n anualizada super\u00f3 el 140%, el salario medio sigui\u00f3 aplastado. A\u00fan as\u00ed, <b>Massa venci\u00f3 ampliamente a Juan Grabois en la interna de Uni\u00f3n por la Patria<\/b>, sali\u00f3 tercero en aquellas PASO detr\u00e1s de La Libertad Avanza y Juntos por el Cambio. Y <b>el 22 de octubre<\/b> rompi\u00f3 ese escenario cuando <b>se impuso por m\u00e1s de seis puntos a Milei.<\/b> Massa qued\u00f3 primero y con uno de los dos lugares en el balotaje de hoy. Algo impensado para muchos.<\/p>\n<figure><picture><img alt=\"Balotaje 2023: Sergio Massa, candidato a presidente por Uni\u00f3n por la Patria. Foto: La Voz y AP\" class=\" block \" src=\"http:\/\/latecordoba.com\/wp-content\/uploads\/2023\/11\/sergio-massa-el-socio-minoritario-del-peronismo-y-el-kirchnerismo-que-se-quedo-con-todo-1.jpg\" sizes=\"auto\" loading=\"lazy\" data-src=\"http:\/\/latecordoba.com\/wp-content\/uploads\/2023\/11\/sergio-massa-el-socio-minoritario-del-peronismo-y-el-kirchnerismo-que-se-quedo-con-todo-1.jpg\" width=\"1023px\" fetchpriority=\"low\" decoding=\"async\" height=\"682px\"><\/picture><figcaption class>Balotaje 2023: Sergio Massa, candidato a presidente por Uni\u00f3n por la Patria. Foto: La Voz y AP<\/figcaption><\/figure>\n<p><b>Hijo de familia de inmigrantes, de abuelo carpintero y padre due\u00f1o de un corral\u00f3n donde de adolescente tuvo su primer trabajo (su segundo fue coordinador de viaje de egresados)<\/b>, Massa, de fugaz paso por el liberalismo de fines de los ochenta, <b>empez\u00f3 los noventa como militante peronista en San Mart\u00edn.<\/b> All\u00ed conoci\u00f3 a Graciela Cama\u00f1o. Colabor\u00f3 con Palito Ortega en la campa\u00f1a del \u201898 y <b>fue diputado bonaerense hasta 2002, cuando qued\u00f3 al frente de la ANSES designado por Duhalde<\/b>, para ser ratificado en la presidencia de N\u00e9stor Kirchner. <b>Su suegro Fernando Galmarini le ayud\u00f3 a conocer el PJ bonaerense. Su matrimonio y sociedad pol\u00edtica con Malena Galmarini contin\u00faan, al punto que ella integra el comando de campa\u00f1a.<\/b><\/p>\n<p><b>Massa se aline\u00f3 con el kirchnerismo en las primeras dos presidencias; lleg\u00f3 a ser jefe de Gabinete de Cristina Kirchner tras la renuncia de Alberto Fern\u00e1ndez, desgastado por la crisis de la 125 a mediados de 2008. En 2011, ya siendo intendente de Tigre, empez\u00f3 a dise\u00f1ar el Frente Renovador, con el que enfrent\u00f3 (y venci\u00f3) al kirchnerismo en las legislativas de 2013, a\u00f1o en que se recibi\u00f3 de abogado.<\/b> Pero en las presidenciales de 2015, en alianza con Jos\u00e9 Manuel de la Sota, fracas\u00f3 en su intento de pelear por la presidencia.<\/p>\n<p><b>En 2017 experiment\u00f3 una de sus peores derrotas. Qued\u00f3 tercero detr\u00e1s de Esteban Bullrich (Cambiemos) y de Cristina Kirchner (Unidad Ciudadana) en la pelea por entrar al Senado.<\/b> Reconociendo sus limitaciones para armar \u201cla v\u00eda del medio\u201d que supere la grieta, <b>en 2018 retom\u00f3 las conversaciones con M\u00e1ximo Kirchner y \u2018Wado\u2019 de Pedro para acercarse al peronismo<\/b>, en el proceso que termin\u00f3 con formaci\u00f3n del Frente de Todos.<\/p>\n<p>Massa, el socio minoritario del conglomerado pol\u00edtico armado con hegemon\u00eda kirchnerista en 2019 para vencer al macrismo, cuatro a\u00f1os despu\u00e9s detenta la centralidad absoluta en Uni\u00f3n por la Patria y tiene la posibilidad de ser presidente o de asociar su nombre a un gobierno fallido.<\/p>\n<p><b>La misma noche de las PASO, con el tercer puesto sobre su espalda, Massa habl\u00f3 de la necesidad de construir \u201cuna nueva mayor\u00eda pol\u00edtica\u201d<\/b> para converger despu\u00e9s del 10 de diciembre en <b>\u201cun gobierno de unidad popular\u201d.<\/b><\/p>\n<p>Esas premisas pesaron m\u00e1s peso despu\u00e9s de las generales del 22 de octubre. Massa, primero y a seis puntos de Milei, ratific\u00f3 que solo ser\u00eda competitivo si ampliaba los horizontes de UP, sobre todo hacia la moderaci\u00f3n en contraste con las estridencias y desmesuras del adversario. Asumi\u00f3 el protagonismo absoluto de la campa\u00f1a (casi como si no tuviese compa\u00f1ero de f\u00f3rmula), y se propuso como el candidato superador de la grieta. <b>Massa transit\u00f3 la campa\u00f1a del balotaje sin nombrar a Cristina Kirchner, ni a Alberto Fern\u00e1ndez pese a ser ministro suyo.<\/b><\/p>\n<p>En este tramo final, Massa aglutin\u00f3, sin fisuras, a todos los gobernadores peronistas, desde los derrotados Rodr\u00edguez Sa\u00e1, U\u00f1ac, Perotti y Capitanich, hasta los reelectos Quintela, Jalil, Melella y Ziliotto. Fuera del peronismo sum\u00f3 a los electos gobernadores de Neuqu\u00e9n, Rolo Figueroa, y de R\u00edo Negro, Alberto Weretilneck, dos l\u00edderes de partidos provinciales que derrotaron al peronismo en sus distritos.<\/p>\n<p><b>Para este balotaje, Massa agreg\u00f3 a la idea de ir hacia \u201cun gobierno de unidad nacional\u201d<\/b> a peronistas ajenos a UP como Natalia de la Sota, Alejandro \u201cTopo\u201d Rodr\u00edguez , el exgobernador de Salta, Juan Manuel Urtubey, y Roberto Lavagna.<\/p>\n<p>Consigui\u00f3 el apoyo del Partido Socialista. El exministro de Macri, Pablo Avelluto, fue la voz m\u00e1s importante de JxC, en tomar una direcci\u00f3n contraria a Macri y Bullrich. Horacio Rodr\u00edguez Larreta se proclam\u00f3 neutral, pero dej\u00f3 trascender diferencias insalvables con las propuestas de Milei.<\/p>\n<figure><picture><img alt=\"Sergio Massa, el socio minoritario del peronismo y el kirchnerismo que se qued\u00f3 con todo.\" class=\" block \" src=\"http:\/\/latecordoba.com\/wp-content\/uploads\/2023\/11\/sergio-massa-el-socio-minoritario-del-peronismo-y-el-kirchnerismo-que-se-quedo-con-todo-2.jpg\" sizes=\"auto\" loading=\"lazy\" data-src=\"http:\/\/latecordoba.com\/wp-content\/uploads\/2023\/11\/sergio-massa-el-socio-minoritario-del-peronismo-y-el-kirchnerismo-que-se-quedo-con-todo-2.jpg\" width=\"1023px\" fetchpriority=\"low\" decoding=\"async\" height=\"682px\"><\/picture><figcaption class>Sergio Massa, el socio minoritario del peronismo y el kirchnerismo que se qued\u00f3 con todo. Foto: Gentileza<\/figcaption><\/figure>\n<p>Los hist\u00f3ricos alfonsinistas Federico Storani, Enrique \u201cCoti\u201d Nosiglia, Juan Manuel Casella y Luis \u201cChangui\u201d C\u00e1ceres rompieron la neutralidad proclamada por la UCR. El titular partidario, Gerardo Morales, si bien no llam\u00f3 a votar por Massa, advirti\u00f3 que a Jujuy le resultar\u00eda imposible pagar los salarios de sus estatales y cumplir otros compromisos p\u00fablicos con Milei como presidente, posici\u00f3n aplaudida por sus pares peronistas.<\/p>\n<p>Emilio Monz\u00f3 y Nicol\u00e1s Massot se sumaron desde el peronismo de JxC. Margarita Stolbizer, desde el progresismo. Graciela Fern\u00e1ndez Meijide y el editor Jorge Fontevecchia hicieron p\u00fablico su voto a Massa.<\/p>\n","protected":false},"excerpt":{"rendered":"<p>Sergio Tom\u00e1s Massa, 51 a\u00f1os, nacido en San Mart\u00edn, en el conurbano bonaerense, est\u00e1 convencido de que puede romper una marca en el pa\u00eds: nunca un ministro de Econom\u00eda lleg\u00f3 a presidente, pese a que varios lo intentaron despu\u00e9s de haber abandonado el cargo. El 4 de agosto de 2022, Massa asumi\u00f3 el ministerio de [&hellip;]<\/p>\n","protected":false},"author":1,"featured_media":18334,"comment_status":"closed","ping_status":"closed","sticky":false,"template":"","format":"standard","meta":[],"categories":[15],"tags":[],"_links":{"self":[{"href":"https:\/\/latecordoba.com\/index.php\/wp-json\/wp\/v2\/posts\/18333"}],"collection":[{"href":"https:\/\/latecordoba.com\/index.php\/wp-json\/wp\/v2\/posts"}],"about":[{"href":"https:\/\/latecordoba.com\/index.php\/wp-json\/wp\/v2\/types\/post"}],"author":[{"embeddable":true,"href":"https:\/\/latecordoba.com\/index.php\/wp-json\/wp\/v2\/users\/1"}],"replies":[{"embeddable":true,"href":"https:\/\/latecordoba.com\/index.php\/wp-json\/wp\/v2\/comments?post=18333"}],"version-history":[{"count":0,"href":"https:\/\/latecordoba.com\/index.php\/wp-json\/wp\/v2\/posts\/18333\/revisions"}],"wp:featuredmedia":[{"embeddable":true,"href":"https:\/\/latecordoba.com\/index.php\/wp-json\/wp\/v2\/media\/18334"}],"wp:attachment":[{"href":"https:\/\/latecordoba.com\/index.php\/wp-json\/wp\/v2\/media?parent=18333"}],"wp:term":[{"taxonomy":"category","embeddable":true,"href":"https:\/\/latecordoba.com\/index.php\/wp-json\/wp\/v2\/categories?post=18333"},{"taxonomy":"post_tag","embeddable":true,"href":"https:\/\/latecordoba.com\/index.php\/wp-json\/wp\/v2\/tags?post=18333"}],"curies":[{"name":"wp","href":"https:\/\/api.w.org\/{rel}","templated":true}]}}