{"id":18327,"date":"2023-11-17T19:59:27","date_gmt":"2023-11-17T19:59:27","guid":{"rendered":"https:\/\/www.eldiariodeturismo.com.ar\/?p=239157"},"modified":"2023-11-17T19:59:27","modified_gmt":"2023-11-17T19:59:27","slug":"messe-frankfurt-argentina-celebro-sus-20-anos-como-lider-de-turismo-de-reuniones-en-la-region","status":"publish","type":"post","link":"https:\/\/latecordoba.com\/index.php\/2023\/11\/17\/messe-frankfurt-argentina-celebro-sus-20-anos-como-lider-de-turismo-de-reuniones-en-la-region\/","title":{"rendered":"Messe Frankfurt Argentina celebr\u00f3 sus 20 a\u00f1os como l\u00edder de turismo de reuniones en la regi\u00f3n"},"content":{"rendered":"<br \/>\n<h5 class=\"MsoNormal\"><span lang=\"ES-AR\"><strong>&nbsp;<\/strong><b><i><strong>La organizadora de eventos filial de Messe Frankfurt GmbH, uno de los mayores organizadores de exposiciones profesionales del mundo, celebr\u00f3 su vig\u00e9simo aniversario en el pa\u00eds con una cena junto a referentes de m\u00faltiples sectores.<\/strong><u><\/u><u><\/u><\/i><\/b><\/span><\/h5>\n<h4><\/h4>\n<p class=\"MsoNormal\"><b><i><span lang=\"ES-AR\"><u><\/u> <img loading=\"lazy\" decoding=\"async\" class=\"aligncenter wp-image-239161 size-full\" src=\"http:\/\/latecordoba.com\/wp-content\/uploads\/2023\/11\/messe-frankfurt-argentina-celebro-sus-20-anos-como-lider-de-turismo-de-reuniones-en-la-region.jpg\" alt width=\"500\" height=\"333\" srcset=\"http:\/\/latecordoba.com\/wp-content\/uploads\/2023\/11\/messe-frankfurt-argentina-celebro-sus-20-anos-como-lider-de-turismo-de-reuniones-en-la-region.jpg 500w, https:\/\/www.eldiariodeturismo.com.ar\/wp-content\/uploads\/2023\/11\/Messe-Frankfurt-Arg-celebro-sus-20-anos-4-300x200.jpeg 300w\" sizes=\"(max-width: 500px) 100vw, 500px\"><u><\/u><\/span><\/i><\/b><\/p>\n<h6><\/h6>\n<p class=\"MsoNormal\"><span lang=\"ES-AR\">Messe Frankfurt posee una red global formada por 28 filiales y tiene presencia en m\u00e1s de 150 pa\u00edses. Desde 2003, Messe Frankfurt Argentina es la subsidiaria referente de Sudam\u00e9rica, con operaciones en los mercados de Bolivia, Brasil, Chile, Paraguay y Uruguay.<u><\/u><u><\/u><\/span><\/p>\n<p class=\"MsoNormal\"><b><i><span lang=\"ES-AR\"><u><\/u>&nbsp;<u><\/u><\/span><\/i><\/b><\/p>\n<p class=\"MsoNormal\"><span lang=\"ES-AR\">En el marco del festejo se realiz\u00f3 una cena junto a sus socios, c\u00e1maras empresariales, prensa, proveedores, colegas y directivos de la casa matriz. A lo largo de la celebraci\u00f3n se destacaron diferentes momentos que dieron muestra del crecimiento de la empresa dentro del rubro, tanto por la cantidad de eventos organizados como por la extensi\u00f3n del espacio dedicado a sus expositores, la fuerza de los v\u00ednculos generados en este tiempo y la experticia y calidez de quienes forman parte de su equipo de trabajo.<u><\/u><u><\/u><\/span><\/p>\n<p class=\"MsoNormal\"><span lang=\"ES-AR\"><u><\/u>&nbsp;<u><\/u><\/span><\/p>\n<p class=\"MsoNormal\"><span lang=\"ES-AR\">El&nbsp;<b>Presidente y CEO de Messe Frankfurt Argentina, Fernando Gorbar\u00e1n<\/b>, expres\u00f3: \u201cEmoci\u00f3n y orgullo creo que son dos sensaciones que resumen el esp\u00edritu de esta celebraci\u00f3n. A lo largo de estos 20 a\u00f1os, fuimos testigos y parte de la transformaci\u00f3n y el crecimiento de una industria que tiene una fortaleza implacable para adecuarse, reinventarse y seguir a la vanguardia de las necesidades de los actores que la integran\u201d.&nbsp;<u><\/u><u><\/u><\/span><span lang=\"ES-AR\">Y agreg\u00f3: \u201cCreemos en los proyectos, en la gente que los conforma e invertimos en ellos. Trabajar bajo estas premisas fundacionales es la raz\u00f3n por la cual nuestros socios conf\u00edan en Messe Frankfurt Argentina y la visi\u00f3n compartida que nos permite como organizaci\u00f3n, depositar esa misma confianza en cada uno de nuestros proveedores, que son estrat\u00e9gicos y hoy est\u00e1n sentados aqu\u00ed celebrando con nosotros. Definitivamente, nuestro equipo de trabajo es nuestro valor m\u00e1s preciado. El esfuerzo conjunto, la adaptaci\u00f3n permanente, la innovaci\u00f3n y el profesionalismo son la sinergia que impulsa cada uno de nuestros proyectos\u201d.<\/span><u><\/u><u><\/u><\/p>\n<p><img loading=\"lazy\" decoding=\"async\" class=\"aligncenter wp-image-239163 size-full\" src=\"http:\/\/latecordoba.com\/wp-content\/uploads\/2023\/11\/messe-frankfurt-argentina-celebro-sus-20-anos-como-lider-de-turismo-de-reuniones-en-la-region-1.jpg\" alt width=\"500\" height=\"333\" srcset=\"http:\/\/latecordoba.com\/wp-content\/uploads\/2023\/11\/messe-frankfurt-argentina-celebro-sus-20-anos-como-lider-de-turismo-de-reuniones-en-la-region-3.jpg 500w, https:\/\/www.eldiariodeturismo.com.ar\/wp-content\/uploads\/2023\/11\/Messe-Frankfurt-Arg-celebro-sus-20-anos-2-300x200.jpeg 300w\" sizes=\"(max-width: 500px) 100vw, 500px\"><\/p>\n<h6 class=\"MsoNormal\"><span lang=\"ES-AR\"><u><\/u>&nbsp;<u><\/u><\/span><\/h6>\n<p class=\"MsoNormal\"><span lang=\"ES-AR\">A su vez,&nbsp;<b>el miembro del Directorio de Messe Frankfurt GmbH, Detlef Braun<\/b>, se\u00f1al\u00f3: \u201c20 a\u00f1os de \u00e9xito son el resultado de 20 a\u00f1os de trabajo, determinaci\u00f3n, persistencia y pasi\u00f3n por las personas, los socios y nuestro negocio. La clave del \u00e9xito no es solo la infraestructura, nuestra red global y el conocimiento de la industria, sino tambi\u00e9n el deseo del encuentro cara a cara. Est\u00e1 en nuestro ADN y es el n\u00facleo de todos nuestros eventos, ferias y congresos: encuentros presenciales que ni siquiera una pandemia pudo destruir, las personas quieren encontrarse personalmente. Desde Frankfurt hasta Par\u00eds, Dubai, Estambul, Nueva York, Ciudad de M\u00e9xico, Shanghai o Hong Kong, en todas partes se encuentran expositores y visitantes de Argentina representando su pa\u00eds. El equipo de trabajo en Argentina siempre nos sorprende y supera permanentemente las expectativas y objetivos propuestos\u201d.<u><\/u><u><\/u><\/span><\/p>\n<p class=\"MsoNormal\"><span lang=\"ES-AR\">En su turno, la&nbsp;<\/span><b><span lang=\"ES-MX\">Secretar\u00eda de Promoci\u00f3n Turi\u00ecstica de la Nacio\u00ecn, Yanina Martinez,&nbsp;<\/span><\/b><span lang=\"ES-MX\">agradeci\u00f3 que Messe Frankfurt GmbH haya elegido Argentina durante estos 20 a\u00f1os: \u201cTrabajamos para acompa\u00f1ar al sector de turismo de reuniones que tiene un valor enorme. Esto se puede ver por la cantidad de sectores y c\u00e1maras que acompa\u00f1an hoy en la celebraci\u00f3n, ya que representa un beneficio en cada una de las econom\u00edas regionales. Creemos que podemos seguir invirtiendo y trabajando juntos en esta virtuosa articulaci\u00f3n p\u00fablico-privada para potenciar el crecimiento y el desarrollo que necesitamos para la Argentina\u201d.<u><\/u><u><\/u><\/span><\/p>\n<p class=\"MsoNormal\"><span lang=\"ES-AR\"><u><\/u>&nbsp;<u><\/u><\/span><\/p>\n<p class=\"MsoNormal\"><span lang=\"ES-AR\">Por su parte,<b>&nbsp;el Presidente del Ente de Turismo de la Ciudad de Buenos Aires, Lucas Delfino<\/b>, destac\u00f3: \u00abTrabajamos mucho en el posicionamiento del turismo de reuniones y en este aspecto, Messe Frankfurt Argentina, tiene un rol fundamental y determinante siendo una de las empresas que motoriza el sector. Seguimos creyendo que Argentina tiene un destino y que hay oportunidades de crecimiento en el sector. Nos tiene que dar mucho orgullo, no es solo el sector tur\u00edstico, hoy est\u00e1n presentes una enorme cantidad de asociaciones, c\u00e1maras y entidades de diferentes actividades econ\u00f3micas relevantes en el pa\u00eds y eso remarca el motor econ\u00f3mico que son los eventos para el desarrollo de nuestro pa\u00eds\u201d.<u><\/u><u><\/u><\/span><\/p>\n<h6><\/h6>\n<p class=\"MsoNormal\"><span lang=\"ES-AR\"><u><\/u> <img loading=\"lazy\" decoding=\"async\" class=\"aligncenter wp-image-239162 size-full\" src=\"http:\/\/latecordoba.com\/wp-content\/uploads\/2023\/11\/messe-frankfurt-argentina-celebro-sus-20-anos-como-lider-de-turismo-de-reuniones-en-la-region-2.jpg\" alt width=\"500\" height=\"333\" srcset=\"http:\/\/latecordoba.com\/wp-content\/uploads\/2023\/11\/messe-frankfurt-argentina-celebro-sus-20-anos-como-lider-de-turismo-de-reuniones-en-la-region-4.jpg 500w, https:\/\/www.eldiariodeturismo.com.ar\/wp-content\/uploads\/2023\/11\/Messe-Frankfurt-Arg-celebro-sus-20-anos-10-300x200.jpg 300w\" sizes=\"(max-width: 500px) 100vw, 500px\"><u><\/u><\/span><\/p>\n<h5><\/h5>\n<p class=\"MsoNormal\"><span lang=\"ES-AR\">Desde 2003, Messe Frankfurt Argentina se ha destacado en la realizaci\u00f3n de exposiciones del m\u00e1s alto nivel en sectores relevantes para la industria nacional como petr\u00f3leo, gas, miner\u00eda, autopartista, energ\u00eda, seguridad, tecnolog\u00eda industrial, tecnolog\u00eda alimentaria, movilidad y log\u00edstica, textil, entre otros. A lo largo de su trayectoria ha realizado m\u00e1s de 220 exposiciones, ferias y congresos, trabajando en conjunto con c\u00e1maras sectoriales. En su haber cuentan con m\u00e1s de 20.000 expositores, m\u00e1s de 4 millones de visitantes nacionales e internacionales, utilizando una superficie de 1.541.620 metros cuadrados netos de exposici\u00f3n.<u><\/u><u><\/u><\/span><\/p>\n<p class=\"MsoNormal\"><span lang=\"ES-AR\"><u><\/u>&nbsp;<u><\/u><\/span><\/p>\n<p class=\"MsoNormal\"><span lang=\"ES-AR\">En el marco de la celebraci\u00f3n, se anunci\u00f3 la incorporaci\u00f3n de Hotelga a la cartera de eventos, que realizar\u00e1n a partir del 2024 junto a FEHGRA y AHT. La exposici\u00f3n se suma a la cartera de eventos y exposiciones entre las que se destacan: Automechanika Buenos Aires, BIEL Light + Building Buenos Aires, Emitex, Simatex, Confemaq, ExpoFerretera, ExpoEFI, Intersec Buenos Aires, Sal\u00f3n Moto, Tecno Fidta. Argentina Oil &amp; Gas Expo Buenos Aires, Argentina Oil &amp; Gas Expo Patagonia y Arminera.&nbsp;<\/span><span>Adem\u00e1s, realizan numerosos congresos y eventos especiales para terceros.<\/span><\/p>\n<p>.<\/p>\n<p>FUENTE: <span lang=\"ES-AR\">MAURO &amp; ASOCIADOS<\/span><\/p>\n","protected":false},"excerpt":{"rendered":"<p> \u00a0La organizadora de eventos filial de Messe Frankfurt GmbH, uno de los mayores organizadores de exposiciones profesionales del mundo, celebr\u00f3  <\/p>\n","protected":false},"author":1,"featured_media":18328,"comment_status":"open","ping_status":"closed","sticky":false,"template":"","format":"standard","meta":[],"categories":[19],"tags":[],"_links":{"self":[{"href":"https:\/\/latecordoba.com\/index.php\/wp-json\/wp\/v2\/posts\/18327"}],"collection":[{"href":"https:\/\/latecordoba.com\/index.php\/wp-json\/wp\/v2\/posts"}],"about":[{"href":"https:\/\/latecordoba.com\/index.php\/wp-json\/wp\/v2\/types\/post"}],"author":[{"embeddable":true,"href":"https:\/\/latecordoba.com\/index.php\/wp-json\/wp\/v2\/users\/1"}],"replies":[{"embeddable":true,"href":"https:\/\/latecordoba.com\/index.php\/wp-json\/wp\/v2\/comments?post=18327"}],"version-history":[{"count":0,"href":"https:\/\/latecordoba.com\/index.php\/wp-json\/wp\/v2\/posts\/18327\/revisions"}],"wp:featuredmedia":[{"embeddable":true,"href":"https:\/\/latecordoba.com\/index.php\/wp-json\/wp\/v2\/media\/18328"}],"wp:attachment":[{"href":"https:\/\/latecordoba.com\/index.php\/wp-json\/wp\/v2\/media?parent=18327"}],"wp:term":[{"taxonomy":"category","embeddable":true,"href":"https:\/\/latecordoba.com\/index.php\/wp-json\/wp\/v2\/categories?post=18327"},{"taxonomy":"post_tag","embeddable":true,"href":"https:\/\/latecordoba.com\/index.php\/wp-json\/wp\/v2\/tags?post=18327"}],"curies":[{"name":"wp","href":"https:\/\/api.w.org\/{rel}","templated":true}]}}