{"id":18325,"date":"2023-11-18T11:18:27","date_gmt":"2023-11-18T11:18:27","guid":{"rendered":"https:\/\/www.diariocronica.com.ar\/noticias\/2023\/11\/18\/89119-las-formativas-en-cuatro-gimnasios"},"modified":"2023-11-18T11:18:27","modified_gmt":"2023-11-18T11:18:27","slug":"las-formativas-en-cuatro-gimnasios","status":"publish","type":"post","link":"https:\/\/latecordoba.com\/index.php\/2023\/11\/18\/las-formativas-en-cuatro-gimnasios\/","title":{"rendered":"Las formativas en cuatro gimnasios"},"content":{"rendered":"\n<div class=\"media_block\"><a href=\"http:\/\/latecordoba.com\/wp-content\/uploads\/2023\/11\/las-formativas-en-cuatro-gimnasios.jpg\"><img decoding=\"async\" src=\"http:\/\/latecordoba.com\/wp-content\/uploads\/2023\/11\/las-formativas-en-cuatro-gimnasios.jpg\" class=\"media_thumbnail\"><\/a><\/div>\n<div><img decoding=\"async\" src=\"http:\/\/latecordoba.com\/wp-content\/uploads\/2023\/11\/las-formativas-en-cuatro-gimnasios-1.jpg\" class=\"ff-og-image-inserted\"><\/div>\n<p>Por el torneo Clausura del b\u00e1squetbol de formativas, hoy habr\u00e1 actividad en cuatro gimnasios desde las 14. En el Sim\u00f3n se cruzar\u00e1n el local Federaci\u00f3n y N\u00e1utico Amarillo, en el Cemento Petroqu\u00edmica recibir\u00e1 a CAI, en N\u00e1utico se medir\u00e1n el local y Truncado y en el Socios Gimnasia ir\u00e1 ante Federaci\u00f3n Bord\u00f3.<\/p>\n<p>Tambi\u00e9n se desarrollar\u00e1 un encuentro de mini en horas de la ma\u00f1ana en el piso del Sim\u00f3n y tambi\u00e9n en el gimnasio del club N\u00e1utico Rada Tilly.<\/p>\n<p>La programaci\u00f3n continuar\u00e1 el lunes con m\u00e1s partidos y que incluye la rama femenina.<\/p>\n<h4>S\u00e1bado<\/h4>\n<p>Encuentros de mini<br \/>En el Diego Sim\u00f3n<br \/>09:00 Mini Federaci\u00f3n Bord\u00f3 &#8211; N\u00e1utico Amarillo<br \/>10:00 Premini Federaci\u00f3n Bord\u00f3 &#8211; N\u00e1utico Amarillo<br \/>11:00 Cebollita Federaci\u00f3n Bord\u00f3 &#8211; N\u00e1utico Amarillo<br \/>En N\u00e1utico<br \/>11:00 Mini N\u00e1utico Negro &#8211; Federaci\u00f3n Blanco<br \/>12:00 Premini N\u00e1utico Negro &#8211; Federaci\u00f3n Blanco<\/p>\n<h4>Programaci\u00f3n<\/h4>\n<p>En el Diego Sim\u00f3n, femenino<br \/>14:00 U\u201312 N\u00e1utico Amarillo &#8211; Federaci\u00f3n<br \/>16:00 U\u201315 N\u00e1utico Amarillo &#8211; Federaci\u00f3n<br \/>18:00 U\u201313 N\u00e1utico Amarillo &#8211; Federaci\u00f3n<br \/>20:00 U\u201317 N\u00e1utico Amarillo &#8211; Federaci\u00f3n<br \/>En el Cemento Comodoro<br \/>14:00 U\u201313 Petroqu\u00edmica &#8211; CAI<br \/>16:00 U\u201312 Petroqu\u00edmica &#8211; CAI<br \/>18:00 U\u201315 Petroqu\u00edmica &#8211; CAI<br \/>En N\u00e1utico<br \/>14:00 U\u201315 Escuela de Pico Truncado &#8211; N\u00e1utico Amarillo <br \/>16:00 U\u201313 Escuela de Pico Truncado &#8211; N\u00e1utico Amarillo <br \/>18:00 U\u201317 Escuela de Pico Truncado &#8211; N\u00e1utico Amarillo <br \/>En el Socios Fundadores<br \/>14:00 U\u201312 Gimnasia Verde &#8211; Federaci\u00f3n Bord\u00f3<br \/>16:00 U\u201315 Gimnasia Verde &#8211; Federaci\u00f3n Bord\u00f3<br \/>18:00 U\u201313 Gimnasia Verde &#8211; Federaci\u00f3n Bord\u00f3<br \/>Lunes<br \/>En N\u00e1utico<br \/>10:00 U\u201312 N\u00e1utico Amarillo &#8211; Gimnasia Blanco<br \/>12:00 U\u201315 N\u00e1utico Amarillo &#8211; Gimnasia Blanco<br \/>14:00 U\u201313 N\u00e1utico Amarillo &#8211; Gimnasia Blanco<br \/>16:00 U\u201317 N\u00e1utico Amarillo &#8211; Gimnasia Blanco<br \/>En el Diego Sim\u00f3n, femenino<br \/>10:00 U\u201312 Federaci\u00f3n &#8211; Petroqu\u00edmica<br \/>12:00 U\u201315 Federaci\u00f3n &#8211; Petroqu\u00edmica <br \/>14:00 U\u201313 Federaci\u00f3n &#8211; Petroqu\u00edmica <br \/>16:00 U\u201317 Federaci\u00f3n &#8211; Petroqu\u00edmica <br \/>18:00 U\u201321 Federaci\u00f3n vs Petroqu\u00edmica<br \/>En el Socios Fundadores, femenino<br \/>12:00 U\u201315 Gimnasia &#8211; Escuela de Truncado <br \/>14:00 U\u201313 Gimnasia &#8211; Escuela de Truncado<br \/>16:00 U\u201317 Gimnasia &#8211; Escuela de Truncado<\/p>\n","protected":false},"excerpt":{"rendered":"\n<div class=\"media_block\"><a href=\"http:\/\/latecordoba.com\/wp-content\/uploads\/2023\/11\/las-formativas-en-cuatro-gimnasios.jpg\"><img decoding=\"async\" src=\"http:\/\/latecordoba.com\/wp-content\/uploads\/2023\/11\/las-formativas-en-cuatro-gimnasios.jpg\" class=\"media_thumbnail\"><\/a><\/div>\n<p> Las formativas en cuatro gimnasios  <\/p>\n","protected":false},"author":1,"featured_media":18326,"comment_status":"closed","ping_status":"closed","sticky":false,"template":"","format":"standard","meta":[],"categories":[17],"tags":[],"_links":{"self":[{"href":"https:\/\/latecordoba.com\/index.php\/wp-json\/wp\/v2\/posts\/18325"}],"collection":[{"href":"https:\/\/latecordoba.com\/index.php\/wp-json\/wp\/v2\/posts"}],"about":[{"href":"https:\/\/latecordoba.com\/index.php\/wp-json\/wp\/v2\/types\/post"}],"author":[{"embeddable":true,"href":"https:\/\/latecordoba.com\/index.php\/wp-json\/wp\/v2\/users\/1"}],"replies":[{"embeddable":true,"href":"https:\/\/latecordoba.com\/index.php\/wp-json\/wp\/v2\/comments?post=18325"}],"version-history":[{"count":0,"href":"https:\/\/latecordoba.com\/index.php\/wp-json\/wp\/v2\/posts\/18325\/revisions"}],"wp:featuredmedia":[{"embeddable":true,"href":"https:\/\/latecordoba.com\/index.php\/wp-json\/wp\/v2\/media\/18326"}],"wp:attachment":[{"href":"https:\/\/latecordoba.com\/index.php\/wp-json\/wp\/v2\/media?parent=18325"}],"wp:term":[{"taxonomy":"category","embeddable":true,"href":"https:\/\/latecordoba.com\/index.php\/wp-json\/wp\/v2\/categories?post=18325"},{"taxonomy":"post_tag","embeddable":true,"href":"https:\/\/latecordoba.com\/index.php\/wp-json\/wp\/v2\/tags?post=18325"}],"curies":[{"name":"wp","href":"https:\/\/api.w.org\/{rel}","templated":true}]}}