{"id":18319,"date":"2023-11-18T13:04:00","date_gmt":"2023-11-18T13:04:00","guid":{"rendered":"https:\/\/www.iprofesional.com\/economia\/392838-en-imagenes-asi-es-el-primer-avion-electrico-de-argentina"},"modified":"2023-11-18T13:04:00","modified_gmt":"2023-11-18T13:04:00","slug":"en-imagenes-asi-es-el-primer-avion-electrico-de-argentina","status":"publish","type":"post","link":"https:\/\/latecordoba.com\/index.php\/2023\/11\/18\/en-imagenes-asi-es-el-primer-avion-electrico-de-argentina\/","title":{"rendered":"En im\u00e1genes: as\u00ed es el primer avi\u00f3n el\u00e9ctrico de Argentina"},"content":{"rendered":"\n<div class=\"media_block\"><img decoding=\"async\" src=\"http:\/\/latecordoba.com\/wp-content\/uploads\/2023\/11\/en-imagenes-asi-es-el-primer-avion-electrico-de-argentina.png\"><\/div>\n<header class=\"article-top\" readability=\"26\">\n<p> La UNLP trabaja junto a una empresa privada para desarrollar un avi\u00f3n el\u00e9ctrico que funcionar\u00e1 con bater\u00edas de litio. Puede transportar a dos personas <\/p>\n<p>Por <strong>iProfesional<\/strong><\/p>\n<p><strong>18\/11\/2023<\/strong> &#8211; 10:04hs<\/p>\n<div class=\"image-container img-wide padding-b\"> <picture><source media=\"(min-width:650px)\" srcset=\"http:\/\/latecordoba.com\/wp-content\/uploads\/2023\/11\/en-imagenes-asi-es-el-primer-avion-electrico-de-argentina.webp\" class=\"lazyload\"><source media=\"(min-width:465px)\" srcset=\"http:\/\/latecordoba.com\/wp-content\/uploads\/2023\/11\/en-imagenes-asi-es-el-primer-avion-electrico-de-argentina.webp\" class=\"lazyload\"><img decoding=\"async\" loading=\"lazy\" src=\"http:\/\/latecordoba.com\/wp-content\/uploads\/2023\/11\/en-imagenes-asi-es-el-primer-avion-electrico-de-argentina.webp\" class=\"lazyload\" alt=\"En im\u00e1genes: as\u00ed es el primer avi\u00f3n el\u00e9ctrico de Argentina\" width=\"160\" height=\"714px\"> <\/picture> <\/div>\n<\/header>\n<div class=\"article-content full padding-lr\" readability=\"29.961439588689\">\n<p>La Facultad de Ingenier\u00eda de la Universidad Nacional de La Plata (UNLP) avanza en la construcci\u00f3n del primer avi\u00f3n el\u00e9ctrico de Argentina. Este prototipo es desarrollado por profesionales locales y una empresa privada de General Rodr\u00edguez, que usar\u00e1 bater\u00edas de litio de la regi\u00f3n.\n<\/p>\n<p><strong><a href=\"https:\/\/economiasustentable.com\/noticias\/en-imagenes-asi-es-el-primer-avion-electrico-de-argentina\" target=\"_blank\" rel=\"external noopener noreferrer\">Le\u00e9 la nota completa en Econom\u00eda Sustentable<\/a><\/strong>&nbsp;<\/p>\n<\/p><\/div>\n","protected":false},"excerpt":{"rendered":"\n<div class=\"media_block\"><img decoding=\"async\" src=\"http:\/\/latecordoba.com\/wp-content\/uploads\/2023\/11\/en-imagenes-asi-es-el-primer-avion-electrico-de-argentina.png\"><\/div>\n<p> La UNLP trabaja junto a una empresa privada para desarrollar un avi\u00f3n el\u00e9ctrico que funcionar\u00e1 con bater\u00edas de litio. Puede transportar a dos personas <iframe width=\"0\" height=\"0\" border=\"0\"> <script> (function(i,s,o,g,r,a,m){i['GoogleAnalyticsObject']=r;i[r]=i[r]||function(){ (i[r].q=i[r].q||[]).push(arguments)},i[r].l=1*new Date();a=s.createElement(o), m=s.getElementsByTagName(o)[0];a.async=1;a.src=g;m.parentNode.insertBefore(a,m) })(window,document,'script','https:\/\/www.google-analytics.com\/analytics.js','ga'); ga('create', 'GTM-5LW5KQD', 'auto'); ga('require', 'displayfeatures'); ga('set', 'campaignSource', 'RSS Client for iProfesional'); ga('set', 'campaignMedium', 'RSS Client for iProfesional'); ga('set', {\"dataSource\": \"rss.atom.iprofesional.com\"}); ga('set', {\"referrer\": \"rss.atom.iprofesional.com\"}); ga('set', 'title', 'RSS Client for iProfesional'); ga('send', 'pageview'); <\/script> <!-- Begin comScore Tag --> <script> var _comscore = _comscore || []; _comscore.push({ c1: \"2\", c2: \"16597048\" }); (function() { var s = document.createElement(\"script\"), el = document.getElementsByTagName(\"script\")[0]; s.async = true; s.src = \"https:\/\/sb.scorecardresearch.com\/cs\/16597048\/beacon.js\"; el.parentNode.insertBefore(s, el); })(); <\/script> <noscript> <img decoding=\"async\" src=\"http:\/\/latecordoba.com\/wp-content\/uploads\/2023\/11\/en-imagenes-asi-es-el-primer-avion-electrico-de-argentina.gif\"> <\/noscript> <!-- End comScore Tag --> <\/iframe> <iframe border=\"0px\" style=\"display: none\" width=0 height=0 src=\"https:\/\/www.iprofesional.com\/ga4.html?gtag_id=G-N13KWJP8BK&amp;title=En im\u00e1genes: as\u00ed es el primer avi\u00f3n el\u00e9ctrico de Argentina&amp;location=https:\/\/www.iprofesional.com\/economia\/392838-en-imagenes-asi-es-el-primer-avion-electrico-de-argentina&amp;referrer=rss.atom.iprofesional.com&amp;ci=RSS Client for iProfesional&amp;cs=RSS Client for iProfesional&amp;cm=RSS&amp;cn=RSS Client for iProfesional&amp;cc=RSS Client for iProfesional\"><\/iframe>  <\/p>\n","protected":false},"author":1,"featured_media":18320,"comment_status":"closed","ping_status":"closed","sticky":false,"template":"","format":"standard","meta":[],"categories":[18],"tags":[],"_links":{"self":[{"href":"https:\/\/latecordoba.com\/index.php\/wp-json\/wp\/v2\/posts\/18319"}],"collection":[{"href":"https:\/\/latecordoba.com\/index.php\/wp-json\/wp\/v2\/posts"}],"about":[{"href":"https:\/\/latecordoba.com\/index.php\/wp-json\/wp\/v2\/types\/post"}],"author":[{"embeddable":true,"href":"https:\/\/latecordoba.com\/index.php\/wp-json\/wp\/v2\/users\/1"}],"replies":[{"embeddable":true,"href":"https:\/\/latecordoba.com\/index.php\/wp-json\/wp\/v2\/comments?post=18319"}],"version-history":[{"count":0,"href":"https:\/\/latecordoba.com\/index.php\/wp-json\/wp\/v2\/posts\/18319\/revisions"}],"wp:featuredmedia":[{"embeddable":true,"href":"https:\/\/latecordoba.com\/index.php\/wp-json\/wp\/v2\/media\/18320"}],"wp:attachment":[{"href":"https:\/\/latecordoba.com\/index.php\/wp-json\/wp\/v2\/media?parent=18319"}],"wp:term":[{"taxonomy":"category","embeddable":true,"href":"https:\/\/latecordoba.com\/index.php\/wp-json\/wp\/v2\/categories?post=18319"},{"taxonomy":"post_tag","embeddable":true,"href":"https:\/\/latecordoba.com\/index.php\/wp-json\/wp\/v2\/tags?post=18319"}],"curies":[{"name":"wp","href":"https:\/\/api.w.org\/{rel}","templated":true}]}}