{"id":18315,"date":"2023-11-18T03:06:43","date_gmt":"2023-11-18T03:06:43","guid":{"rendered":"http:\/\/215b217ad8d494062d1d8b61ee000da3"},"modified":"2023-11-18T03:06:43","modified_gmt":"2023-11-18T03:06:43","slug":"massa-puso-en-duda-la-continuidad-del-juicio-a-la-corte","status":"publish","type":"post","link":"https:\/\/latecordoba.com\/index.php\/2023\/11\/18\/massa-puso-en-duda-la-continuidad-del-juicio-a-la-corte\/","title":{"rendered":"Massa puso en duda la continuidad del juicio a la Corte"},"content":{"rendered":"\n<div class=\"media_block\"><img decoding=\"async\" src=\"http:\/\/latecordoba.com\/wp-content\/uploads\/2023\/11\/massa-puso-en-duda-la-continuidad-del-juicio-a-la-corte.jpg\"><\/div>\n<div><img decoding=\"async\" src=\"http:\/\/latecordoba.com\/wp-content\/uploads\/2023\/11\/massa-puso-en-duda-la-continuidad-del-juicio-a-la-corte-1.jpg\" class=\"ff-og-image-inserted\"><\/div>\n<div id=\"vsmcontent\" readability=\"80.551132463967\">\n<p>Sergio Massa puso en duda la continuidad del juicio pol\u00edtico a la Corte Suprema que impuls\u00f3 el kirchnerismo durante todo el a\u00f1o.<\/p>\n<p>En una entrevista con el periodista Daniel Malnatti, que lo acompa\u00f1\u00f3 durante una recorrida en el tramo final de la campa\u00f1a, el ministro de Econom\u00eda expres\u00f3 con una mueca evidente que el juicio podr\u00eda no continuar si es electo presidente.<\/p>\n<p><a href=\"https:\/\/www.lapoliticaonline.com\/congreso\/massa-logra-diferir-el-dictamen-de-juicio-politico-a-la-corte-para-despues-del-ballotage\/\" target=\"_blank\" rel=\"noopener\">LPO anticip\u00f3 <\/a>que Massa logr\u00f3 que el kirchnerismo acepte postergar para despu\u00e9s del ballotage el dictamen de la comisi\u00f3n de juicio pol\u00edtico a la Corte que trata el tema en la C\u00e1mara de Diputados desde principios de a\u00f1o.<\/p>\n<p>Fue una manera de bajar la tensi\u00f3n con los supremos, que <a href=\"https:\/\/www.lapoliticaonline.com\/politica\/en-la-justicia-advierten-que-si-milei-impugna-el-resultado-define-la-corte-como-en-bush-al-gore\/\" target=\"_blank\" rel=\"noopener\">como adelant\u00f3 este medio<\/a>, pueden ser claves en la resoluci\u00f3n del ballotage si Javier Milei impugna el resultado. <\/p>\n<p><a href=\"https:\/\/www.lapoliticaonline.com\/tools\/redirect.php?t=3&amp;i=273381&amp;s=8b5a3fb7417663594550907b9793a655\" target=\"_blank\" class=\"link-type-content content-type-noticia-ar\" rel=\"noopener\">Massa logr\u00f3 que el kirchnerismo acepte postergar el juicio a la Corte<\/a><\/p>\n<p>Se trata de un escenario que es estudiado en la Justicia ante la serie de denuncias que viene haciendo el espacio del libertario por un supuesto fraude que los propios colaboradores de Milei luego desestiman.<\/p>\n<p>Los gestos cruzados de Massa con Horacio Rosatti, presidente de la Corte, fueron evidentes en las \u00faltimas semanas. Rosatti cuestion\u00f3 la dolarizaci\u00f3n que quiere implementar Milei y tambi\u00e9n cruz\u00f3 al libertario de manera evidente por sus elogios a Margaret Thatcher en el debate presidencial. &#8220;No se puede decir cualquier cosa de Malvinas&#8221;, dijo el presidente de la Corte.&nbsp;<\/p>\n<\/div>\n<p><strong>Copyright La Politica Online SA 2023.<\/strong><br \/>Por favor no corte ni pegue en la web nuestras notas, tiene la posibilidad de redistribuirlas usando nuestras herramientas.<\/p>\n","protected":false},"excerpt":{"rendered":"\n<div class=\"media_block\"><img decoding=\"async\" src=\"http:\/\/latecordoba.com\/wp-content\/uploads\/2023\/11\/massa-puso-en-duda-la-continuidad-del-juicio-a-la-corte.jpg\"><\/div>\n<p>El ministro ya hab\u00eda logrado posponer el dictamen para luego del ballotage. El M\u00e1ximo Tribunal puede ser clave para la definici\u00f3n del resultado.  <\/p>\n","protected":false},"author":1,"featured_media":18316,"comment_status":"closed","ping_status":"closed","sticky":false,"template":"","format":"standard","meta":[],"categories":[18],"tags":[],"_links":{"self":[{"href":"https:\/\/latecordoba.com\/index.php\/wp-json\/wp\/v2\/posts\/18315"}],"collection":[{"href":"https:\/\/latecordoba.com\/index.php\/wp-json\/wp\/v2\/posts"}],"about":[{"href":"https:\/\/latecordoba.com\/index.php\/wp-json\/wp\/v2\/types\/post"}],"author":[{"embeddable":true,"href":"https:\/\/latecordoba.com\/index.php\/wp-json\/wp\/v2\/users\/1"}],"replies":[{"embeddable":true,"href":"https:\/\/latecordoba.com\/index.php\/wp-json\/wp\/v2\/comments?post=18315"}],"version-history":[{"count":0,"href":"https:\/\/latecordoba.com\/index.php\/wp-json\/wp\/v2\/posts\/18315\/revisions"}],"wp:featuredmedia":[{"embeddable":true,"href":"https:\/\/latecordoba.com\/index.php\/wp-json\/wp\/v2\/media\/18316"}],"wp:attachment":[{"href":"https:\/\/latecordoba.com\/index.php\/wp-json\/wp\/v2\/media?parent=18315"}],"wp:term":[{"taxonomy":"category","embeddable":true,"href":"https:\/\/latecordoba.com\/index.php\/wp-json\/wp\/v2\/categories?post=18315"},{"taxonomy":"post_tag","embeddable":true,"href":"https:\/\/latecordoba.com\/index.php\/wp-json\/wp\/v2\/tags?post=18315"}],"curies":[{"name":"wp","href":"https:\/\/api.w.org\/{rel}","templated":true}]}}