{"id":18313,"date":"2023-11-16T19:04:09","date_gmt":"2023-11-16T19:04:09","guid":{"rendered":"http:\/\/www.radiourbanasf.com.ar\/?p=18269"},"modified":"2023-11-16T19:04:09","modified_gmt":"2023-11-16T19:04:09","slug":"guasones-y-santiago-motorizado-juntos-en-un-nuevo-single","status":"publish","type":"post","link":"https:\/\/latecordoba.com\/index.php\/2023\/11\/16\/guasones-y-santiago-motorizado-juntos-en-un-nuevo-single\/","title":{"rendered":"Guasones y Santiago Motorizado juntos en un nuevo single"},"content":{"rendered":"\n<div><img decoding=\"async\" src=\"http:\/\/latecordoba.com\/wp-content\/uploads\/2023\/11\/guasones-y-santiago-motorizado-juntos-en-un-nuevo-single.jpg\" class=\"ff-og-image-inserted\"><\/div>\n<p><!-- .share-post --> <!-- WhatsApp Share Button for WordPress: http:\/\/peadig.com\/wordpress-plugins\/whatsapp-share-button\/ --><\/p>\n<h2>La banda argentina de rock nacional se une al l\u00edder de El Mat\u00f3 A Un Polic\u00eda Motorizado para presentar una versi\u00f3n ac\u00fastica de \u201cHay momentos\u201d, un cl\u00e1sico tema de Guasones inclu\u00eddo en un \u00e1lbum del 2008.<\/h2>\n<p>La agrupaci\u00f3n de rock <a href=\"https:\/\/www.cmtv.com.ar\/biografia\/show.php?bnid=1533&amp;banda=Guasones\"><b>Guasones<\/b><\/a>&nbsp;convida a&nbsp;<a href=\"https:\/\/www.cmtv.com.ar\/biografia\/show.php?bnid=3280&amp;banda=Santiago_Motorizado\"><b>Santiago Motorizado&nbsp;<\/b><\/a>a participar del nuevo single ac\u00fastico \u201c<a href=\"https:\/\/www.cmtv.com.ar\/discos_letras\/letra.php?bnid=1533&amp;banda=Guasones&amp;DS_DS=23832&amp;tmid=184549&amp;tema=HAY_MOMENTOS_-_ACUSTICO_(FT._SANTIAGO_MOTORIZADO)\"><b>Hay momentos<\/b><\/a>\u201d, tema incluido en el \u00e1lbum \u201c<a href=\"https:\/\/www.cmtv.com.ar\/discos_letras\/show.php?bnid=1533&amp;banda=Guasones&amp;DS_DS=4423&amp;disco=ESCLAVO\"><b>Esclavo<\/b><\/a>\u201d del a\u00f1o 2008. El mismo se lanza con su videoclip oficial.<\/p>\n<p>Mientras siguen girando tanto a nivel nacional como internacional con destacadas actuaciones en M\u00e9xico y Europa, y luego de hacer bailar a propios y extra\u00f1os con la nueva versi\u00f3n de \u201c<a href=\"https:\/\/www.cmtv.com.ar\/discos_letras\/letra.php?bnid=1533&amp;banda=Guasones&amp;DS_DS=23487&amp;tmid=183486&amp;tema=TAN_DISTINTOS_-_ACUSTICO_(FT._EMI)\"><b>Tan distintos<\/b><\/a>\u201d que cont\u00f3 con la participaci\u00f3n de&nbsp;<b>Emiliano Brancciari&nbsp;<\/b>(<a href=\"https:\/\/www.cmtv.com.ar\/biografia\/show.php?bnid=321&amp;banda=No_Te_Va_Gustar\"><b>NTVG<\/b><\/a>),&nbsp;<b>Guasones<\/b>&nbsp;mete mano y sorprende con la reversi\u00f3n de otro cl\u00e1sico: \u201c<b>Hay momentos<\/b>\u201d. Una versi\u00f3n dram\u00e1tica, melanc\u00f3lica y desesperada que cuenta con la participaci\u00f3n de un vecino ilustre de la ciudad de La Plata:&nbsp;<b>Santiago Motorizado&nbsp;<\/b>(<a href=\"https:\/\/www.cmtv.com.ar\/biografia\/show.php?bnid=2916&amp;banda=El_mato_a_un_policia_motorizado\"><b>El Mat\u00f3 A Un Polic\u00eda Motorizado<\/b><\/a>) quien le aporta su sello y su inconfundible voz haciendo de la propia interpretaci\u00f3n, una canci\u00f3n que tranquilamente podr\u00eda ser de su autor\u00eda.<\/p>\n<p>\u201c<b>Hay momentos<\/b>\u201d fue grabado en Estudio Romaphonic y Mir\u00edfico (La Plata) por Martin Pomares quien tambi\u00e9n se ocup\u00f3 de la mezcla.<\/p>\n<p><!-- WhatsApp Share Button for WordPress: http:\/\/peadig.com\/wordpress-plugins\/whatsapp-share-button\/ -->  <\/p>\n","protected":false},"excerpt":{"rendered":"\n<div style=\"float:right;margin:0 0 20px 20px;\"><img decoding=\"async\" width=\"150\" height=\"150\" src=\"http:\/\/latecordoba.com\/wp-content\/uploads\/2023\/11\/guasones-y-santiago-motorizado-juntos-en-un-nuevo-single-1.jpg\" class=\"attachment-thumbnail size-thumbnail wp-post-image\" alt=\"\" loading=\"lazy\" \/><\/div>\n<p>La banda argentina de rock nacional se une al l\u00edder de El Mat\u00f3 A Un Polic\u00eda Motorizado para presentar una versi\u00f3n ac\u00fastica de &#8220;Hay momentos&#8221;, un cl\u00e1sico tema de Guasones inclu\u00eddo en un \u00e1lbum del 2008. La agrupaci\u00f3n de rock Guasones\u00a0convida a\u00a0Santiago Motorizado\u00a0a participar del nuevo single ac\u00fastico \u201cHay momentos\u201d, tema incluido en el \u00e1lbum &#8230;  <\/p>\n","protected":false},"author":1,"featured_media":18314,"comment_status":"closed","ping_status":"closed","sticky":false,"template":"","format":"standard","meta":[],"categories":[20],"tags":[],"_links":{"self":[{"href":"https:\/\/latecordoba.com\/index.php\/wp-json\/wp\/v2\/posts\/18313"}],"collection":[{"href":"https:\/\/latecordoba.com\/index.php\/wp-json\/wp\/v2\/posts"}],"about":[{"href":"https:\/\/latecordoba.com\/index.php\/wp-json\/wp\/v2\/types\/post"}],"author":[{"embeddable":true,"href":"https:\/\/latecordoba.com\/index.php\/wp-json\/wp\/v2\/users\/1"}],"replies":[{"embeddable":true,"href":"https:\/\/latecordoba.com\/index.php\/wp-json\/wp\/v2\/comments?post=18313"}],"version-history":[{"count":0,"href":"https:\/\/latecordoba.com\/index.php\/wp-json\/wp\/v2\/posts\/18313\/revisions"}],"wp:featuredmedia":[{"embeddable":true,"href":"https:\/\/latecordoba.com\/index.php\/wp-json\/wp\/v2\/media\/18314"}],"wp:attachment":[{"href":"https:\/\/latecordoba.com\/index.php\/wp-json\/wp\/v2\/media?parent=18313"}],"wp:term":[{"taxonomy":"category","embeddable":true,"href":"https:\/\/latecordoba.com\/index.php\/wp-json\/wp\/v2\/categories?post=18313"},{"taxonomy":"post_tag","embeddable":true,"href":"https:\/\/latecordoba.com\/index.php\/wp-json\/wp\/v2\/tags?post=18313"}],"curies":[{"name":"wp","href":"https:\/\/api.w.org\/{rel}","templated":true}]}}