{"id":18309,"date":"2023-11-17T16:19:00","date_gmt":"2023-11-17T16:19:00","guid":{"rendered":"https:\/\/www.puntal.com.ar\/bizarrap\/bizarrap-los-grandes-ganadores-los-latin-grammy-2023-n205347"},"modified":"2023-11-17T16:19:00","modified_gmt":"2023-11-17T16:19:00","slug":"bizarrap-entre-los-grandes-ganadores-de-los-latin-grammy-2023","status":"publish","type":"post","link":"https:\/\/latecordoba.com\/index.php\/2023\/11\/17\/bizarrap-entre-los-grandes-ganadores-de-los-latin-grammy-2023\/","title":{"rendered":"Bizarrap entre los grandes ganadores de los Latin Grammy 2023"},"content":{"rendered":"\n<div><img decoding=\"async\" src=\"http:\/\/latecordoba.com\/wp-content\/uploads\/2023\/11\/bizarrap-entre-los-grandes-ganadores-de-los-latin-grammy-2023.jpg\" class=\"ff-og-image-inserted\"><\/div>\n<p> Shakira, Karol G, Natalia Lafourcade y Bizarrap fueron los m\u00e1ximos ganadores de la noche, con tres galardones cada uno.<\/p>\n<p>Shakira se llev\u00f3 tres Latin Grammys: Mejor canci\u00f3n fusi\u00f3n urbana por &#8220;TQG&#8221;, con Karol G, y mejor canci\u00f3n pop y mejor canci\u00f3n del a\u00f1o por &#8220;Music Session vol. 53&#8221;, que comparte con el productor Bizarrap.<\/p>\n<p>Karol G, por su parte, se llev\u00f3 el galard\u00f3n por \u00c1lbum del a\u00f1o, y Mejor \u00e1lbum de m\u00fasica urbana por &#8220;Ma\u00f1ana ser\u00e1 bonito&#8221;, adem\u00e1s del premio que comparte con Shakira por &#8220;TQG&#8221;.<\/p>\n<p>La mexicana Natalia Lafourcade se llev\u00f3 las categor\u00edas de cantautor por su \u00e1lbum &#8220;De todas las flores&#8221;: Mejor \u00e1lbum cantautor, mejor canci\u00f3n cantautor y grabaci\u00f3n del a\u00f1o.<\/p>\n<p>Por su parte, el productor argentino Bizarrap se llev\u00f3 el gram\u00f3fono a Mejor canci\u00f3n urbana, por su colaboraci\u00f3n con Quevedo en &#8220;Music Session vol. 52&#8221;, y los que comparte con Shakira a Mejor canci\u00f3n pop y Mejor canci\u00f3n del a\u00f1o por &#8220;Music Session vol. 53&#8221;.<\/p>\n<p>Estos son algunos de los premios m\u00e1s destacados:<\/p>\n<p><strong>\u00c1lbum del a\u00f1o<\/strong><\/p>\n<p>&#8220;Ma\u00f1ana ser\u00e1 bonito&#8221;<\/p>\n<p>Karol G<\/p>\n<p><strong>Canci\u00f3n del a\u00f1o<\/strong><\/p>\n<p>\u201cShakira: Bzrp Music Sessions, Vol. 53\u201d<\/p>\n<p>Bizarrap Featuring Shakira<\/p>\n<p><strong>Mejor canci\u00f3n pop<\/strong><\/p>\n<p>\u201cShakira: Bzrp Music Sessions, Vol. 53\u201d<\/p>\n<p>Bizarrap Featuring Shakira<\/p>\n<p><strong>Mejor nuevo artista<\/strong><\/p>\n<p>Joaquina<\/p>\n<p><strong>Mejor interpretaci\u00f3n reggaet\u00f3n<\/strong><\/p>\n<p>\u201cLa receta\u201d<\/p>\n<p>Tego Calder\u00f3n<\/p>\n<p><strong>Mejor canci\u00f3n de rap\/hip hop<\/strong><\/p>\n<p>\u201cCoco Chanel\u201d<\/p>\n<p>Eladio Carri\u00f3n &amp; Bad Bunny<\/p>\n<p>Bad Bunny &amp; Eladio Carri\u00f3n, compositores<\/p>\n<p><strong>Mejor \u00e1lbum pop vocal<\/strong><\/p>\n<p>&#8220;Tu historia&#8221;<\/p>\n<p>Julieta Venegas<\/p>\n<p><strong>Mejor fusi\u00f3n\/interpretaci\u00f3n urbana<\/strong><\/p>\n<p>&#8220;TQG&#8221;<\/p>\n<p>Karol G featuring Shakira<\/p>\n<p><strong>Mejor canci\u00f3n urbana<\/strong><\/p>\n<p>&#8220;Quevedo: Bzrp Music Sessions, Vol. 52&#8221;<\/p>\n<p>Santiago Alvarado, Bizarrap, Quevedo &amp; ZECCA, compositores (Bizarrap Featuring Quevedo)<\/p>\n<p><strong>Mejor \u00e1lbum de m\u00fasica flamenca<\/strong><\/p>\n<p>&#8220;Camino&#8221;<\/p>\n<p>Ni\u00f1a Pastori<\/p>\n<p><strong>Mejor \u00e1lbum cantautor<\/strong><\/p>\n<p>&#8220;De todas las flores&#8221;<\/p>\n<p>Natalia Lafourcade<\/p>\n<p><strong>Mejor canci\u00f3n cantautor<\/strong><\/p>\n<p>&#8220;De todas las flores&#8221;<\/p>\n<p>Natalia Lafourcade<\/p>\n<p><strong>Mejor video musical versi\u00f3n larga<\/strong><\/p>\n<p>&#8220;Camilo: El primer tour de mi vida&#8221;<\/p>\n<p>Camilo<\/p>\n<p><strong>Mejor \u00e1lbum de cumbia\/vallenato<\/strong><\/p>\n<p>&#8220;Escalona Nunca Se Hab\u00eda Grabado As\u00ed&#8221;<\/p>\n<p>Carlos Vives<\/p>\n<p><strong>Mejor \u00e1lbum vocal pop tradicional<\/strong><\/p>\n<p>&#8220;D\u00e9cimo Cuarto&#8221;<\/p>\n<p>Andr\u00e9s Cepeda<\/p>\n<p><strong>Mejor \u00e1lbum de m\u00fasica alternativa<\/strong><\/p>\n<p>&#8220;Bolero Apocal\u00edptico&#8221;<\/p>\n<p>Monsieur Perin\u00e9<\/p>\n<p class=\"heading larva \/\/ a-font-primary-bold-xl \"><strong>Mejor \u00e1lbum de m\u00fasica urbana<\/strong><\/p>\n<p>&#8220;Ma\u00f1ana ser\u00e1 bonito&#8221;<\/p>\n<p>Karol G<\/p>\n<p><strong>Compositor del a\u00f1o<\/strong><\/p>\n<p>\u00c9dgar Barrera<\/p>\n<p><strong>Mejor \u00e1lbum de rock<\/strong><\/p>\n<p>S\u00f3lo D&#8217; Lira<\/p>\n<p>Molotov<\/p>\n<p><strong>Mejor \u00e1lbum de pop\/rock<\/strong><\/p>\n<p>&#8220;Vida cotidiana&#8221;<\/p>\n<p>Juanes<\/p>\n<p><strong>Mejor canci\u00f3n pop\/rock<\/strong><\/p>\n<p>&#8220;Ojos marrones&#8221;<\/p>\n<p>Lasso<\/p>\n<p><strong>Mejor canci\u00f3n alternativa<\/strong><\/p>\n<p>&#8220;El lado oscuro del coraz\u00f3n&#8221;<\/p>\n<p>Dante Spinetta<\/p>\n<p><strong>Mejor \u00e1lbum de salsa<\/strong><\/p>\n<p>Niche Sinf\u00f3nico<\/p>\n<p>Grupo Niche y Orquesta Sinf\u00f3nica Nacional De Colombia<\/p>\n<p><strong>Mejor \u00e1lbum tropical tradicional<\/strong><\/p>\n<p>Vida<\/p>\n<p>Omara Portuondo<\/p>\n<p><strong>Mejor \u00e1lbum folcl\u00f3rico<\/strong><\/p>\n<p>Camino Al Sol<\/p>\n<p>Vicente Garc\u00eda<\/p>\n<p><strong>Mejor \u00e1lbum de m\u00fasica latina para ni\u00f1os<\/strong><\/p>\n<p>Vamos Al Zoo<\/p>\n<p>Danilo &amp; Chapis<\/p>\n<p><strong>Mejor productor del a\u00f1o <\/strong><\/p>\n<p>\u00c9dgar Barrera<\/p>\n<p><strong>Mejor canci\u00f3n regional mexicana<\/strong><\/p>\n<p>\u201cUn x100to\u201d<\/p>\n<p>Grupo Frontera &amp; Bad Bunny<\/p>\n<p>Bad Bunny, Edgar Barrera, Andr\u00e9s Jael Correa Rios &amp; Mag, compositores<\/p>\n<p><strong>Mejor video musical versi\u00f3n corta<\/strong><\/p>\n<p>&#8220;Est\u00e1s buen\u00edsimo&#8221;<\/p>\n<p>Nathy Peluso<\/p>\n","protected":false},"excerpt":{"rendered":"<p>\nEl argentino obtuvo tres estatuillas, incluida &#8220;Mejor Canci\u00f3n del A\u00f1o&#8221; por &#8220;Music Session vol. 53&#8221; en colaboraci\u00f3n con Shakira.  <\/p>\n","protected":false},"author":1,"featured_media":18310,"comment_status":"closed","ping_status":"closed","sticky":false,"template":"","format":"standard","meta":[],"categories":[14],"tags":[],"_links":{"self":[{"href":"https:\/\/latecordoba.com\/index.php\/wp-json\/wp\/v2\/posts\/18309"}],"collection":[{"href":"https:\/\/latecordoba.com\/index.php\/wp-json\/wp\/v2\/posts"}],"about":[{"href":"https:\/\/latecordoba.com\/index.php\/wp-json\/wp\/v2\/types\/post"}],"author":[{"embeddable":true,"href":"https:\/\/latecordoba.com\/index.php\/wp-json\/wp\/v2\/users\/1"}],"replies":[{"embeddable":true,"href":"https:\/\/latecordoba.com\/index.php\/wp-json\/wp\/v2\/comments?post=18309"}],"version-history":[{"count":0,"href":"https:\/\/latecordoba.com\/index.php\/wp-json\/wp\/v2\/posts\/18309\/revisions"}],"wp:featuredmedia":[{"embeddable":true,"href":"https:\/\/latecordoba.com\/index.php\/wp-json\/wp\/v2\/media\/18310"}],"wp:attachment":[{"href":"https:\/\/latecordoba.com\/index.php\/wp-json\/wp\/v2\/media?parent=18309"}],"wp:term":[{"taxonomy":"category","embeddable":true,"href":"https:\/\/latecordoba.com\/index.php\/wp-json\/wp\/v2\/categories?post=18309"},{"taxonomy":"post_tag","embeddable":true,"href":"https:\/\/latecordoba.com\/index.php\/wp-json\/wp\/v2\/tags?post=18309"}],"curies":[{"name":"wp","href":"https:\/\/api.w.org\/{rel}","templated":true}]}}