{"id":18305,"date":"2023-11-18T09:00:34","date_gmt":"2023-11-18T09:00:34","guid":{"rendered":"https:\/\/viapais.com.ar\/cordoba\/el-clima-en-cordoba-como-estara-el-tiempo-este-18-de-noviembre-seguira-el-calor\/"},"modified":"2023-11-18T09:00:34","modified_gmt":"2023-11-18T09:00:34","slug":"el-clima-en-cordoba-como-estara-el-tiempo-este-18-de-noviembre-seguira-el-calor","status":"publish","type":"post","link":"https:\/\/latecordoba.com\/index.php\/2023\/11\/18\/el-clima-en-cordoba-como-estara-el-tiempo-este-18-de-noviembre-seguira-el-calor\/","title":{"rendered":"El clima en C\u00f3rdoba: c\u00f3mo estar\u00e1 el tiempo este 18 de noviembre; \u00bfseguir\u00e1 el calor?"},"content":{"rendered":"<br \/>\n<section readability=\"15.701098901099\">\n<p>Tras un<a href=\"https:\/\/viapais.com.ar\/cordoba\/el-clima-en-cordoba-como-estara-el-tiempo-este-viernes-17-de-noviembre-con-mas-lluvias\/\" target=\"_blank\" rel=\"noopener\"> <b>viernes con calor y ventoso,<\/b> <\/a>lo que aumenta a extremo el riesgo de <a href=\"https:\/\/viapais.com.ar\/cordoba\/incendios-en-cordoba-sigue-activo-el-foco-en-la-zona-de-bosque-nativo-de-san-pedro-viejo\/\" target=\"_blank\" rel=\"noopener\"><b>incendios forestales en C\u00f3rdoba<\/b><\/a>, desde el Servicio Meteorol\u00f3gico Nacional (SMN) anunciaron un <b>cambio en la t\u00e9rmica para el comienzo del fin de semana. <\/b><\/p>\n<article class=\"article card videoCard \">\n<div class=\"article-inner \">\n<div class=\"article-image \"><a href=\"https:\/\/viapais.com.ar\/cordoba\/video-en-el-sur-de-cordoba-el-viento-causo-destrozos-la-cola-de-un-tornado\/\" title=\"Video: en el sur de C\u00f3rdoba el viento caus\u00f3 destrozos, \u00bfla cola de un tornado?\"><\/p>\n<figure><picture><img alt=\"Video: en el sur de C\u00f3rdoba el viento caus\u00f3 destrozos, \u00bfla cola de un tornado?\" class=\" block \" src=\"http:\/\/latecordoba.com\/wp-content\/uploads\/2023\/11\/el-clima-en-cordoba-como-estara-el-tiempo-este-18-de-noviembre-seguira-el-calor.jpg\" sizes=\"auto\" loading=\"lazy\" data-src=\"http:\/\/latecordoba.com\/wp-content\/uploads\/2023\/11\/el-clima-en-cordoba-como-estara-el-tiempo-este-18-de-noviembre-seguira-el-calor.jpg\" width=\"307px\" fetchpriority=\"low\" decoding=\"async\" height=\"173px\"><\/picture><\/figure>\n<p><\/a><\/div>\n<\/div>\n<\/article>\n<p>De hecho, todav\u00eda persiste una <b>alerta por fuertes tormentas <\/b>para distintos puntos del territorio provincial, por lo que no se descartan <b>precipitaciones para la madrugada en la capital cordobesa<\/b>. Se esperan tambi\u00e9n <b>intensas r\u00e1fagas de viento. <\/b><\/p>\n<article class=\"article card \">\n<div class=\"article-inner \">\n<div class=\"article-image \"><a href=\"https:\/\/viapais.com.ar\/cordoba\/incendios-en-cordoba-focos-activos-en-el-sur-de-la-provincia-y-riesgo-extremo-el-fin-de-semana\/\" title=\"Incendios en C\u00f3rdoba: focos activos en el sur de la provincia y riesgo extremo el fin de semana.\"><\/p>\n<figure><picture><img alt=\"Incendios en C\u00f3rdoba: focos activos en el sur de la provincia y riesgo extremo el fin de semana.\" class=\" block \" src=\"http:\/\/latecordoba.com\/wp-content\/uploads\/2023\/11\/el-clima-en-cordoba-como-estara-el-tiempo-este-18-de-noviembre-seguira-el-calor-1.jpg\" sizes=\"auto\" loading=\"lazy\" data-src=\"http:\/\/latecordoba.com\/wp-content\/uploads\/2023\/11\/el-clima-en-cordoba-como-estara-el-tiempo-este-18-de-noviembre-seguira-el-calor-1.jpg\" width=\"307px\" fetchpriority=\"low\" decoding=\"async\" height=\"173px\"><\/picture><\/figure>\n<p><\/a><\/div>\n<\/div>\n<\/article>\n<p>Para este <b>s\u00e1bado<\/b>, el SMN anunci\u00f3 una temperatura m\u00e1xima de 25 grados y una m\u00ednima de 15\u00b0C. No se descartan<b> tormentas para la madrugada, que llegar\u00edan acompa\u00f1adas por fuertes r\u00e1fagas de viento <\/b>de entre 60 y 69 kil\u00f3metros por hora. De hecho rige una <b>alerta amarilla<\/b> por este \u00faltimo fen\u00f3meno.<\/p>\n<h2 class><b>PRON\u00d3STICO EXTENDIDO EN C\u00d3RDOBA<\/b><\/h2>\n<ul>\n<li><span><b>Domingo. <\/b>M\u00e1xima de 26\u00b0C y m\u00ednima de 12\u00b0C. Mayormente nublado durante la jornada.<\/span><\/li>\n<li><span><b>Lunes. <\/b>M\u00e1xima de 35\u00b0C y m\u00ednima de 16\u00b0C. Parcialmente nublado. <\/span><\/li>\n<li><span><b>Martes. <\/b>M\u00e1xima de 32\u00b0C y m\u00ednima de 20\u00b0C. Tormentas aisladas durante la jornada.<\/span><\/li>\n<li><span><b>Mi\u00e9rcoles.<\/b> M\u00e1xima de 28\u00b0C y m\u00ednima de 18\u00b0C. Chaparrones y tormentas aisladas.<\/span><\/li>\n<li><span><b>Jueves. <\/b>M\u00e1xima de 30\u00b0C y m\u00ednima de 17\u00b0C. Parcialmente nublado.<\/span><\/li>\n<\/ul>\n<\/section>\n<div class=\"noreadme-audima\">\n<h2>Temas Relacionados<\/h2>\n<\/div>\n","protected":false},"excerpt":{"rendered":"<p>Tras un viernes con calor y ventoso, lo que aumenta a extremo el riesgo de incendios forestales en C\u00f3rdoba, desde el Servicio Meteorol\u00f3gico Nacional (SMN) anunciaron un cambio en la t\u00e9rmica para el comienzo del fin de semana. De hecho, todav\u00eda persiste una alerta por fuertes tormentas para distintos puntos del territorio provincial, por lo [&hellip;]<\/p>\n","protected":false},"author":1,"featured_media":18306,"comment_status":"closed","ping_status":"closed","sticky":false,"template":"","format":"standard","meta":[],"categories":[15],"tags":[],"_links":{"self":[{"href":"https:\/\/latecordoba.com\/index.php\/wp-json\/wp\/v2\/posts\/18305"}],"collection":[{"href":"https:\/\/latecordoba.com\/index.php\/wp-json\/wp\/v2\/posts"}],"about":[{"href":"https:\/\/latecordoba.com\/index.php\/wp-json\/wp\/v2\/types\/post"}],"author":[{"embeddable":true,"href":"https:\/\/latecordoba.com\/index.php\/wp-json\/wp\/v2\/users\/1"}],"replies":[{"embeddable":true,"href":"https:\/\/latecordoba.com\/index.php\/wp-json\/wp\/v2\/comments?post=18305"}],"version-history":[{"count":0,"href":"https:\/\/latecordoba.com\/index.php\/wp-json\/wp\/v2\/posts\/18305\/revisions"}],"wp:featuredmedia":[{"embeddable":true,"href":"https:\/\/latecordoba.com\/index.php\/wp-json\/wp\/v2\/media\/18306"}],"wp:attachment":[{"href":"https:\/\/latecordoba.com\/index.php\/wp-json\/wp\/v2\/media?parent=18305"}],"wp:term":[{"taxonomy":"category","embeddable":true,"href":"https:\/\/latecordoba.com\/index.php\/wp-json\/wp\/v2\/categories?post=18305"},{"taxonomy":"post_tag","embeddable":true,"href":"https:\/\/latecordoba.com\/index.php\/wp-json\/wp\/v2\/tags?post=18305"}],"curies":[{"name":"wp","href":"https:\/\/api.w.org\/{rel}","templated":true}]}}