{"id":18303,"date":"2023-11-18T01:09:21","date_gmt":"2023-11-18T01:09:21","guid":{"rendered":"http:\/\/2a6fe1cd6e84ae45d2f6f346a37802a2"},"modified":"2023-11-18T01:09:21","modified_gmt":"2023-11-18T01:09:21","slug":"milei-fue-al-teatro-colon-con-fatima-flores-pero-termino-abucheado","status":"publish","type":"post","link":"https:\/\/latecordoba.com\/index.php\/2023\/11\/18\/milei-fue-al-teatro-colon-con-fatima-flores-pero-termino-abucheado\/","title":{"rendered":"Milei fue al teatro Col\u00f3n con F\u00e1tima Flores pero termin\u00f3 abucheado"},"content":{"rendered":"\n<div class=\"media_block\"><img decoding=\"async\" src=\"http:\/\/latecordoba.com\/wp-content\/uploads\/2023\/11\/milei-fue-al-teatro-colon-con-fatima-flores-pero-termino-abucheado.jpg\"><\/div>\n<div><img decoding=\"async\" src=\"http:\/\/latecordoba.com\/wp-content\/uploads\/2023\/11\/milei-fue-al-teatro-colon-con-fatima-flores-pero-termino-abucheado-1.jpg\" class=\"ff-og-image-inserted\"><\/div>\n<div id=\"vsmcontent\" readability=\"86\">\n<p>Acompa\u00f1ado por F\u00e1tima Flores, Javier Milei se mostr\u00f3 en p\u00fablico en medio de la veda. Fue al teatro Col\u00f3n a ver la \u00f3pera Madame Butterfly pero termin\u00f3 siendo abucheado por la sala.<\/p>\n<p>Durante el intervalo entre el primer y segundo acto, cuando el p\u00fablico reconoci\u00f3 al candidato de La Libertad Avanza, surgieron c\u00e1nticos agraviantes: &#8220;Milei, basura, vos sos la dictadura&#8221;. El griter\u00edo, fue algo in\u00e9dito para el teatro Col\u00f3n. Por el incidente, el segundo acto de la \u00f3pera Madame Butterfly se demor\u00f3 varios minutos en comenzar. <\/p>\n<p>El candidato de La Libertad Avanza lleg\u00f3 junto a la actriz y comediante al ingreso del teatro, donde los recibi\u00f3 un asistente con un paraguas en medio de la lluvia. Ambos ingresaron tomados de la mano y la secuencia qued\u00f3 registrada en im\u00e1genes por varios fot\u00f3grafos.<\/p>\n<p>Milei regres\u00f3 ayer a la Ciudad de Buenos Aires, m\u00e1s precisamente al Hotel Libertador que usa como un improvisado b\u00fanker de campa\u00f1a, luego de haber cerrado su campa\u00f1a con un acto multitudinario en C\u00f3rdoba junto a Patricia Bullrich.<\/p>\n<p>En el \u00faltimo tramo de la campa\u00f1a, el candidato libertario combin\u00f3 entrevistas televisivas con recorridas por distintos puntos del conurbano bonaerense y otras provincias con actos en Mendoza y en Rosario.&nbsp;<\/p>\n<\/div>\n<p><strong>Copyright La Politica Online SA 2023.<\/strong><br \/>Por favor no corte ni pegue en la web nuestras notas, tiene la posibilidad de redistribuirlas usando nuestras herramientas.<\/p>\n","protected":false},"excerpt":{"rendered":"\n<div class=\"media_block\"><img decoding=\"async\" src=\"http:\/\/latecordoba.com\/wp-content\/uploads\/2023\/11\/milei-fue-al-teatro-colon-con-fatima-flores-pero-termino-abucheado.jpg\"><\/div>\n<p>El candidato a la presidencia fue a ver Madame Butterfly y recibi\u00f3 insultos por parte del p\u00fablico: &#8220;Milei, basura, vos sos la dictadura&#8221;, le gritaron.  <\/p>\n","protected":false},"author":1,"featured_media":18304,"comment_status":"closed","ping_status":"closed","sticky":false,"template":"","format":"standard","meta":[],"categories":[18],"tags":[],"_links":{"self":[{"href":"https:\/\/latecordoba.com\/index.php\/wp-json\/wp\/v2\/posts\/18303"}],"collection":[{"href":"https:\/\/latecordoba.com\/index.php\/wp-json\/wp\/v2\/posts"}],"about":[{"href":"https:\/\/latecordoba.com\/index.php\/wp-json\/wp\/v2\/types\/post"}],"author":[{"embeddable":true,"href":"https:\/\/latecordoba.com\/index.php\/wp-json\/wp\/v2\/users\/1"}],"replies":[{"embeddable":true,"href":"https:\/\/latecordoba.com\/index.php\/wp-json\/wp\/v2\/comments?post=18303"}],"version-history":[{"count":0,"href":"https:\/\/latecordoba.com\/index.php\/wp-json\/wp\/v2\/posts\/18303\/revisions"}],"wp:featuredmedia":[{"embeddable":true,"href":"https:\/\/latecordoba.com\/index.php\/wp-json\/wp\/v2\/media\/18304"}],"wp:attachment":[{"href":"https:\/\/latecordoba.com\/index.php\/wp-json\/wp\/v2\/media?parent=18303"}],"wp:term":[{"taxonomy":"category","embeddable":true,"href":"https:\/\/latecordoba.com\/index.php\/wp-json\/wp\/v2\/categories?post=18303"},{"taxonomy":"post_tag","embeddable":true,"href":"https:\/\/latecordoba.com\/index.php\/wp-json\/wp\/v2\/tags?post=18303"}],"curies":[{"name":"wp","href":"https:\/\/api.w.org\/{rel}","templated":true}]}}