{"id":18301,"date":"2023-11-17T23:51:48","date_gmt":"2023-11-17T23:51:48","guid":{"rendered":"https:\/\/viapais.com.ar\/arroyito\/sol-negro-presenta-su-nuevo-ep-este-domingo-en-la-casona-a-la-medianoche\/"},"modified":"2023-11-17T23:51:48","modified_gmt":"2023-11-17T23:51:48","slug":"sol-negro-presenta-su-nuevo-ep-este-domingo-en-la-casona-a-la-medianoche","status":"publish","type":"post","link":"https:\/\/latecordoba.com\/index.php\/2023\/11\/17\/sol-negro-presenta-su-nuevo-ep-este-domingo-en-la-casona-a-la-medianoche\/","title":{"rendered":"Sol Negro presenta su Nuevo EP este domingo en La Casona a la medianoche"},"content":{"rendered":"\n<p><b>Sol Negro es una formaci\u00f3n art\u00edstica de hace poco tiempo<\/b>, durante el proceso de crecimiento y creaci\u00f3n nunca se detuvo, <b>algunos de sus integrantes hab\u00edan comenzado justamente el proyecto de otra banda<\/b> del g\u00e9nero de nuestra ciudad; Alud que tambi\u00e9n se encuentra en actividad. <b>Sol Negro est\u00e1 integrada por Juani Romero <\/b>en guitarra y Voz, <b>Wilson Ferreyra<\/b> de los Motivos del Lobo, otras de las formaciones estandarte del Metal en la dulce recientemente incorporado <b>y Billy Salvatico<\/b> en bater\u00eda. <b>El nuevo EP no tiene desperdicio.<\/b><\/p>\n<div class=\"story-embeded story-youtube\">\n<p><iframe loading=\"lazy\" width=\"560\" height=\"315\" src=\"https:\/\/www.youtube.com\/embed\/Ct8mEQ0uGJI?feature=oembed\" frameborder=\"0\" allow=\"accelerometer; autoplay; clipboard-write; encrypted-media; gyroscope; picture-in-picture; web-share\" allowfullscreen title=\"Sol Negro - Sol Negro\">[embedded content]<\/iframe><\/p>\n<\/div>\n<p>Lo publicado consta de <b>cinco temas de muy buen contenido musical <\/b>como el g\u00e9nero exige a la hora de componer. <b>La l\u00edrica correcta para expresar la visi\u00f3n del mundo actual<\/b>; por cierto, bastante estrafalario y mezquino, con la fuerza necesaria desde la po\u00e9tica del autor. <b>Juani Romero voz y guitarra de Sol Negro dec\u00eda \u201cel viernes de noviembre se public\u00f3 nuestro primera EP titulado \u201cSN\u201d<\/b> el cual ya est\u00e1 disponible en todas nuestras plataformas para escucharlo\u201d adem\u00e1s agregaba \u201csi bien hace poco que estamos tocando y aun a\u00f1o de nuestro debut en vivo <b>sentimos que dimos un paso importante sobre todo<\/b> para que la gente pueda escuchar nuestra m\u00fasica\u201d.<\/p>\n<p>Juani no solo se mostraba contento por lo logrado, tambi\u00e9n m\u00e1s que <b>entusiasmado por la presentaci\u00f3n del domingo 19 de noviembre <\/b>en vivo en el bar cultural de Belgrano 1330 \u201c<b>en poco tiempo la gente nos ha brindado mucho cari\u00f1o<\/b>, los esperamos a todos para compartir en vivo\u201d. Ser\u00e1 una de las dos presentaciones en este cierre de a\u00f1o ya que <b>Sol Negro tocar\u00e1 en el festejo por los 40 a\u00f1os de la Democracia<\/b> en el mismo lugar sonar\u00e1 el domingo.<\/p>\n<p><b>La lista de tema del EP comienza con Sangre y Sudor<\/b>, contin\u00faa con <b>Libera el Dolor,<\/b> <b>Soportando el Veneno<\/b> como tercer tema,<b> Impulso<\/b> es el cuarto con Sol Negro, canci\u00f3n que le da t\u00edtulo a la banda y reproducci\u00f3n extendida publicada. <b>No son muchas las bandas del g\u00e9nero, definitivamente Sol Negro le dio aire nuevo <\/b>al movimiento en la ciudad.<\/p>\n<figure><picture><img alt=\"Sol Negro banda de Arroyito\" class=\" block \" src=\"http:\/\/latecordoba.com\/wp-content\/uploads\/2023\/11\/sol-negro-presenta-su-nuevo-ep-este-domingo-en-la-casona-a-la-medianoche.jpg\" sizes=\"auto\" loading=\"lazy\" data-src=\"http:\/\/latecordoba.com\/wp-content\/uploads\/2023\/11\/sol-negro-presenta-su-nuevo-ep-este-domingo-en-la-casona-a-la-medianoche.jpg\" width=\"1023px\" fetchpriority=\"low\" decoding=\"async\" height=\"1650px\"><\/picture><figcaption class>Sol Negro banda de Arroyito Foto: Prensa Sol Negro<\/figcaption><\/figure>\n","protected":false},"excerpt":{"rendered":"<p>Sol Negro es una formaci\u00f3n art\u00edstica de hace poco tiempo, durante el proceso de crecimiento y creaci\u00f3n nunca se detuvo, algunos de sus integrantes hab\u00edan comenzado justamente el proyecto de otra banda del g\u00e9nero de nuestra ciudad; Alud que tambi\u00e9n se encuentra en actividad. Sol Negro est\u00e1 integrada por Juani Romero en guitarra y Voz, [&hellip;]<\/p>\n","protected":false},"author":1,"featured_media":18302,"comment_status":"closed","ping_status":"closed","sticky":false,"template":"","format":"standard","meta":[],"categories":[15],"tags":[],"_links":{"self":[{"href":"https:\/\/latecordoba.com\/index.php\/wp-json\/wp\/v2\/posts\/18301"}],"collection":[{"href":"https:\/\/latecordoba.com\/index.php\/wp-json\/wp\/v2\/posts"}],"about":[{"href":"https:\/\/latecordoba.com\/index.php\/wp-json\/wp\/v2\/types\/post"}],"author":[{"embeddable":true,"href":"https:\/\/latecordoba.com\/index.php\/wp-json\/wp\/v2\/users\/1"}],"replies":[{"embeddable":true,"href":"https:\/\/latecordoba.com\/index.php\/wp-json\/wp\/v2\/comments?post=18301"}],"version-history":[{"count":0,"href":"https:\/\/latecordoba.com\/index.php\/wp-json\/wp\/v2\/posts\/18301\/revisions"}],"wp:featuredmedia":[{"embeddable":true,"href":"https:\/\/latecordoba.com\/index.php\/wp-json\/wp\/v2\/media\/18302"}],"wp:attachment":[{"href":"https:\/\/latecordoba.com\/index.php\/wp-json\/wp\/v2\/media?parent=18301"}],"wp:term":[{"taxonomy":"category","embeddable":true,"href":"https:\/\/latecordoba.com\/index.php\/wp-json\/wp\/v2\/categories?post=18301"},{"taxonomy":"post_tag","embeddable":true,"href":"https:\/\/latecordoba.com\/index.php\/wp-json\/wp\/v2\/tags?post=18301"}],"curies":[{"name":"wp","href":"https:\/\/api.w.org\/{rel}","templated":true}]}}