{"id":18284,"date":"2023-11-17T11:23:14","date_gmt":"2023-11-17T11:23:14","guid":{"rendered":"https:\/\/www.diariocronica.com.ar\/noticias\/2023\/11\/17\/89072-el-piloto-ariel-gustavo-pacho-brindo-detalles-del-ii-track-day"},"modified":"2023-11-17T11:23:14","modified_gmt":"2023-11-17T11:23:14","slug":"el-piloto-ariel-gustavo-pacho-brindo-detalles-del-ii-track-day","status":"publish","type":"post","link":"https:\/\/latecordoba.com\/index.php\/2023\/11\/17\/el-piloto-ariel-gustavo-pacho-brindo-detalles-del-ii-track-day\/","title":{"rendered":"El piloto Ariel Gustavo Pacho brind\u00f3 detalles del II Track Day"},"content":{"rendered":"\n<div class=\"media_block\"><a href=\"http:\/\/latecordoba.com\/wp-content\/uploads\/2023\/11\/el-piloto-ariel-gustavo-pacho-brindo-detalles-del-ii-track-day.jpg\"><img decoding=\"async\" src=\"http:\/\/latecordoba.com\/wp-content\/uploads\/2023\/11\/el-piloto-ariel-gustavo-pacho-brindo-detalles-del-ii-track-day.jpg\" class=\"media_thumbnail\"><\/a><\/div>\n<p>\nMa\u00f1ana s\u00e1bado de 09.00 a 19.00 horas tendr\u00e1 lugar el II Track Day en el aut\u00f3dromo General San Mart\u00edn. Tambi\u00e9n habr\u00e1 presentaciones en exhibici\u00f3n de autos de diversas marcas, se cobra una entrada de 3500 para los que deseen ingresar sin participar.\n<\/p>\n<div readability=\"49\">\n<p>Ma\u00f1ana s\u00e1bado de 09.00 a 19.00 horas tendr\u00e1 lugar el II Track Day en el aut\u00f3dromo General San Mart\u00edn de Comodoro Rivadavia, organizado por los pilotos Javier Morales y Ariel Gustavo Pacho. Tambi\u00e9n habr\u00e1 presentaciones en exhibici\u00f3n de autos de diversas marcas, se cobra una entrada de 3500 para los que deseen ingresar sin participar. Estar\u00e1 disponible un TC Austral donde uno de los integrantes del p\u00fablico se ganar\u00e1 la posibilidad de dar unas vueltas de copiloto junto a Ariel Pacho.<\/p>\n<p>Pacho, cuenta a Cr\u00f3nica los detalles de esta edici\u00f3n. \u201cLa idea naci\u00f3 con Javier Morales este a\u00f1o, donde me pregunta qu\u00e9 me parec\u00eda si organizamos un Track Day en Comodoro. Le dije que s\u00ed, que lo har\u00edamos. Tengo un par de conocidos en Buenos Aires que iban al Track Day. Al principio dec\u00eda c\u00f3mo van a girar con un auto de calle en el aut\u00f3dromo, pero lo comenc\u00e9 a ver desde otro lado, porque no darle la posibilidad a todo el mundo, que vaya al aut\u00f3dromo con su auto y aprenda a manejar con otra t\u00e9cnica. La gente no est\u00e1 acostumbrada a manejar r\u00e1pido en la calle, es muy peligroso. Todos tenemos autos que cuando salimos a la ruta andamos r\u00e1pido, y que mejor que manejarlo de una forma segura, aprendiendo en un lugar dise\u00f1ado para eso como es un aut\u00f3dromo\u201d.<\/p>\n<p><img decoding=\"async\" src=\"http:\/\/latecordoba.com\/wp-content\/uploads\/2023\/11\/el-piloto-ariel-gustavo-pacho-brindo-detalles-del-ii-track-day.webp\" alt width=\"100%\" loading=\"lazy\"><\/p>\n<h4>Una propuesta diferente y \u00fanica en el aut\u00f3dromo<\/h4>\n<p>La idea es poder darle continuidad a esta iniciativa en el tiempo. \u201cComenzamos el s\u00e1bado con las inscripciones a las 10.00 de la ma\u00f1ana hasta las 12.00. Habr\u00e1 una reuni\u00f3n de pilotos para explicar todo, como son los sobrepasos, es una carrera contra uno mismo y se coloca un sensor en cada auto. Se divide por categor\u00eda, peso potencia, existe un cronograma de cuatro tandas como si fuera una carrera. La gente va con su auto de diversas marcas, cualquier auto de calle en buenas condiciones mec\u00e1nicas. Adentro de la pista existe un sistema de aprendizaje de manejo con conos, marca frenajes, los ingresos a las curvas, punto v\u00e9rtice de circulaci\u00f3n de punto interno y salida de la curva. Le ense\u00f1amos por d\u00f3nde ir r\u00e1pido en el circuito y van mejorando su frenado y paso por curva. Mejoran sus habilidades conductivas\u201d, dice Ariel Pacho.<\/p>\n<p>Tambi\u00e9n si desean puede subir un instructor para explicarle y hacer correcciones de manejo para evolucionar m\u00e1s r\u00e1pido. Estar\u00e1n los Autos Cl\u00e1sicos, Club Oxidados, los Ford Falcon, algunos de la Expo Fierros, tambi\u00e9n de Card Show Comodoro que hacen un evento solidario el 9 de diciembre en el aut\u00f3dromo. Todo eso acompa\u00f1ado por un show completo para que la gente los vea y disfrute algo distinto en el aut\u00f3dromo local.<\/p>\n<\/div>\n","protected":false},"excerpt":{"rendered":"\n<div class=\"media_block\"><a href=\"http:\/\/latecordoba.com\/wp-content\/uploads\/2023\/11\/el-piloto-ariel-gustavo-pacho-brindo-detalles-del-ii-track-day.jpg\"><img decoding=\"async\" src=\"http:\/\/latecordoba.com\/wp-content\/uploads\/2023\/11\/el-piloto-ariel-gustavo-pacho-brindo-detalles-del-ii-track-day.jpg\" class=\"media_thumbnail\"><\/a><\/div>\n<p>Ma\u00f1ana s\u00e1bado de 09.00 a 19.00 horas tendr\u00e1 lugar el II Track Day en el aut\u00f3dromo General San Mart\u00edn. Tambi\u00e9n habr\u00e1 presentaciones en exhibici\u00f3n de autos de diversas marcas, se cobra una entrada de 3500 para los que deseen ingresar sin participar.  <\/p>\n","protected":false},"author":1,"featured_media":18285,"comment_status":"closed","ping_status":"closed","sticky":false,"template":"","format":"standard","meta":[],"categories":[17],"tags":[],"_links":{"self":[{"href":"https:\/\/latecordoba.com\/index.php\/wp-json\/wp\/v2\/posts\/18284"}],"collection":[{"href":"https:\/\/latecordoba.com\/index.php\/wp-json\/wp\/v2\/posts"}],"about":[{"href":"https:\/\/latecordoba.com\/index.php\/wp-json\/wp\/v2\/types\/post"}],"author":[{"embeddable":true,"href":"https:\/\/latecordoba.com\/index.php\/wp-json\/wp\/v2\/users\/1"}],"replies":[{"embeddable":true,"href":"https:\/\/latecordoba.com\/index.php\/wp-json\/wp\/v2\/comments?post=18284"}],"version-history":[{"count":0,"href":"https:\/\/latecordoba.com\/index.php\/wp-json\/wp\/v2\/posts\/18284\/revisions"}],"wp:featuredmedia":[{"embeddable":true,"href":"https:\/\/latecordoba.com\/index.php\/wp-json\/wp\/v2\/media\/18285"}],"wp:attachment":[{"href":"https:\/\/latecordoba.com\/index.php\/wp-json\/wp\/v2\/media?parent=18284"}],"wp:term":[{"taxonomy":"category","embeddable":true,"href":"https:\/\/latecordoba.com\/index.php\/wp-json\/wp\/v2\/categories?post=18284"},{"taxonomy":"post_tag","embeddable":true,"href":"https:\/\/latecordoba.com\/index.php\/wp-json\/wp\/v2\/tags?post=18284"}],"curies":[{"name":"wp","href":"https:\/\/api.w.org\/{rel}","templated":true}]}}