{"id":18278,"date":"2023-11-17T14:45:00","date_gmt":"2023-11-17T14:45:00","guid":{"rendered":"https:\/\/www.iprofesional.com\/economia\/392798-jubilados-pensionados-y-auh-cuanto-cobraran-en-diciembre"},"modified":"2023-11-17T14:45:00","modified_gmt":"2023-11-17T14:45:00","slug":"aumento-para-jubilados-pensionados-y-auh-cuanto-cobraran-en-diciembre","status":"publish","type":"post","link":"https:\/\/latecordoba.com\/index.php\/2023\/11\/17\/aumento-para-jubilados-pensionados-y-auh-cuanto-cobraran-en-diciembre\/","title":{"rendered":"Aumento para jubilados, pensionados y AUH: \u00bfcu\u00e1nto cobrar\u00e1n en diciembre?"},"content":{"rendered":"\n<div class=\"media_block\"><img decoding=\"async\" src=\"http:\/\/latecordoba.com\/wp-content\/uploads\/2023\/11\/aumento-para-jubilados-pensionados-y-auh-cuanto-cobraran-en-diciembre.jpg\"><\/div>\n<div id>\n<p> La Administraci\u00f3n Nacional de la Seguridad Social estableci\u00f3 el nuevo incremento en los haberes de sus beneficiarios basado en la ley de movilidad <\/p>\n<p>Por <strong>S.A.<\/strong><\/p>\n<p><strong>17\/11\/2023<\/strong> &#8211; 11:45hs<\/p>\n<div class=\"image-container img-wide padding-b\"> <picture><source media=\"(min-width:650px)\" srcset=\"http:\/\/latecordoba.com\/wp-content\/uploads\/2023\/11\/aumento-para-jubilados-pensionados-y-auh-cuanto-cobraran-en-diciembre.webp\" class=\"lazyload\"><source media=\"(min-width:465px)\" srcset=\"http:\/\/latecordoba.com\/wp-content\/uploads\/2023\/11\/aumento-para-jubilados-pensionados-y-auh-cuanto-cobraran-en-diciembre.webp\" class=\"lazyload\"><img decoding=\"async\" loading=\"lazy\" src=\"http:\/\/latecordoba.com\/wp-content\/uploads\/2023\/11\/aumento-para-jubilados-pensionados-y-auh-cuanto-cobraran-en-diciembre.webp\" class=\"lazyload\" alt=\"Aumento para jubilados, pensionados y AUH: \u00bfcu\u00e1nto cobrar\u00e1n en diciembre?\" width=\"160\" height=\"714px\"> <\/picture> <\/div>\n<\/p><\/div>\n<div readability=\"114.14149821641\">\n<p>La <strong>Administraci\u00f3n Nacional de la Seguridad Social (ANSES) <\/strong>anunci\u00f3 un nuevo <strong>aumento del 20,87% <\/strong>para <a href=\"https:\/\/www.iprofesional.com\/economia\/392065-creditos-anses-de-hasta-1000000-como-realizar-el-tramite\" target=\"_blank\" rel=\"noopener noreferrer\">jubilados y titulares de la Asignaci\u00f3n Universal por Hijo<\/a> (AUH) y Asignaci\u00f3n Universal por Embarazo (AUE), entre otros programas sociales.\n<\/p>\n<p>Seg\u00fan establece la Ley de Movilidad Jubilatoria, las jubilaciones, pensiones y asignaciones de la ANSES deben actualizarse de manera trimestral. Este nuevo incremento corresponde a diciembre y es el \u00faltimo del a\u00f1o.\n<\/p>\n<p>De acuerdo a la <strong>Ley de Movilidad Jubilatoria<\/strong>, que establece actualizaciones trimestrales para las prestaciones de ANSES, los jubilados y pensionados deben percibir un nuevo aumento en diciembre.\n<\/p>\n<p>El incremento impactar\u00e1 tambi\u00e9n en los montos de la Asignaci\u00f3n Universal por Hijo (AUH), Asignaci\u00f3n por Embarazo (AUE), Asignaciones Familiares (SUAF), Pensiones No Contributivas (PNC), Pensi\u00f3n Universal para el Adulto Mayor (PUAM), entre otras prestaciones de ANSES.\n<\/p>\n<p>Los beneficiarios de la Asignaci\u00f3n Universal por Hijo (AUH) <strong>percibir\u00e1n $20.661 <\/strong>en diciembre seg\u00fan lo inform\u00f3 la representante de la ANSES, Fernanda Raverta.\n<\/p>\n<p>El nuevo incremento estar\u00e1 acompa\u00f1ado de otros beneficios, como el complemento del 20% (Libreta AUH) o la Tarjeta Alimentar del Ministerio de Desarrollo Social.\n<\/p>\n<h2>ANSES: \u00bfde cu\u00e1nto ser\u00e1 el aumento para jubilados en diciembre?<\/h2>\n<p>La Ley de Movilidad establece que la actualizaci\u00f3n de los haberes para jubilados y pensionados se calcula mediante una f\u00f3rmula que tiene en cuenta el 50% de los recursos destinados a la ANSES y el 50% de la evoluci\u00f3n de los salarios de los trabajadores estables.\n<\/p>\n<div class=\"imagen\"><img decoding=\"async\" loading=\"lazy\" class=\"lazyload\" src=\"http:\/\/latecordoba.com\/wp-content\/uploads\/2023\/11\/aumento-para-jubilados-pensionados-y-auh-cuanto-cobraran-en-diciembre.png\" alt=\"s\" width=\"880\" height=\"495\"><\/p>\n<p>s<\/p>\n<\/div>\n<p>Durante diciembre los <strong>jubilados con 30 a\u00f1os de aportes<\/strong>, que no hayan ingresado en proceso de moratoria, tendr\u00e1n el beneficio de cobrar un extra de hasta $55.000.\n<\/p>\n<p>Adem\u00e1s, para quienes est\u00e9n afiliados al PAMI gozar\u00e1n de un bono de $15.000.\n<\/p>\n<p>De esta manera, <strong>en diciembre la jubilaci\u00f3n m\u00ednima podr\u00e1 alcanzar los $213.569.<\/strong>\n<\/p>\n<p>&nbsp;Asimismo, el pr\u00f3ximo mes percibir\u00e1n el <strong>medio aguinaldo<\/strong>: de esa manera, quienes tengan un haber m\u00ednimo recibir\u00e1n 213.569 pesos (movilidad + refuerzo + medio aguinaldo). Si la persona tiene PAMI, tambi\u00e9n cobrar\u00e1 los $15.000 del Refuerzo Alimentario llegando casi a los 230 mil pesos.\n<\/p>\n<h2>Cr\u00e9dito ANSES para jubilados de hasta 600 mil pesos<\/h2>\n<p>Los jubilados y pensionados incluidos en el Sistema Integrado Previsional Argentino (SIPA) podr\u00e1n acceder a<strong>&nbsp;<a href=\"https:\/\/www.iprofesional.com\/politica\/391823-jubilados-como-acceder-al-credito-de-hasta-600000-de-anses\" target=\"_blank\" rel=\"noopener noreferrer\">pr\u00e9stamos&nbsp;de hasta $600.000<\/a> y los titulares de Pensiones No Contributivas (PNC) y PUAM, de hasta $250.000,<\/strong>&nbsp;con una tasa nominal anual (TNA) del 29%, que representa un tercio de la que se ofrece en el mercado.\n<\/p>\n<p>Los beneficiarios podr\u00e1n optar por&nbsp;<strong>devolverlo en hasta 24, 36 o 48 cuotas y&nbsp;<\/strong><strong>el tr\u00e1mite se podr\u00e1 iniciar desde el 6 de noviembre en adelante.<\/strong>\n<\/p>\n<p>De acuerdo con la informaci\u00f3n proporcionada por la ANSES,&nbsp;<strong>hay 7,7 millones de jubilados y pensionados en condiciones de solicitar el cr\u00e9dito.<\/strong>&nbsp;Al momento, ANSES otorg\u00f3 1.344.651 cr\u00e9ditos, el 64% a mujeres y el 36%, a varones.\n<\/p>\n<p>Para obtener el pr\u00e9stamo, <span>se debe sacar turno en www.anses.gob.ar para, luego, continuar el tr\u00e1mite personalmente en las oficinas del organismo.<\/span> En base a los datos del solicitante, ANSES realizar\u00e1 una evaluaci\u00f3n patrimonial y, en caso de cumplir con las condiciones, el dinero ser\u00e1 depositado en la cuenta en la que la persona cobre su prestaci\u00f3n previsional.<\/p>\n<\/p><\/div>\n","protected":false},"excerpt":{"rendered":"\n<div class=\"media_block\"><img decoding=\"async\" src=\"http:\/\/latecordoba.com\/wp-content\/uploads\/2023\/11\/aumento-para-jubilados-pensionados-y-auh-cuanto-cobraran-en-diciembre.jpg\"><\/div>\n<p> La Administraci\u00f3n Nacional de la Seguridad Social estableci\u00f3 el nuevo incremento en los haberes de sus beneficiarios basado en la ley de movilidad <iframe width=\"0\" height=\"0\" border=\"0\"> <script> (function(i,s,o,g,r,a,m){i['GoogleAnalyticsObject']=r;i[r]=i[r]||function(){ (i[r].q=i[r].q||[]).push(arguments)},i[r].l=1*new Date();a=s.createElement(o), m=s.getElementsByTagName(o)[0];a.async=1;a.src=g;m.parentNode.insertBefore(a,m) })(window,document,'script','https:\/\/www.google-analytics.com\/analytics.js','ga'); ga('create', 'GTM-5LW5KQD', 'auto'); ga('require', 'displayfeatures'); ga('set', 'campaignSource', 'RSS Client for iProfesional'); ga('set', 'campaignMedium', 'RSS Client for iProfesional'); ga('set', {\"dataSource\": \"rss.atom.iprofesional.com\"}); ga('set', {\"referrer\": \"rss.atom.iprofesional.com\"}); ga('set', 'title', 'RSS Client for iProfesional'); ga('send', 'pageview'); <\/script> <!-- Begin comScore Tag --> <script> var _comscore = _comscore || []; _comscore.push({ c1: \"2\", c2: \"16597048\" }); (function() { var s = document.createElement(\"script\"), el = document.getElementsByTagName(\"script\")[0]; s.async = true; s.src = \"https:\/\/sb.scorecardresearch.com\/cs\/16597048\/beacon.js\"; el.parentNode.insertBefore(s, el); })(); <\/script> <noscript> <img decoding=\"async\" src=\"http:\/\/latecordoba.com\/wp-content\/uploads\/2023\/11\/aumento-para-jubilados-pensionados-y-auh-cuanto-cobraran-en-diciembre.gif\"> <\/noscript> <!-- End comScore Tag --> <\/iframe> <iframe border=\"0px\" style=\"display: none\" width=0 height=0 src=\"https:\/\/www.iprofesional.com\/ga4.html?gtag_id=G-N13KWJP8BK&amp;title=Aumento para jubilados, pensionados y AUH: \u00bfcu\u00e1nto cobrar\u00e1n en diciembre?&amp;location=https:\/\/www.iprofesional.com\/economia\/392798-jubilados-pensionados-y-auh-cuanto-cobraran-en-diciembre&amp;referrer=rss.atom.iprofesional.com&amp;ci=RSS Client for iProfesional&amp;cs=RSS Client for iProfesional&amp;cm=RSS&amp;cn=RSS Client for iProfesional&amp;cc=RSS Client for iProfesional\"><\/iframe>  <\/p>\n","protected":false},"author":1,"featured_media":18279,"comment_status":"closed","ping_status":"closed","sticky":false,"template":"","format":"standard","meta":[],"categories":[18],"tags":[],"_links":{"self":[{"href":"https:\/\/latecordoba.com\/index.php\/wp-json\/wp\/v2\/posts\/18278"}],"collection":[{"href":"https:\/\/latecordoba.com\/index.php\/wp-json\/wp\/v2\/posts"}],"about":[{"href":"https:\/\/latecordoba.com\/index.php\/wp-json\/wp\/v2\/types\/post"}],"author":[{"embeddable":true,"href":"https:\/\/latecordoba.com\/index.php\/wp-json\/wp\/v2\/users\/1"}],"replies":[{"embeddable":true,"href":"https:\/\/latecordoba.com\/index.php\/wp-json\/wp\/v2\/comments?post=18278"}],"version-history":[{"count":0,"href":"https:\/\/latecordoba.com\/index.php\/wp-json\/wp\/v2\/posts\/18278\/revisions"}],"wp:featuredmedia":[{"embeddable":true,"href":"https:\/\/latecordoba.com\/index.php\/wp-json\/wp\/v2\/media\/18279"}],"wp:attachment":[{"href":"https:\/\/latecordoba.com\/index.php\/wp-json\/wp\/v2\/media?parent=18278"}],"wp:term":[{"taxonomy":"category","embeddable":true,"href":"https:\/\/latecordoba.com\/index.php\/wp-json\/wp\/v2\/categories?post=18278"},{"taxonomy":"post_tag","embeddable":true,"href":"https:\/\/latecordoba.com\/index.php\/wp-json\/wp\/v2\/tags?post=18278"}],"curies":[{"name":"wp","href":"https:\/\/api.w.org\/{rel}","templated":true}]}}