{"id":18272,"date":"2023-11-16T19:06:09","date_gmt":"2023-11-16T19:06:09","guid":{"rendered":"http:\/\/www.radiourbanasf.com.ar\/?p=18271"},"modified":"2023-11-16T19:06:09","modified_gmt":"2023-11-16T19:06:09","slug":"dos-estrenos-de-gustavo-cerati","status":"publish","type":"post","link":"https:\/\/latecordoba.com\/index.php\/2023\/11\/16\/dos-estrenos-de-gustavo-cerati\/","title":{"rendered":"Dos estrenos de Gustavo Cerati"},"content":{"rendered":"\n<div><img decoding=\"async\" src=\"http:\/\/latecordoba.com\/wp-content\/uploads\/2023\/11\/dos-estrenos-de-gustavo-cerati.jpg\" class=\"ff-og-image-inserted\"><\/div>\n<p><!-- .share-post --> <!-- WhatsApp Share Button for WordPress: http:\/\/peadig.com\/wordpress-plugins\/whatsapp-share-button\/ --><\/p>\n<h2>Con la intenci\u00f3n de mantener viva la obra del m\u00fasico argentino se vienen estrenando todos los meses visualizers de sus m\u00e1s destacadas canciones, en esta ocasi\u00f3n salen a la luz \u201cNac\u00ed para esto\u201d y \u201cAl fin sucede\u201d<\/h2>\n<p>En el d\u00eda de hoy se estrenan dos nuevos videos de <a href=\"https:\/\/www.cmtv.com.ar\/biografia\/show.php?bnid=68&amp;banda=Gustavo_Cerati\"><b>Gustavo Cerati<\/b><\/a>&nbsp;en plataformas audiovisuales, ambos de su carrera como solista y en formato visualizer: \u201c<a href=\"https:\/\/www.cmtv.com.ar\/discos_letras\/letra.php?bnid=68&amp;banda=Gustavo_Cerati&amp;DS_DS=580&amp;tmid=4560&amp;tema=NACI_PARA_ESTO\"><b>Nac\u00ed para esto<\/b><\/a>\u201d y \u201c<a href=\"https:\/\/www.cmtv.com.ar\/discos_letras\/letra.php?bnid=68&amp;banda=Gustavo_Cerati&amp;DS_DS=576&amp;tmid=4499&amp;tema=AL_FIN_SUCEDE\"><b>Al fin sucede<\/b><\/a>\u201d.<\/p>\n<p>El tema \u201c<b>Nac\u00ed para esto<\/b>\u201d se lanz\u00f3 en 2002 y pertenece al \u00e1lbum \u201c<a href=\"https:\/\/www.cmtv.com.ar\/discos_letras\/show.php?bnid=68&amp;banda=Gustavo_Cerati&amp;DS_DS=580&amp;disco=SIEMPRE_ES_HOY\"><b>Siempre es hoy<\/b><\/a>\u201d, que iba a ser una obra doble pero finalmente sali\u00f3 en un solo CD con 17 canciones y 70 minutos de duraci\u00f3n total. Marc\u00f3 una ampliaci\u00f3n del sonido de<b>&nbsp;Cerati<\/b>, sumando electr\u00f3nica y hasta un tema con ritmo de folklore. Se grab\u00f3 en varios estudios de Buenos Aires, como Del Cielito, Capit\u00e1n, El Pie y Santito.<\/p>\n<p>La canci\u00f3n \u201c<b>Al fin sucede<\/b>\u201d es el primer track del \u00e1lbum \u201c<a href=\"https:\/\/www.cmtv.com.ar\/discos_letras\/show.php?bnid=68&amp;banda=Gustavo_Cerati&amp;DS_DS=576&amp;disco=AHI_VAMOS\"><b>Ah\u00ed vamos<\/b><\/a>\u201d, de 2006, que marc\u00f3 el regreso de<b>&nbsp;Cerati<\/b>&nbsp;a un sonido m\u00e1s rockero y directo. Se grab\u00f3 en Buenos Aires y Nueva York, con la participaci\u00f3n de los m\u00fasicos de su banda e invitados especiales como Flavio Etcheto, Bolsa Gonz\u00e1lez, Emmanuel Cauvet, Tweety Gonz\u00e1lez y Pedro Moscuzza. Luego se present\u00f3 en vivo con una gran gira internacional que incluy\u00f3 Estados Unidos, Latinoam\u00e9rica, Espa\u00f1a e Inglaterra, con un hist\u00f3rico show en la sala The Forum, de Londres.<\/p>\n<p>Seg\u00fan dijo el propio&nbsp;<b>Gustavo<\/b>&nbsp;sobre el tema,&nbsp;<i>\u201cEs una de las letras m\u00e1s concisas del \u00e1lbum. B\u00e1sicamente dice que, si tenemos mucho miedo o deseo por algo, lo estamos condicionando para que suceda\u201d.<\/i><\/p>\n<p>Este lanzamiento marca una continuidad en el plan de estreno de dos videos por mes, nuevas piezas correspondientes a diferentes canciones incluidas en sus celebrados cinco discos de estudio (\u201c<a href=\"https:\/\/www.cmtv.com.ar\/discos_letras\/letra.php?bnid=68&amp;banda=Gustavo_Cerati&amp;DS_DS=583&amp;tmid=4512&amp;tema=AMOR_AMARILLO\"><b>Amor amarillo<\/b><\/a>\u201d, \u201c<a href=\"https:\/\/www.cmtv.com.ar\/discos_letras\/show.php?bnid=68&amp;banda=Gustavo_Cerati&amp;DS_DS=582&amp;disco=BOCANADA\"><b>Bocanada<\/b><\/a>\u201d, \u201c<a href=\"https:\/\/www.cmtv.com.ar\/discos_letras\/letra.php?bnid=68&amp;banda=Gustavo_Cerati&amp;DS_DS=580&amp;tmid=4549&amp;tema=COSAS_IMPOSIBLES\"><b>Cosas imposibles<\/b><\/a>\u201d, \u201c<b>Ah\u00ed vamos<\/b>\u201d y \u201c<a href=\"https:\/\/www.cmtv.com.ar\/discos_letras\/letra.php?bnid=68&amp;banda=Gustavo_Cerati&amp;DS_DS=5894&amp;tmid=74638&amp;tema=FUERZA_NATURAL\"><b>Fuerza natural<\/b><\/a>\u201d).<\/p>\n<p>La idea es resaltar la obra solista completa de&nbsp;<b>Cerati<\/b>, por lo que se combinar\u00e1n mensualmente videos de diferentes \u00e1lbums, todos realizados por Nico Bernaudo, dise\u00f1ador audiovisual en los shows de&nbsp;<b>Gustavo Cerati&nbsp;<\/b>desde 2004 y tambi\u00e9n en la hist\u00f3rica gira del tr\u00edo \u201c<b><i>Me Ver\u00e1s Volver<\/i><\/b>\u201d, de 2007, adem\u00e1s de realizador de los visualizers de Soda Stereo lanzados en 2021.<\/p>\n<p>Hoy, estas dos canciones de su exitosa carrera solista vuelven a ser novedad gracias a la realizaci\u00f3n de estos visualizers.<\/p>\n<p><!-- WhatsApp Share Button for WordPress: http:\/\/peadig.com\/wordpress-plugins\/whatsapp-share-button\/ -->  <\/p>\n","protected":false},"excerpt":{"rendered":"\n<div style=\"float:right;margin:0 0 20px 20px;\"><img decoding=\"async\" width=\"150\" height=\"150\" src=\"http:\/\/latecordoba.com\/wp-content\/uploads\/2023\/11\/dos-estrenos-de-gustavo-cerati-1.jpg\" class=\"attachment-thumbnail size-thumbnail wp-post-image\" alt=\"\" loading=\"lazy\" \/><\/div>\n<p>Con la intenci\u00f3n de mantener viva la obra del m\u00fasico argentino se vienen estrenando todos los meses visualizers de sus m\u00e1s destacadas canciones, en esta ocasi\u00f3n salen a la luz &#8220;Nac\u00ed para esto&#8221; y &#8220;Al fin sucede&#8221; En el d\u00eda de hoy se estrenan dos nuevos videos de Gustavo Cerati\u00a0en plataformas audiovisuales, ambos de su &#8230;  <\/p>\n","protected":false},"author":1,"featured_media":18273,"comment_status":"closed","ping_status":"closed","sticky":false,"template":"","format":"standard","meta":[],"categories":[20],"tags":[],"_links":{"self":[{"href":"https:\/\/latecordoba.com\/index.php\/wp-json\/wp\/v2\/posts\/18272"}],"collection":[{"href":"https:\/\/latecordoba.com\/index.php\/wp-json\/wp\/v2\/posts"}],"about":[{"href":"https:\/\/latecordoba.com\/index.php\/wp-json\/wp\/v2\/types\/post"}],"author":[{"embeddable":true,"href":"https:\/\/latecordoba.com\/index.php\/wp-json\/wp\/v2\/users\/1"}],"replies":[{"embeddable":true,"href":"https:\/\/latecordoba.com\/index.php\/wp-json\/wp\/v2\/comments?post=18272"}],"version-history":[{"count":0,"href":"https:\/\/latecordoba.com\/index.php\/wp-json\/wp\/v2\/posts\/18272\/revisions"}],"wp:featuredmedia":[{"embeddable":true,"href":"https:\/\/latecordoba.com\/index.php\/wp-json\/wp\/v2\/media\/18273"}],"wp:attachment":[{"href":"https:\/\/latecordoba.com\/index.php\/wp-json\/wp\/v2\/media?parent=18272"}],"wp:term":[{"taxonomy":"category","embeddable":true,"href":"https:\/\/latecordoba.com\/index.php\/wp-json\/wp\/v2\/categories?post=18272"},{"taxonomy":"post_tag","embeddable":true,"href":"https:\/\/latecordoba.com\/index.php\/wp-json\/wp\/v2\/tags?post=18272"}],"curies":[{"name":"wp","href":"https:\/\/api.w.org\/{rel}","templated":true}]}}