{"id":18256,"date":"2023-11-17T01:34:10","date_gmt":"2023-11-17T01:34:10","guid":{"rendered":"http:\/\/63129b5af8c76f5295a906defcc56c1c"},"modified":"2023-11-17T01:34:10","modified_gmt":"2023-11-17T01:34:10","slug":"un-intendente-de-larreta-anuncio-que-vota-a-massa-elijo-un-dirigente-que-respeta-la-democracia","status":"publish","type":"post","link":"https:\/\/latecordoba.com\/index.php\/2023\/11\/17\/un-intendente-de-larreta-anuncio-que-vota-a-massa-elijo-un-dirigente-que-respeta-la-democracia\/","title":{"rendered":"Un intendente de Larreta anunci\u00f3 que vota a Massa: &#8220;elijo un dirigente que respeta la democracia&#8221;"},"content":{"rendered":"\n<div class=\"media_block\"><img decoding=\"async\" src=\"http:\/\/latecordoba.com\/wp-content\/uploads\/2023\/11\/un-intendente-de-larreta-anuncio-que-vota-a-massa-elijo-un-dirigente-que-respeta-la-democracia.jpg\"><\/div>\n<div><img decoding=\"async\" src=\"http:\/\/latecordoba.com\/wp-content\/uploads\/2023\/11\/un-intendente-de-larreta-anuncio-que-vota-a-massa-elijo-un-dirigente-que-respeta-la-democracia-1.jpg\" class=\"ff-og-image-inserted\"><\/div>\n<div id=\"vsmcontent\" readability=\"109.01556543837\">\n<p>El intendente de Campana, el larretista Sebasti\u00e1n Abella, sorprendi\u00f3 este jueves con un fuerte respaldo a Sergio Massa a horas del balotaje. &#8220;Elijo un dirigente con experiencia, volumen pol\u00edtico y respeto por la democracia Argentina. Por eso, este domingo, voy a votar a Sergio Massa&#8221;, dijo el alcalde.<\/p>\n<p>Abella gobierna Campana, un distrito del norte de la provincia de Buenos Aires con poco m\u00e1s de 110.000 habitantes. Lleg\u00f3 en 2015 y este a\u00f1o arras\u00f3 en la elecci\u00f3n de octubre para avanzar a su tercer mandato.<\/p>\n<p>En este fren\u00e9tico a\u00f1o electoral trabaj\u00f3 muy cerca de Horacio Rodr\u00edguez Larreta y Diego Santilli, por eso su posicionamiento hizo ruido en el PRO a horas de la elecci\u00f3n del domingo. &#8220;Vamos a optar entre dos opciones muy distintas. Desde mi rol de intendente, elijo un dirigente con experiencia, volumen pol\u00edtico y respeto por la democracia Argentina. Por eso, este domingo, voy a votar a Massa&#8221;, dijo Abella en sus redes.<\/p>\n<p>Abella no tiene un largo historial en la pol\u00edtica. Su carrera est\u00e1 atravesada por el automovilismo. Fue piloto de TC Pista y Top Race a la par que hac\u00eda sus primeras incursiones como concejal en Campana. Por esos a\u00f1os integraba el Frente Renovador hasta enero de 2015 cuando abandon\u00f3 el bloque massista para pasarse a las filas del PRO. A los pocos meses fue candidato a intendente por Juntos por el Cambio y de all\u00ed salt\u00f3 a la intendencia.<\/p>\n<figure class=\"vsmwidget widget-type-twitter\" vsmtype=\"twitter\" contenteditable=\"false\" readability=\"-18.505033557047\">\n<blockquote class=\"twitter-tweet\" readability=\"10.832214765101\">\n<p lang=\"es\" dir=\"ltr\">El domingo los argentinos vamos a optar entre dos opciones muy distintas. Desde mi rol de intendente, elijo a un dirigente con experiencia, volumen pol\u00edtico y respeto por la democracia Argentina. Por eso, este domingo, voy a votar a <a href=\"https:\/\/twitter.com\/SergioMassa?ref_src=twsrc%5Etfw\">@SergioMassa<\/a>\u2014 Sebastian Abella (@SebaAbella) <a href=\"https:\/\/twitter.com\/SebaAbella\/status\/1725308088914223199?ref_src=twsrc%5Etfw\">November 17, 2023<\/a><\/p>\n<\/blockquote>\n<\/figure>\n<p>En la primaria de agosto le gan\u00f3 por 90 a 10 al candidato de Patricia Bullrich, Pablo Gentilini. Su perfomance impuls\u00f3 a Rodr\u00edguez Larreta y fue en ese distrito donde el entonces pre candidato a presidente hizo su mejor elecci\u00f3n en t\u00e9rminos de porcentaje. Le gan\u00f3 67 a 33 a Patricia en la interna del PRO.<\/p>\n<p>En la previa del cierre de listas cruz\u00f3 fuerte a sus pares del PRO por especular con la interna entre Patricia y Horacio. All\u00e1 por marzo, pidi\u00f3 pidi\u00f3 a los intendentes que dejen de especular y que abandonen la idea de la boleta en V para ir a las PASO con listas completas. &#8220;En pol\u00edtica no se puede ser tibio ni especular. Lo que est\u00e1 en juego es el futuro del pa\u00eds; y no un concejal m\u00e1s o menos. La mejor estrategia es competir en todas las categor\u00edas para ampliar&#8221;, dijo.<\/p>\n<p><a href=\"https:\/\/www.lapoliticaonline.com\/tools\/redirect.php?t=3&amp;i=273739&amp;s=efc8c696d877870d9957802864b0bc31\" class=\"link-type-content content-type-noticia-ar\">Jorge Macri y Santilli esperan el resultado del debate para salir a apoyar a Milei<\/a><\/p>\n<p>Abella es un intendente de pocas palabras. Es recordada en Campana su apertura de sesiones del Concejo Deliberante, en el a\u00f1o 2019 cuando hab\u00eda conseguido su segundo mandato. Su discurso dur\u00f3 menos de medio minuto y puede transcribirse sin problemas: &#8220;Buen d\u00eda. Bueno, estamos dando comienzo a un nuevo a\u00f1o legislativo. No mucho m\u00e1s que decir. Esperemos que sea un a\u00f1o donde puedan buscar ordenanzas positivas para la ciudad. As\u00ed que bueno, dejo inauguradas las sesiones del a\u00f1o 2019, vi\u00e9ndonos, seguramente, el a\u00f1o que viene. Muchas gracias&#8221;.<\/p>\n<\/div>\n<p><strong>Copyright La Politica Online SA 2023.<\/strong><br \/>Por favor no corte ni pegue en la web nuestras notas, tiene la posibilidad de redistribuirlas usando nuestras herramientas.<\/p>\n","protected":false},"excerpt":{"rendered":"\n<div class=\"media_block\"><img decoding=\"async\" src=\"http:\/\/latecordoba.com\/wp-content\/uploads\/2023\/11\/un-intendente-de-larreta-anuncio-que-vota-a-massa-elijo-un-dirigente-que-respeta-la-democracia.jpg\"><\/div>\n<p>El intendente de Campana responde al PRO pero tiene un pasado en el Frente Renovador. En ese distrito fue donde el jefe de Gobierno hizo la mejor elecci\u00f3n de la provincia.  <\/p>\n","protected":false},"author":1,"featured_media":18257,"comment_status":"closed","ping_status":"closed","sticky":false,"template":"","format":"standard","meta":[],"categories":[18],"tags":[],"_links":{"self":[{"href":"https:\/\/latecordoba.com\/index.php\/wp-json\/wp\/v2\/posts\/18256"}],"collection":[{"href":"https:\/\/latecordoba.com\/index.php\/wp-json\/wp\/v2\/posts"}],"about":[{"href":"https:\/\/latecordoba.com\/index.php\/wp-json\/wp\/v2\/types\/post"}],"author":[{"embeddable":true,"href":"https:\/\/latecordoba.com\/index.php\/wp-json\/wp\/v2\/users\/1"}],"replies":[{"embeddable":true,"href":"https:\/\/latecordoba.com\/index.php\/wp-json\/wp\/v2\/comments?post=18256"}],"version-history":[{"count":0,"href":"https:\/\/latecordoba.com\/index.php\/wp-json\/wp\/v2\/posts\/18256\/revisions"}],"wp:featuredmedia":[{"embeddable":true,"href":"https:\/\/latecordoba.com\/index.php\/wp-json\/wp\/v2\/media\/18257"}],"wp:attachment":[{"href":"https:\/\/latecordoba.com\/index.php\/wp-json\/wp\/v2\/media?parent=18256"}],"wp:term":[{"taxonomy":"category","embeddable":true,"href":"https:\/\/latecordoba.com\/index.php\/wp-json\/wp\/v2\/categories?post=18256"},{"taxonomy":"post_tag","embeddable":true,"href":"https:\/\/latecordoba.com\/index.php\/wp-json\/wp\/v2\/tags?post=18256"}],"curies":[{"name":"wp","href":"https:\/\/api.w.org\/{rel}","templated":true}]}}