{"id":18254,"date":"2023-11-17T01:55:11","date_gmt":"2023-11-17T01:55:11","guid":{"rendered":"https:\/\/viapais.com.ar\/cordoba\/video-la-emocion-en-el-abrazo-del-cordobes-pablo-aimar-con-marcelo-bielsa\/"},"modified":"2023-11-17T01:55:11","modified_gmt":"2023-11-17T01:55:11","slug":"video-la-emocion-en-el-abrazo-del-cordobes-pablo-aimar-con-marcelo-bielsa","status":"publish","type":"post","link":"https:\/\/latecordoba.com\/index.php\/2023\/11\/17\/video-la-emocion-en-el-abrazo-del-cordobes-pablo-aimar-con-marcelo-bielsa\/","title":{"rendered":"Video: la emoci\u00f3n en el abrazo del cordob\u00e9s Pablo Aimar con Marcelo Bielsa"},"content":{"rendered":"<br \/>\n<section readability=\"28.49737914968\">\n<p><b>La<\/b><a href=\"https:\/\/viapais.com.ar\/rosario\/angel-di-maria-se-acerca-al-ultimo-partido-en-argentina-con-la-camiseta-de-la-seleccion\/\" target=\"_blank\" rel=\"noopener\"><b> Selecci\u00f3n argentina<\/b><\/a><b> disput\u00f3 la<\/b><a href=\"https:\/\/viapais.com.ar\/deportes\/argentina-recibe-a-uruguay-en-la-bombonera-todo-lo-que-hay-que-saber\/\" target=\"_blank\" rel=\"noopener\"><b> quinta fecha de eliminatorias<\/b> <\/a>Sudamericanas para el Mundial 2026, ante su similar de <b>Uruguay<\/b>, dirigido por<a href=\"https:\/\/viapais.com.ar\/deportes\/scaloni-elogio-a-bielsa-en-la-previa-al-partido-con-uruguay-ha-marcado-una-trayectoria-en-el-futbol-argentino-y-mundial\/\" target=\"_blank\" rel=\"noopener\"> <b>Marcelo Bielsa.<\/b> <\/a>Y el Loco no pas\u00f3 inadvertido en la Bombonera, por ejemplo en el emocionado abrazo con <a href=\"https:\/\/viapais.com.ar\/cordoba\/el-mas-codiciado-pablo-aimar-hablo-del-viral-confirmo-su-solteria-y-los-memes-estallaron-en-redes\/\" target=\"_blank\" rel=\"noopener\"><b>Pablo Aimar.<\/b><\/a><\/p>\n<article class=\"article card \">\n<div class=\"article-inner \">\n<div class=\"article-image \"><a href=\"https:\/\/viapais.com.ar\/cordoba\/lionel-scaloni-revelo-que-particular-aspecto-comparte-con-pablo-aimar-previo-a-un-partido-somos-los-que\/\" title=\"Scaloni y Aimar\"><\/p>\n<figure><picture><img alt=\"Scaloni y Aimar\" class=\" block \" src=\"http:\/\/latecordoba.com\/wp-content\/uploads\/2023\/11\/video-la-emocion-en-el-abrazo-del-cordobes-pablo-aimar-con-marcelo-bielsa.jpg\" sizes=\"auto\" loading=\"lazy\" data-src=\"http:\/\/latecordoba.com\/wp-content\/uploads\/2023\/11\/video-la-emocion-en-el-abrazo-del-cordobes-pablo-aimar-con-marcelo-bielsa.jpg\" width=\"307px\" fetchpriority=\"low\" decoding=\"async\" height=\"173px\"><\/picture><\/figure>\n<p><\/a><\/div>\n<\/div>\n<\/article>\n<p><b>El riocuartense fue dirigido por Bielsa <\/b>en el proceso al frente de la Selecci\u00f3n, que lleg\u00f3 hasta el Mundial<b> 2002, con un rotundo fracaso al quedar eliminados en primera ronda<\/b>. De todos modos, Bielsa sigue siendo de los t\u00e9cnicos <b>m\u00e1s influyentes de los \u00faltimos 30 a\u00f1os del f\u00fatbol argentino. <\/b>Y se not\u00f3 en el saludo de sus ex dirigidos, y en aplausos que bajaron desde las tribunas del estadio de Boca.<\/p>\n<article class=\"article card \">\n<div class=\"article-inner \">\n<div class=\"article-image \"><a href=\"https:\/\/viapais.com.ar\/cordoba\/tras-la-viralizacion-de-buenasss-una-poesia-pablo-aimar-rompio-el-silencio\/\" title=\"Scaloni Aimar\"><\/p>\n<figure><picture><img alt=\"Scaloni Aimar\" class=\" block \" src=\"http:\/\/latecordoba.com\/wp-content\/uploads\/2023\/11\/video-la-emocion-en-el-abrazo-del-cordobes-pablo-aimar-con-marcelo-bielsa-1.jpg\" sizes=\"auto\" loading=\"lazy\" data-src=\"http:\/\/latecordoba.com\/wp-content\/uploads\/2023\/11\/video-la-emocion-en-el-abrazo-del-cordobes-pablo-aimar-con-marcelo-bielsa-1.jpg\" width=\"307px\" fetchpriority=\"low\" decoding=\"async\" height=\"173px\"><\/picture><\/figure>\n<p><\/a><\/div>\n<\/div>\n<\/article>\n<p><b>\u201cAmigo m\u00edo, te veo triunfar, me alegro mucho\u201d, <\/b>le dijo Bielsa al cordob\u00e9s ex River. Sabida es la admiraci\u00f3n que<b> Aimar, principar colaborador de Lionel Scaloni,<\/b> le profesa a Bielsa. <\/p>\n<h2 class><b>PABLO AIMAR, TAMBI\u00c9N CON JUAN ROM\u00c1N RIQUELME<\/b><\/h2>\n<p>En al previa del cotejo entre Argentina y Uruguay tambi\u00e9n hubo para un encuentro en el campo de juego de <b>Juan Rom\u00e1n Riquelme, vicepresidente de Boca <\/b>y quien encabezar\u00e1 la lista para las elecciones de diciembre, con <b>Pablo Aimar y Walter Samuel<\/b>, integrantes del cuerpo t\u00e9cnico de la Selecci\u00f3n.<\/p>\n<figure><picture><img alt=\"Entrenamiento selecci\u00f3n Argentina (Telam)\" class=\" block \" src=\"http:\/\/latecordoba.com\/wp-content\/uploads\/2023\/11\/video-la-emocion-en-el-abrazo-del-cordobes-pablo-aimar-con-marcelo-bielsa-2.jpg\" sizes=\"auto\" loading=\"lazy\" data-src=\"http:\/\/latecordoba.com\/wp-content\/uploads\/2023\/11\/video-la-emocion-en-el-abrazo-del-cordobes-pablo-aimar-con-marcelo-bielsa-2.jpg\" width=\"1023px\" fetchpriority=\"low\" decoding=\"async\" height=\"682px\"><\/picture><figcaption class>Entrenamiento selecci\u00f3n Argentina (Telam) Foto: telam<\/figcaption><\/figure>\n<p>Amistad fraguada desde tiempos de seleccionados juveniles, <b>campeones del mundo de la mano de Jos\u00e9 Perkerman en el Mundial Sub 20 de Malasia 1997.<\/b><\/p>\n<\/section>\n<div class=\"noreadme-audima\">\n<h2>Temas Relacionados<\/h2>\n<\/div>\n","protected":false},"excerpt":{"rendered":"<p>La Selecci\u00f3n argentina disput\u00f3 la quinta fecha de eliminatorias Sudamericanas para el Mundial 2026, ante su similar de Uruguay, dirigido por Marcelo Bielsa. Y el Loco no pas\u00f3 inadvertido en la Bombonera, por ejemplo en el emocionado abrazo con Pablo Aimar. El riocuartense fue dirigido por Bielsa en el proceso al frente de la Selecci\u00f3n, [&hellip;]<\/p>\n","protected":false},"author":1,"featured_media":18255,"comment_status":"closed","ping_status":"closed","sticky":false,"template":"","format":"standard","meta":[],"categories":[15],"tags":[],"_links":{"self":[{"href":"https:\/\/latecordoba.com\/index.php\/wp-json\/wp\/v2\/posts\/18254"}],"collection":[{"href":"https:\/\/latecordoba.com\/index.php\/wp-json\/wp\/v2\/posts"}],"about":[{"href":"https:\/\/latecordoba.com\/index.php\/wp-json\/wp\/v2\/types\/post"}],"author":[{"embeddable":true,"href":"https:\/\/latecordoba.com\/index.php\/wp-json\/wp\/v2\/users\/1"}],"replies":[{"embeddable":true,"href":"https:\/\/latecordoba.com\/index.php\/wp-json\/wp\/v2\/comments?post=18254"}],"version-history":[{"count":0,"href":"https:\/\/latecordoba.com\/index.php\/wp-json\/wp\/v2\/posts\/18254\/revisions"}],"wp:featuredmedia":[{"embeddable":true,"href":"https:\/\/latecordoba.com\/index.php\/wp-json\/wp\/v2\/media\/18255"}],"wp:attachment":[{"href":"https:\/\/latecordoba.com\/index.php\/wp-json\/wp\/v2\/media?parent=18254"}],"wp:term":[{"taxonomy":"category","embeddable":true,"href":"https:\/\/latecordoba.com\/index.php\/wp-json\/wp\/v2\/categories?post=18254"},{"taxonomy":"post_tag","embeddable":true,"href":"https:\/\/latecordoba.com\/index.php\/wp-json\/wp\/v2\/tags?post=18254"}],"curies":[{"name":"wp","href":"https:\/\/api.w.org\/{rel}","templated":true}]}}