{"id":17670,"date":"2023-10-11T02:18:11","date_gmt":"2023-10-11T02:18:11","guid":{"rendered":"https:\/\/viapais.com.ar\/cordoba\/continua-la-lucha-contra-el-fuego-en-punilla-un-70-del-incendio-esta-contenido\/"},"modified":"2023-10-11T02:18:11","modified_gmt":"2023-10-11T02:18:11","slug":"continua-la-lucha-contra-el-fuego-en-punilla-un-70-del-incendio-esta-contenido","status":"publish","type":"post","link":"https:\/\/latecordoba.com\/index.php\/2023\/10\/11\/continua-la-lucha-contra-el-fuego-en-punilla-un-70-del-incendio-esta-contenido\/","title":{"rendered":"Contin\u00faa la lucha contra el fuego en Punilla: \u201cUn 70% del incendio est\u00e1 contenido\u201d"},"content":{"rendered":"<br \/>\n<section readability=\"32.364606741573\">\n<p>A\u00fan<b> se mantienen activos varios focos de <\/b><a href=\"https:\/\/viapais.com.ar\/cordoba\/bomberos-trabajan-en-dos-focos-de-incendio-en-cordoba-ya-hay-evacuados-en-algunas-zonas\/\" target=\"_blank\" rel=\"noopener\"><b>incendios<\/b> <\/a>en las Sierras de C\u00f3rdoba. Uno de ellos es en <b>Punilla<\/b>, y que <b>se complic\u00f3 debido a la rotaci\u00f3n del viento<\/b>. El fuego se dirige a la zona de las <b>400 viviendas<\/b>, un sector ampliamente poblado en <a href=\"https:\/\/viapais.com.ar\/carlos-paz\/el-fuego-azota-en-carlos-paz-y-la-rotacion-del-viento-complico-la-situacion\/\" target=\"_blank\" rel=\"noopener\">Villa Carlos Paz<\/a>.<\/p>\n<article class=\"article card videoCard \">\n<div class=\"article-inner \">\n<div class=\"article-image \"><a href=\"https:\/\/viapais.com.ar\/cordoba\/impactante-video-del-incendio-en-cordoba-desde-un-drone-asi-se-ven-las-voraces-llamas-de-punilla\/\" title=\"Desde el aire. As\u00ed se ve el incendio en Carlos Paz.\"><\/p>\n<figure><picture><img alt=\"Desde el aire. As\u00ed se ve el incendio en Carlos Paz.\" class=\" block \" src=\"http:\/\/latecordoba.com\/wp-content\/uploads\/2023\/10\/continua-la-lucha-contra-el-fuego-en-punilla-un-70-del-incendio-esta-contenido.jpg\" sizes=\"auto\" loading=\"lazy\" data-src=\"http:\/\/latecordoba.com\/wp-content\/uploads\/2023\/10\/continua-la-lucha-contra-el-fuego-en-punilla-un-70-del-incendio-esta-contenido.jpg\" width=\"307px\" fetchpriority=\"low\" decoding=\"async\" height=\"173px\"><\/picture><\/figure>\n<p><\/a><\/div>\n<\/div>\n<\/article>\n<p><b>Claudio Vignetta<\/b>, secretario de Gesti\u00f3n de Riesgo Clim\u00e1tico y Cat\u00e1strofes de la Provincia, explic\u00f3 en di\u00e1logo con <i>El Doce<\/i> que <b>el incendio \u201ces otro, con viento sur\u201d<\/b>. \u201cEntr\u00f3 un viento sur muy intenso y <b>puso en riesgo las interfases de la zona de las 400 viviendas<\/b>. Podemos decir que se logr\u00f3 contener r\u00e1pidamente\u201d, sostuvo Vignetta.<\/p>\n<h2 class><b>INCENDIO EN PUNILLA: LOCALIZARON LA CABEZA DEL FUEGO<\/b><\/h2>\n<p>El funcionario explic\u00f3 que <b>tienen ubicada la cabeza del frente de fuego<\/b>, y que se encontrar\u00eda en Cabalango. \u201c<b>Est\u00e1 contenido un 70 por ciento<\/b>, con actividad en Cabalango. Los bomberos est\u00e1n haciendo un gran esfuerzo para contenerlo,<b> lo est\u00e1n esperando en la ruta para detenerlo<\/b>\u201d, adelant\u00f3 Vignetta.<\/p>\n<article class=\"article card \">\n<div class=\"article-inner \">\n<div class=\"article-image \"><a href=\"https:\/\/viapais.com.ar\/cordoba\/localidades-de-cordoba-ya-registran-lluvias-llegan-las-precipitaciones-a-la-zona-de-incendios\/\" title=\"NUBLADO. El domingo se presenta con nubosidad variable y fresco en la ciudad de C\u00f3rdoba (Javier Cort\u00e9z \/ Archivo).\"><\/p>\n<figure><picture><img alt=\"NUBLADO. El domingo se presenta con nubosidad variable y fresco en la ciudad de C\u00f3rdoba (Javier Cort\u00e9z \/ Archivo).\" class=\" block \" src=\"http:\/\/latecordoba.com\/wp-content\/uploads\/2023\/10\/continua-la-lucha-contra-el-fuego-en-punilla-un-70-del-incendio-esta-contenido-1.jpg\" sizes=\"auto\" loading=\"lazy\" data-src=\"http:\/\/latecordoba.com\/wp-content\/uploads\/2023\/10\/continua-la-lucha-contra-el-fuego-en-punilla-un-70-del-incendio-esta-contenido-1.jpg\" width=\"307px\" fetchpriority=\"low\" decoding=\"async\" height=\"173px\"><\/picture><\/figure>\n<p><\/a><\/div>\n<\/div>\n<\/article>\n<p>Asimismo, coment\u00f3 que <b>la situaci\u00f3n mejorar\u00e1 en las pr\u00f3ximas horas<\/b> debido al ingreso de un <b>frente fr\u00edo<\/b> que ayudar\u00e1 a que el fuego no se sigue propagando. \u201cTrajimos <b>refuerzos de polic\u00edas de la Provincia<\/b> para garantizar la seguridad de los vecinos\u201d, agreg\u00f3.<\/p>\n<h2 class><b>LA NACI\u00d3N ENVI\u00d3 AYUDA A C\u00d3RDOBA<\/b><\/h2>\n<p>Vignetta coment\u00f3 que <b>desde el Gobierno nacional enviaron tres aviones hidrantes y un helic\u00f3ptero<\/b> para ayudar a contener los incendios en la provincia. \u201c<b>La Naci\u00f3n estuvo presente desde el primer momento<\/b>. Est\u00e1n a disposici\u00f3n pero, <b>por ahora tenemos los recursos suficientes<\/b> para pasar este momento\u201d, cerr\u00f3.<\/p>\n<\/section>\n<div class=\"noreadme-audima\">\n<h2>Temas Relacionados<\/h2>\n<\/div>\n","protected":false},"excerpt":{"rendered":"<p>A\u00fan se mantienen activos varios focos de incendios en las Sierras de C\u00f3rdoba. Uno de ellos es en Punilla, y que se complic\u00f3 debido a la rotaci\u00f3n del viento. El fuego se dirige a la zona de las 400 viviendas, un sector ampliamente poblado en Villa Carlos Paz. Claudio Vignetta, secretario de Gesti\u00f3n de Riesgo [&hellip;]<\/p>\n","protected":false},"author":1,"featured_media":17671,"comment_status":"closed","ping_status":"closed","sticky":false,"template":"","format":"standard","meta":[],"categories":[15],"tags":[],"_links":{"self":[{"href":"https:\/\/latecordoba.com\/index.php\/wp-json\/wp\/v2\/posts\/17670"}],"collection":[{"href":"https:\/\/latecordoba.com\/index.php\/wp-json\/wp\/v2\/posts"}],"about":[{"href":"https:\/\/latecordoba.com\/index.php\/wp-json\/wp\/v2\/types\/post"}],"author":[{"embeddable":true,"href":"https:\/\/latecordoba.com\/index.php\/wp-json\/wp\/v2\/users\/1"}],"replies":[{"embeddable":true,"href":"https:\/\/latecordoba.com\/index.php\/wp-json\/wp\/v2\/comments?post=17670"}],"version-history":[{"count":0,"href":"https:\/\/latecordoba.com\/index.php\/wp-json\/wp\/v2\/posts\/17670\/revisions"}],"wp:featuredmedia":[{"embeddable":true,"href":"https:\/\/latecordoba.com\/index.php\/wp-json\/wp\/v2\/media\/17671"}],"wp:attachment":[{"href":"https:\/\/latecordoba.com\/index.php\/wp-json\/wp\/v2\/media?parent=17670"}],"wp:term":[{"taxonomy":"category","embeddable":true,"href":"https:\/\/latecordoba.com\/index.php\/wp-json\/wp\/v2\/categories?post=17670"},{"taxonomy":"post_tag","embeddable":true,"href":"https:\/\/latecordoba.com\/index.php\/wp-json\/wp\/v2\/tags?post=17670"}],"curies":[{"name":"wp","href":"https:\/\/api.w.org\/{rel}","templated":true}]}}